{"id":225324,"date":"2023-07-06T18:44:00","date_gmt":"2023-07-06T23:44:00","guid":{"rendered":"http:\/\/vertienteglobal.com\/?p=225324"},"modified":"2023-07-07T12:48:15","modified_gmt":"2023-07-07T17:48:15","slug":"sede-y-nafin-capacitan-en-negocios-a-comunidades-mayas","status":"publish","type":"post","link":"http:\/\/vertienteglobal.com\/?p=225324","title":{"rendered":"SEDE y NAFIN capacitan en negocios a comunidades mayas"},"content":{"rendered":"\n<div class=\"twitterbutton\" style=\"float: right; padding-left: 5px;\"><a href=\"http:\/\/twitter.com\/share\" class=\"twitter-share-button\" data-count=\"horizontal\" data-text=\"SEDE y NAFIN capacitan en negocios a comunidades mayas\" data-via=\"https:\/\/twitter.com\/VertienteGloba1\" data-url=\"http:\/\/vertienteglobal.com\/?p=225324\" data-lang=\"es\" data-related=\"Informaci\u00f3n general:S\u00edguenos para que est\u00e9ss informado\"><\/a><\/div>\n<figure class=\"wp-block-image size-full\"><img loading=\"lazy\" decoding=\"async\" width=\"585\" height=\"439\" src=\"http:\/\/vertienteglobal.com\/wp-content\/uploads\/2023\/07\/SEDE01-585x439-1.jpg\" alt=\"\" class=\"wp-image-225325\" srcset=\"http:\/\/vertienteglobal.com\/wp-content\/uploads\/2023\/07\/SEDE01-585x439-1.jpg 585w, http:\/\/vertienteglobal.com\/wp-content\/uploads\/2023\/07\/SEDE01-585x439-1-300x225.jpg 300w, http:\/\/vertienteglobal.com\/wp-content\/uploads\/2023\/07\/SEDE01-585x439-1-150x113.jpg 150w\" sizes=\"auto, (max-width: 585px) 100vw, 585px\" \/><\/figure>\n\n\n\n<p>(Redacci\u00f3n)<\/p>\n\n\n\n<p>Se capacitan en lengua maya a trav\u00e9s del Programa de Capacitaci\u00f3n en Gesti\u00f3n de Negocios e Inclusi\u00f3n Financiera<\/p>\n\n\n\n<p>Localidad Se\u00f1or, Felipe Carrillo Puerto,  Quintana Roo 96 de julio 2023.- El Gobierno del Estado que encabeza Mara Lezama Espinosa a trav\u00e9s de la Secretar\u00eda de Desarrollo Econ\u00f3mico (SEDE) y en alianza estrat\u00e9gica con la Banca de Desarrollo Nacional Financiera (NAFIN), realizan el Programa de Capacitaci\u00f3n en Gesti\u00f3n de Negocios e Inclusi\u00f3n Financiera para Hablantes de Lenguas Originarias.<\/p>\n\n\n\n<p>El programa dio inicio el 3 de julio en la comunidad del Se\u00f1or, municipio de Felipe Carrillo Puerto y est\u00e1 dirigido a emprendedoras y emprendedores, productores, artesanos y empresarios de la regi\u00f3n. Las capacitaciones son impartidas en lengua maya.<\/p>\n\n\n\n<p>La secretaria de Desarrollo Econ\u00f3mico, Karla Almanza L\u00f3pez explic\u00f3 que el objetivo es ofrecer un programa de capacitaci\u00f3n para los hablantes de lenguas originarias, enfocado en la mejora de sus habilidades de gesti\u00f3n y finanzas personales a fin de crear mejores condiciones de prosperidad para sus familias, como lo establece el Nuevo Acuerdo por el Bienestar y Desarrollo de Quintana Roo.<\/p>\n\n\n\n<p>Las capacitaciones incluyen temas como Pasos para iniciar mi negocio, Mi negocio sirve a mi comunidad, Vender m\u00e1s y con mejores ganancias, El control financiero del negocio es \u00fatil y sencillo, entre otros.<\/p>\n\n\n\n<p>Las actividades contin\u00faan en la comunidad de X-Pichil del municipio de Felipe Carrillo Puerto y en la Universidad Intercultural Maya ubicada en la cabecera municipal de Jos\u00e9 Mar\u00eda Morelos los d\u00edas 7 y 8 de julio.<\/p>\n\n\n\n<p>De esta manera, el Gobierno del Estado de Quintana Roo, busca que los emprendimientos locales se vuelvan m\u00e1s sostenibles a largo plazo y se conviertan en fuentes s\u00f3lidas perdurables de ingresos, que contribuyan al desarrollo econ\u00f3mico del Estado.<\/p>\n","protected":false},"excerpt":{"rendered":"<p>(Redacci\u00f3n) Se capacitan en lengua maya a trav\u00e9s del Programa de Capacitaci\u00f3n en Gesti\u00f3n de Negocios e Inclusi\u00f3n Financiera Localidad Se\u00f1or, Felipe Carrillo Puerto, Quintana Roo 96 de julio 2023.- El Gobierno del Estado que encabeza Mara Lezama Espinosa a trav\u00e9s de la Secretar\u00eda de Desarrollo Econ\u00f3mico (SEDE) y en alianza estrat\u00e9gica con la Banca [&hellip;]<\/p>\n","protected":false},"author":1,"featured_media":225325,"comment_status":"open","ping_status":"open","sticky":false,"template":"","format":"standard","meta":{"footnotes":""},"categories":[3],"tags":[],"class_list":["post-225324","post","type-post","status-publish","format-standard","has-post-thumbnail","hentry","category-quintana-roo","entry","has-media"],"jetpack_featured_media_url":"http:\/\/vertienteglobal.com\/wp-content\/uploads\/2023\/07\/SEDE01-585x439-1.jpg","_links":{"self":[{"href":"http:\/\/vertienteglobal.com\/index.php?rest_route=\/wp\/v2\/posts\/225324","targetHints":{"allow":["GET"]}}],"collection":[{"href":"http:\/\/vertienteglobal.com\/index.php?rest_route=\/wp\/v2\/posts"}],"about":[{"href":"http:\/\/vertienteglobal.com\/index.php?rest_route=\/wp\/v2\/types\/post"}],"author":[{"embeddable":true,"href":"http:\/\/vertienteglobal.com\/index.php?rest_route=\/wp\/v2\/users\/1"}],"replies":[{"embeddable":true,"href":"http:\/\/vertienteglobal.com\/index.php?rest_route=%2Fwp%2Fv2%2Fcomments&post=225324"}],"version-history":[{"count":0,"href":"http:\/\/vertienteglobal.com\/index.php?rest_route=\/wp\/v2\/posts\/225324\/revisions"}],"wp:featuredmedia":[{"embeddable":true,"href":"http:\/\/vertienteglobal.com\/index.php?rest_route=\/wp\/v2\/media\/225325"}],"wp:attachment":[{"href":"http:\/\/vertienteglobal.com\/index.php?rest_route=%2Fwp%2Fv2%2Fmedia&parent=225324"}],"wp:term":[{"taxonomy":"category","embeddable":true,"href":"http:\/\/vertienteglobal.com\/index.php?rest_route=%2Fwp%2Fv2%2Fcategories&post=225324"},{"taxonomy":"post_tag","embeddable":true,"href":"http:\/\/vertienteglobal.com\/index.php?rest_route=%2Fwp%2Fv2%2Ftags&post=225324"}],"curies":[{"name":"wp","href":"https:\/\/api.w.org\/{rel}","templated":true}]}}