{"id":225185,"date":"2023-07-04T21:39:00","date_gmt":"2023-07-05T02:39:00","guid":{"rendered":"http:\/\/vertienteglobal.com\/?p=225185"},"modified":"2023-07-04T21:40:34","modified_gmt":"2023-07-05T02:40:34","slug":"sigamos-construyendo-el-futuro-de-la-patria-en-monterrey-nuevo-leon-claudia-sheinbaum-destaca-la-ciencia-la-tecnologia-y-la-educacion-como-fundamentales-en-la-transformacion","status":"publish","type":"post","link":"http:\/\/vertienteglobal.com\/?p=225185","title":{"rendered":"\u00abSigamos construyendo el futuro de la Patria\u00bb: En Monterrey, Nuevo Le\u00f3n, Claudia Sheinbaum destaca la Ciencia, la Tecnolog\u00eda y la Educaci\u00f3n como fundamentales en la Transformaci\u00f3n"},"content":{"rendered":"\n<div class=\"twitterbutton\" style=\"float: right; padding-left: 5px;\"><a href=\"http:\/\/twitter.com\/share\" class=\"twitter-share-button\" data-count=\"horizontal\" data-text=\"\u00abSigamos construyendo el futuro de la Patria\u00bb: En Monterrey, Nuevo Le\u00f3n, Clau...\" data-via=\"https:\/\/twitter.com\/VertienteGloba1\" data-url=\"http:\/\/vertienteglobal.com\/?p=225185\" data-lang=\"es\" data-related=\"Informaci\u00f3n general:S\u00edguenos para que est\u00e9ss informado\"><\/a><\/div>\n<figure class=\"wp-block-image size-full\"><img loading=\"lazy\" decoding=\"async\" width=\"692\" height=\"360\" src=\"http:\/\/vertienteglobal.com\/wp-content\/uploads\/2023\/07\/WhatsApp-Image-2023-07-04-at-5.06.35-PM-692x360-1.jpeg\" alt=\"\" class=\"wp-image-225186\" srcset=\"http:\/\/vertienteglobal.com\/wp-content\/uploads\/2023\/07\/WhatsApp-Image-2023-07-04-at-5.06.35-PM-692x360-1.jpeg 692w, http:\/\/vertienteglobal.com\/wp-content\/uploads\/2023\/07\/WhatsApp-Image-2023-07-04-at-5.06.35-PM-692x360-1-300x156.jpeg 300w, http:\/\/vertienteglobal.com\/wp-content\/uploads\/2023\/07\/WhatsApp-Image-2023-07-04-at-5.06.35-PM-692x360-1-150x78.jpeg 150w\" sizes=\"auto, (max-width: 692px) 100vw, 692px\" \/><\/figure>\n\n\n\n<p>(Redacci\u00f3n)<\/p>\n\n\n\n<p>Medio ambiente, inteligencia artificial, energ\u00edas renovables, inversi\u00f3n en investigaci\u00f3n, preparaci\u00f3n acad\u00e9mica, soberan\u00eda nacional y ciencia con conciencia fueron los temas del Foro Nacional \u2019\u2019Ciencia y Tecnolog\u00eda en M\u00e9xico\u2019\u2019 realizado en la UANL<\/p>\n\n\n\n<p>Previo a su participaci\u00f3n en el foro con acad\u00e9micos, cient\u00edficos e investigadores Claudia Sheinbaum recibi\u00f3 el apoyo de la comunidad universitaria por parte del rector Santos Guzm\u00e1n L\u00f3pez quien le obsequi\u00f3 la playera del Club Tigres<\/p>\n\n\n\n<p>Monterrey, Nuevo Le\u00f3n, 04 de julio 2023.- \u2019\u2019La iniciativa privada tiene que invertir m\u00e1s en ciencia y tecnolog\u00eda en nuestro pa\u00eds\u2019\u2019, puntualiz\u00f3 Claudia Sheinbaum Pardo como una de las estrategias m\u00e1s importantes para garantizar la *construcci\u00f3n de un futuro con bienestar social para la patria, pero en especial para los mexicanos y mexicanas que han sufrido las grandes desigualdades.<\/p>\n\n\n\n<p>Al respecto, se\u00f1al\u00f3 que la inversi\u00f3n debe estar focalizada en la construcci\u00f3n de m\u00e1s espacios para la formaci\u00f3n de nuevos cient\u00edficos, acad\u00e9micos e investigadores, pues destac\u00f3 que por a\u00f1os, durante gobiernos pasados, la educaci\u00f3n, as\u00ed como otros grandes derechos fueron privatizados y dirigidos \u00fanicamente a aquellos sectores de la sociedad con privilegios.<\/p>\n\n\n\n<p>\u2018\u2019Lo m\u00e1s importante en nuestro pa\u00eds es erradicar las pobreza, las profundas desigualdades y hacer un M\u00e9xico con justicia, pero eso en mi perspectiva, tambi\u00e9n lleva a lo que yo llamo la construcci\u00f3n de los grandes derechos del pueblo de M\u00e9xico\u2019\u2019, coment\u00f3 en su intervenci\u00f3n durante el Foro Nacional \u201cCiencia y Tecnolog\u00eda en M\u00e9xico\u201d realizado en la Universidad Aut\u00f3noma de Nuevo Le\u00f3n (UANL) y en el que participaron destacados investigadores y acad\u00e9micos de distintas instituciones de educaci\u00f3n media superior y superior de la entidad y el pa\u00eds.<\/p>\n\n\n\n<p>Sheinbaum Pardo ejemplific\u00f3 la importancia de lograr que las y los j\u00f3venes puedan tener acceso a un mejor futuro como un factor de desarrollo de las naciones, con algunas de las acciones implementadas en su administraci\u00f3n como Jefa de Gobierno de la Ciudad de M\u00e9xico, en donde impuls\u00f3 la creaci\u00f3n de dos nuevas universidades: la Universidad \u201cRosario Castellanos\u201d y la Universidad de la Salud en donde hoy en d\u00eda estudian 40 mil j\u00f3venes que se preparan profesionalmente en diferentes \u00e1reas de la ciencia, de la salud y de las humanidades.<\/p>\n\n\n\n<p>\u2018\u2019M\u00e9xico no solo necesita astr\u00f3nomos, ingenieros, ingenieras, m\u00e9dicos, sino tambi\u00e9n queremos historiadores que sigan reflexionando sobre la historia nacional, necesitamos el desarrollo de las grandes humanidades, de la literatura, de las artes y para ello la inversi\u00f3n es fundamental para el desarrollo nacional\u2019\u2019, a\u00f1adi\u00f3.<\/p>\n\n\n\n<p>Tambi\u00e9n destac\u00f3 estrategias como la creaci\u00f3n de la Red ECOs, un grupo interinstitucional cuyo objetivo es generar investigaci\u00f3n e innovaci\u00f3n cient\u00edfica a favor del bienestar social, as\u00ed como la construcci\u00f3n de 300 PILARES, centros comunitarios para el desarrollo educativo, deportivo, cultural y autonom\u00eda econ\u00f3mica donde se imparten talleres, actividades y cursos gratuitos.<\/p>\n\n\n\n<p>Durante el di\u00e1logo, el Dr. Francisco Javier Gorj\u00f3n G\u00f3mez, de la Universidad Aut\u00f3noma de Nuevo Le\u00f3n, coment\u00f3 que la inversi\u00f3n en la formaci\u00f3n de nuevas generaciones de cient\u00edficos es indispensable en el pa\u00eds y asever\u00f3 que Claudia Sheinbaum \u2018\u2019es una persona que sabe de academia, con una gran trayectoria investigativa\u2026 sabemos que usted es una mujer con apertura y visi\u00f3n de estado y de futuro\u2019\u2019.<\/p>\n\n\n\n<p>El rector de la UANL, Santos Guzm\u00e1n L\u00f3pez, dio la bienvenida a la coordinadora de la Defensa de la Transformaci\u00f3n y destac\u00f3 la relevancia de dialogar sobre el papel de la ciencia, la investigaci\u00f3n y el desarrollo tecnol\u00f3gico como factores indispensables para el progreso de la sociedad y el pa\u00eds.<\/p>\n\n\n\n<p>Mientras tanto, el Dr. Miguel \u00c1ngel Ochoa, del Instituto Tecnol\u00f3gico Nacional de M\u00e9xico destac\u00f3 que el trabajo colaborativo entre cient\u00edficos y acad\u00e9micos en diferentes materias es fundamental en el camino hac\u00eda el futuro, \u2018\u2019la ciencia es la mayor empresa colectiva de la humanidad \u2026 Dra. Claudia, usted sabe que el pa\u00eds tiene las expectativas muy altas en el desarrollo de la ciencia y estoy seguro que la comunidad acad\u00e9mica y los mexicanos no la defraudaremos\u2019\u2019.<\/p>\n\n\n\n<p>La Dra. Mar\u00eda Elena Ramos Tovar de la Universidad Aut\u00f3noma de Nuevo Le\u00f3n, subray\u00f3 que la soberan\u00eda nacional no puede concebirse sin la inversi\u00f3n en ciencia, \u2018\u2019es crucial que el Estado promueva la investigaci\u00f3n cient\u00edfica independiente, basada en evidencia y libre de influencias indebidas \u2026 la ciencia potencia la soberan\u00eda de un Estado, la ciencia y la soberan\u00eda est\u00e1n intercomunicadas\u2019\u2019.<\/p>\n\n\n\n<p>A su vez, el Dr. Guillermo Torre, titular del Instituto Tecnol\u00f3gico y de Estudios Superiores de Monterrey, resalt\u00f3 que la inversi\u00f3n en la formaci\u00f3n de nuevos cient\u00edficos y acad\u00e9micos resulta indispensable para que las naciones est\u00e9n preparadas ante las problem\u00e1ticas globales.<\/p>\n\n\n\n<p>En el coloquio tambi\u00e9n participaron representantes nacionales de instituciones acad\u00e9micas como la Dra. Irma Ruiz Rodr\u00edguez de Chihuahua, quien se\u00f1al\u00f3 que hoy en d\u00eda es esencial tener como prioridad el involucramiento de la ciencia en el dise\u00f1o de pol\u00edticas p\u00fablicas con sentido de justicia social, \u2018\u2019sabemos que con usted Doctora Sheinbaum Pardo, luchadora social, mujer ejemplar y con convicciones ser\u00e1 la primera cient\u00edfica que encabece, con sello propio la siguiente etapa de la Transformaci\u00f3n de este pa\u00eds\u2019\u2019.<\/p>\n\n\n\n<p>Por su parte, el Dr. Javier Gonz\u00e1lez Monrroy, representante de Baja California, destac\u00f3 la necesidad de enfatizar en la \u2018\u2019formaci\u00f3n de j\u00f3venes con capacidad critica, acad\u00e9micos e investigadores con convicci\u00f3n social\u2019\u2019; por su parte la Dra. Danisa Magdalena Flores de Sinaloa, destac\u00f3 que es vital que el acad\u00e9mico se involucre en la creaci\u00f3n de m\u00e1s y mejores oportunidades para el pueblo, \u2018\u2019aportando nuestras ideas, nuestros conocimientos y nuestras innovaciones para el desarrollo y el bienestar del pueblo de M\u00e9xico \u2026 hoy tenemos en la Dra. Claudia, el mejor ejemplo de inspiraci\u00f3n para continuar trabajando\u2019\u2019.<\/p>\n\n\n\n<p>Tambi\u00e9n asistieron representantes de instituciones como Pedro Guillermo Mart\u00ednez Hern\u00e1ndez de Sonora; Mario Francisco Jes\u00fas Cepeda de Coahuila; Jimmy de la Hoz Cort\u00e9s de Tamaulipas; Karina Berlanga Res\u00e9ndiz de San Luis Potos\u00ed; y Juan Manuel Cepeda de Zacatecas.<\/p>\n\n\n\n<p>Previo a su encuentro acad\u00e9mico, Claudia Sheinbaum sostuvo una reuni\u00f3n con empresarios neoleoneses con quienes comparti\u00f3 algunas experiencias e ideas en materia de seguridad, digitalizaci\u00f3n e inversi\u00f3n privada durante su gesti\u00f3n como Jefa de Gobierno de la Ciudad de M\u00e9xico, con el objetivo de seguir abriendo espacios libres de corrupci\u00f3n con el sector empresarial a fin de generar m\u00e1s bienestar.<\/p>\n\n\n\n<p>A su llegada a la ciudad de Monterrey, Sheinbaum Pardo fue recibida por grupos de simpatizantes, quienes mostraron su apoyo y afecto con pancartas, bailes, m\u00fasica, aplausos, abrazos y con porras al grito de \u00a1Es un honor, estar con Claudia hoy!<\/p>\n","protected":false},"excerpt":{"rendered":"<p>(Redacci\u00f3n) Medio ambiente, inteligencia artificial, energ\u00edas renovables, inversi\u00f3n en investigaci\u00f3n, preparaci\u00f3n acad\u00e9mica, soberan\u00eda nacional y ciencia con conciencia fueron los temas del Foro Nacional \u2019\u2019Ciencia y Tecnolog\u00eda en M\u00e9xico\u2019\u2019 realizado en la UANL Previo a su participaci\u00f3n en el foro con acad\u00e9micos, cient\u00edficos e investigadores Claudia Sheinbaum recibi\u00f3 el apoyo de la comunidad universitaria por [&hellip;]<\/p>\n","protected":false},"author":1,"featured_media":225186,"comment_status":"open","ping_status":"open","sticky":false,"template":"","format":"standard","meta":{"footnotes":""},"categories":[8],"tags":[],"class_list":["post-225185","post","type-post","status-publish","format-standard","has-post-thumbnail","hentry","category-pais","entry","has-media"],"jetpack_featured_media_url":"http:\/\/vertienteglobal.com\/wp-content\/uploads\/2023\/07\/WhatsApp-Image-2023-07-04-at-5.06.35-PM-692x360-1.jpeg","_links":{"self":[{"href":"http:\/\/vertienteglobal.com\/index.php?rest_route=\/wp\/v2\/posts\/225185","targetHints":{"allow":["GET"]}}],"collection":[{"href":"http:\/\/vertienteglobal.com\/index.php?rest_route=\/wp\/v2\/posts"}],"about":[{"href":"http:\/\/vertienteglobal.com\/index.php?rest_route=\/wp\/v2\/types\/post"}],"author":[{"embeddable":true,"href":"http:\/\/vertienteglobal.com\/index.php?rest_route=\/wp\/v2\/users\/1"}],"replies":[{"embeddable":true,"href":"http:\/\/vertienteglobal.com\/index.php?rest_route=%2Fwp%2Fv2%2Fcomments&post=225185"}],"version-history":[{"count":0,"href":"http:\/\/vertienteglobal.com\/index.php?rest_route=\/wp\/v2\/posts\/225185\/revisions"}],"wp:featuredmedia":[{"embeddable":true,"href":"http:\/\/vertienteglobal.com\/index.php?rest_route=\/wp\/v2\/media\/225186"}],"wp:attachment":[{"href":"http:\/\/vertienteglobal.com\/index.php?rest_route=%2Fwp%2Fv2%2Fmedia&parent=225185"}],"wp:term":[{"taxonomy":"category","embeddable":true,"href":"http:\/\/vertienteglobal.com\/index.php?rest_route=%2Fwp%2Fv2%2Fcategories&post=225185"},{"taxonomy":"post_tag","embeddable":true,"href":"http:\/\/vertienteglobal.com\/index.php?rest_route=%2Fwp%2Fv2%2Ftags&post=225185"}],"curies":[{"name":"wp","href":"https:\/\/api.w.org\/{rel}","templated":true}]}}