{"id":225139,"date":"2023-07-03T20:52:00","date_gmt":"2023-07-04T01:52:00","guid":{"rendered":"http:\/\/vertienteglobal.com\/?p=225139"},"modified":"2023-07-04T20:56:12","modified_gmt":"2023-07-05T01:56:12","slug":"la-transformacion-de-cozumel-requiere-de-la-participacion-de-todos-renan-sanchez-tajonar","status":"publish","type":"post","link":"http:\/\/vertienteglobal.com\/?p=225139","title":{"rendered":"La transformaci\u00f3n de Cozumel requiere de la participaci\u00f3n de todos: Ren\u00e1n S\u00e1nchez Tajonar"},"content":{"rendered":"\n<div class=\"twitterbutton\" style=\"float: right; padding-left: 5px;\"><a href=\"http:\/\/twitter.com\/share\" class=\"twitter-share-button\" data-count=\"horizontal\" data-text=\"La transformaci\u00f3n de Cozumel requiere de la participaci\u00f3n de todos: Ren\u00e1n S\u00e1...\" data-via=\"https:\/\/twitter.com\/VertienteGloba1\" data-url=\"http:\/\/vertienteglobal.com\/?p=225139\" data-lang=\"es\" data-related=\"Informaci\u00f3n general:S\u00edguenos para que est\u00e9ss informado\"><\/a><\/div>\n<figure class=\"wp-block-image size-full\"><img loading=\"lazy\" decoding=\"async\" width=\"720\" height=\"479\" src=\"http:\/\/vertienteglobal.com\/wp-content\/uploads\/2023\/07\/FB_IMG_1688521649912.jpg\" alt=\"\" class=\"wp-image-225140\" srcset=\"http:\/\/vertienteglobal.com\/wp-content\/uploads\/2023\/07\/FB_IMG_1688521649912.jpg 720w, http:\/\/vertienteglobal.com\/wp-content\/uploads\/2023\/07\/FB_IMG_1688521649912-300x200.jpg 300w, http:\/\/vertienteglobal.com\/wp-content\/uploads\/2023\/07\/FB_IMG_1688521649912-150x100.jpg 150w\" sizes=\"auto, (max-width: 720px) 100vw, 720px\" \/><\/figure>\n\n\n\n<p>(Redacci\u00f3n)<\/p>\n\n\n\n<p>El legislador por Cozumel visita la colonia San Miguel para escuchar de primera mano las necesidades de los vecinos y trabajar juntos en la b\u00fasqueda de soluciones<\/p>\n\n\n\n<p>Cozumel, Quintana Roo 03 de julio 2023.-Conforme a su compromiso con la comunidad, el diputado por Cozumel, Ren\u00e1n S\u00e1nchez Tajonar , visit\u00f3 la colonia San Miguel para escuchar de primera mano las necesidades de los vecinos y trabajar juntos en la b\u00fasqueda de soluciones.<\/p>\n\n\n\n<p>Durante el encuentro, los vecinos manifestaron diversos temas, como son mejorar la seguridad en la colonia, fortalecer los servicios m\u00e9dicos e imagen urbana.<\/p>\n\n\n\n<p>En este marco, Ren\u00e1n S\u00e1nchez agradeci\u00f3 a los vecinos participar en este di\u00e1logo de manera franca y abierta, en particular por \u201cbrindarme la oportunidad de reunirme con ustedes para platicar de los temas que m\u00e1s les preocupan y ver c\u00f3mo podemos atenderlos lo m\u00e1s pronto posible\u201d, coment\u00f3.<\/p>\n\n\n\n<p>Adem\u00e1s, inform\u00f3 a los vecinos sobre el trabajo que est\u00e1 haciendo en el Congreso del Estado, como promover iniciativas que atiendan las principales necesidades de los ciudadanos, y dijo que desde su Casa de Gesti\u00f3n, se est\u00e1n impulsando alianzas con diversas instituciones para brindar atenci\u00f3n y apoyo a la comunidad en \u00e1reas como la legal y m\u00e9dica.<\/p>\n\n\n\n<p>Tambi\u00e9n subray\u00f3 su compromiso de desarrollar un trabajo pol\u00edtico diferente, basado en la transformaci\u00f3n de Cozumel y en el compromiso de no dejar solos a los ciudadanos de Cozumel, quienes no est\u00e1n solos, sino que tienen en \u00e9l a un aliado y gestor.<\/p>\n\n\n\n<p>\u201cNo est\u00e1n solos, aqu\u00ed estamos muchos que queremos ayudar a que est\u00e9n bien; por eso estamos aqu\u00ed, hablando de frente. La colonia San Miguel tiene en m\u00ed a un amigo y aliado\u201d, explic\u00f3.<\/p>\n\n\n\n<p>Finalmente, Ren\u00e1n S\u00e1nchez coment\u00f3 que este encuentro con los vecinos de la colonia San Miguel es parte de sus Di\u00e1logos Legislativos que lleva a cabo para llevar la voz del pueblo al Congreso del Estado.<\/p>\n\n\n\n<figure class=\"wp-block-image size-full\"><img loading=\"lazy\" decoding=\"async\" width=\"720\" height=\"479\" src=\"http:\/\/vertienteglobal.com\/wp-content\/uploads\/2023\/07\/FB_IMG_1688521653392.jpg\" alt=\"\" class=\"wp-image-225141\" srcset=\"http:\/\/vertienteglobal.com\/wp-content\/uploads\/2023\/07\/FB_IMG_1688521653392.jpg 720w, http:\/\/vertienteglobal.com\/wp-content\/uploads\/2023\/07\/FB_IMG_1688521653392-300x200.jpg 300w, http:\/\/vertienteglobal.com\/wp-content\/uploads\/2023\/07\/FB_IMG_1688521653392-150x100.jpg 150w\" sizes=\"auto, (max-width: 720px) 100vw, 720px\" \/><\/figure>\n\n\n\n<figure class=\"wp-block-image size-full\"><img loading=\"lazy\" decoding=\"async\" width=\"720\" height=\"479\" src=\"http:\/\/vertienteglobal.com\/wp-content\/uploads\/2023\/07\/FB_IMG_1688521656721.jpg\" alt=\"\" class=\"wp-image-225142\" srcset=\"http:\/\/vertienteglobal.com\/wp-content\/uploads\/2023\/07\/FB_IMG_1688521656721.jpg 720w, http:\/\/vertienteglobal.com\/wp-content\/uploads\/2023\/07\/FB_IMG_1688521656721-300x200.jpg 300w, http:\/\/vertienteglobal.com\/wp-content\/uploads\/2023\/07\/FB_IMG_1688521656721-150x100.jpg 150w\" sizes=\"auto, (max-width: 720px) 100vw, 720px\" \/><\/figure>\n","protected":false},"excerpt":{"rendered":"<p>(Redacci\u00f3n) El legislador por Cozumel visita la colonia San Miguel para escuchar de primera mano las necesidades de los vecinos y trabajar juntos en la b\u00fasqueda de soluciones Cozumel, Quintana Roo 03 de julio 2023.-Conforme a su compromiso con la comunidad, el diputado por Cozumel, Ren\u00e1n S\u00e1nchez Tajonar , visit\u00f3 la colonia San Miguel para [&hellip;]<\/p>\n","protected":false},"author":1,"featured_media":225141,"comment_status":"open","ping_status":"open","sticky":false,"template":"","format":"standard","meta":{"footnotes":""},"categories":[3],"tags":[],"class_list":["post-225139","post","type-post","status-publish","format-standard","has-post-thumbnail","hentry","category-quintana-roo","entry","has-media"],"jetpack_featured_media_url":"http:\/\/vertienteglobal.com\/wp-content\/uploads\/2023\/07\/FB_IMG_1688521653392.jpg","_links":{"self":[{"href":"http:\/\/vertienteglobal.com\/index.php?rest_route=\/wp\/v2\/posts\/225139","targetHints":{"allow":["GET"]}}],"collection":[{"href":"http:\/\/vertienteglobal.com\/index.php?rest_route=\/wp\/v2\/posts"}],"about":[{"href":"http:\/\/vertienteglobal.com\/index.php?rest_route=\/wp\/v2\/types\/post"}],"author":[{"embeddable":true,"href":"http:\/\/vertienteglobal.com\/index.php?rest_route=\/wp\/v2\/users\/1"}],"replies":[{"embeddable":true,"href":"http:\/\/vertienteglobal.com\/index.php?rest_route=%2Fwp%2Fv2%2Fcomments&post=225139"}],"version-history":[{"count":0,"href":"http:\/\/vertienteglobal.com\/index.php?rest_route=\/wp\/v2\/posts\/225139\/revisions"}],"wp:featuredmedia":[{"embeddable":true,"href":"http:\/\/vertienteglobal.com\/index.php?rest_route=\/wp\/v2\/media\/225141"}],"wp:attachment":[{"href":"http:\/\/vertienteglobal.com\/index.php?rest_route=%2Fwp%2Fv2%2Fmedia&parent=225139"}],"wp:term":[{"taxonomy":"category","embeddable":true,"href":"http:\/\/vertienteglobal.com\/index.php?rest_route=%2Fwp%2Fv2%2Fcategories&post=225139"},{"taxonomy":"post_tag","embeddable":true,"href":"http:\/\/vertienteglobal.com\/index.php?rest_route=%2Fwp%2Fv2%2Ftags&post=225139"}],"curies":[{"name":"wp","href":"https:\/\/api.w.org\/{rel}","templated":true}]}}