{"id":225097,"date":"2023-07-04T11:24:00","date_gmt":"2023-07-04T16:24:00","guid":{"rendered":"http:\/\/vertienteglobal.com\/?p=225097"},"modified":"2023-07-04T20:13:52","modified_gmt":"2023-07-05T01:13:52","slug":"tendremos-un-historico-fin-de-semana-en-cancun-ana-paty-peralta","status":"publish","type":"post","link":"http:\/\/vertienteglobal.com\/?p=225097","title":{"rendered":"Tendremos un hist\u00f3rico fin de semana en Canc\u00fan: Ana Paty Peralta"},"content":{"rendered":"\n<div class=\"twitterbutton\" style=\"float: right; padding-left: 5px;\"><a href=\"http:\/\/twitter.com\/share\" class=\"twitter-share-button\" data-count=\"horizontal\" data-text=\"Tendremos un hist\u00f3rico fin de semana en Canc\u00fan: Ana Paty Peralta\" data-via=\"https:\/\/twitter.com\/VertienteGloba1\" data-url=\"http:\/\/vertienteglobal.com\/?p=225097\" data-lang=\"es\" data-related=\"Informaci\u00f3n general:S\u00edguenos para que est\u00e9ss informado\"><\/a><\/div>\n<figure class=\"wp-block-image size-large\"><img loading=\"lazy\" decoding=\"async\" width=\"1024\" height=\"661\" src=\"http:\/\/vertienteglobal.com\/wp-content\/uploads\/2023\/07\/01-166-1024x661.jpeg\" alt=\"\" class=\"wp-image-225098\" srcset=\"http:\/\/vertienteglobal.com\/wp-content\/uploads\/2023\/07\/01-166-1024x661.jpeg 1024w, http:\/\/vertienteglobal.com\/wp-content\/uploads\/2023\/07\/01-166-300x194.jpeg 300w, http:\/\/vertienteglobal.com\/wp-content\/uploads\/2023\/07\/01-166-150x97.jpeg 150w, http:\/\/vertienteglobal.com\/wp-content\/uploads\/2023\/07\/01-166-768x496.jpeg 768w, http:\/\/vertienteglobal.com\/wp-content\/uploads\/2023\/07\/01-166.jpeg 1280w\" sizes=\"auto, (max-width: 1024px) 100vw, 1024px\" \/><\/figure>\n\n\n\n<p>(Redacci\u00f3n)<\/p>\n\n\n\n<p>Por primera vez la ciudad ser\u00e1 sede de una reuni\u00f3n del T-MEC<\/p>\n\n\n\n<p>Canc\u00fan, Quintana Roo, a 04 de julio de 2023.- Como un hecho sin precedentes, la Presidenta Municipal, Ana Paty Peralta, calific\u00f3 que este 6 y 7 de julio Canc\u00fan ser\u00e1 sede de la tercera reuni\u00f3n de la Comisi\u00f3n de Libre Comercio del acuerdo comercial entre M\u00e9xico, Estados Unidos y Canad\u00e1, en donde participar\u00e1n representantes de los tres pa\u00edses.<\/p>\n\n\n\n<p>La Primera Edil reconoci\u00f3 que esta reuni\u00f3n trilateral en la que se abordar\u00e1n temas de inter\u00e9s para la toma de decisiones que influyen en el desarrollo de la regi\u00f3n norte de Am\u00e9rica, marca un hecho hist\u00f3rico al realizarse en la ciudad y refleja la potencia tur\u00edstica y \u00e1rea de oportunidad que es el destino, siendo uno de los mayores captadores de turistas nacionales y extranjeros a nivel mundial.<\/p>\n\n\n\n<p>En la reuni\u00f3n se contar\u00e1 con la participaci\u00f3n de la ministra de Comercio de Canad\u00e1, Mary Ng; la representante comercial de Estados Unidos, Katherine Tai, y la secretaria de Econom\u00eda de M\u00e9xico, Raquel Buenrostro.<\/p>\n\n\n\n<p>De acuerdo con informaci\u00f3n emitida por la oficina de representaci\u00f3n comercial de Estados Unidos, tambi\u00e9n se invit\u00f3 a miembros del sector privado de las tres naciones, a fin de participar en el di\u00e1logo sobre el funcionamiento del T-MEC y el beneficio para los trabajadores y las peque\u00f1as empresas<\/p>\n","protected":false},"excerpt":{"rendered":"<p>(Redacci\u00f3n) Por primera vez la ciudad ser\u00e1 sede de una reuni\u00f3n del T-MEC Canc\u00fan, Quintana Roo, a 04 de julio de 2023.- Como un hecho sin precedentes, la Presidenta Municipal, Ana Paty Peralta, calific\u00f3 que este 6 y 7 de julio Canc\u00fan ser\u00e1 sede de la tercera reuni\u00f3n de la Comisi\u00f3n de Libre Comercio del [&hellip;]<\/p>\n","protected":false},"author":1,"featured_media":225098,"comment_status":"open","ping_status":"open","sticky":false,"template":"","format":"standard","meta":{"footnotes":""},"categories":[3],"tags":[],"class_list":["post-225097","post","type-post","status-publish","format-standard","has-post-thumbnail","hentry","category-quintana-roo","entry","has-media"],"jetpack_featured_media_url":"http:\/\/vertienteglobal.com\/wp-content\/uploads\/2023\/07\/01-166.jpeg","_links":{"self":[{"href":"http:\/\/vertienteglobal.com\/index.php?rest_route=\/wp\/v2\/posts\/225097","targetHints":{"allow":["GET"]}}],"collection":[{"href":"http:\/\/vertienteglobal.com\/index.php?rest_route=\/wp\/v2\/posts"}],"about":[{"href":"http:\/\/vertienteglobal.com\/index.php?rest_route=\/wp\/v2\/types\/post"}],"author":[{"embeddable":true,"href":"http:\/\/vertienteglobal.com\/index.php?rest_route=\/wp\/v2\/users\/1"}],"replies":[{"embeddable":true,"href":"http:\/\/vertienteglobal.com\/index.php?rest_route=%2Fwp%2Fv2%2Fcomments&post=225097"}],"version-history":[{"count":0,"href":"http:\/\/vertienteglobal.com\/index.php?rest_route=\/wp\/v2\/posts\/225097\/revisions"}],"wp:featuredmedia":[{"embeddable":true,"href":"http:\/\/vertienteglobal.com\/index.php?rest_route=\/wp\/v2\/media\/225098"}],"wp:attachment":[{"href":"http:\/\/vertienteglobal.com\/index.php?rest_route=%2Fwp%2Fv2%2Fmedia&parent=225097"}],"wp:term":[{"taxonomy":"category","embeddable":true,"href":"http:\/\/vertienteglobal.com\/index.php?rest_route=%2Fwp%2Fv2%2Fcategories&post=225097"},{"taxonomy":"post_tag","embeddable":true,"href":"http:\/\/vertienteglobal.com\/index.php?rest_route=%2Fwp%2Fv2%2Ftags&post=225097"}],"curies":[{"name":"wp","href":"https:\/\/api.w.org\/{rel}","templated":true}]}}