{"id":225048,"date":"2023-07-03T21:24:00","date_gmt":"2023-07-04T02:24:00","guid":{"rendered":"http:\/\/vertienteglobal.com\/?p=225048"},"modified":"2023-07-04T19:23:42","modified_gmt":"2023-07-05T00:23:42","slug":"quintana-roo-trabaja-por-ampliar-y-diversificar-el-turismo-y-la-inversion-de-alemania","status":"publish","type":"post","link":"http:\/\/vertienteglobal.com\/?p=225048","title":{"rendered":"Quintana Roo trabaja por ampliar y diversificar el turismo y la inversi\u00f3n de Alemania"},"content":{"rendered":"\n<div class=\"twitterbutton\" style=\"float: right; padding-left: 5px;\"><a href=\"http:\/\/twitter.com\/share\" class=\"twitter-share-button\" data-count=\"horizontal\" data-text=\"Quintana Roo trabaja por ampliar y diversificar el turismo y la inversi\u00f3n de Al...\" data-via=\"https:\/\/twitter.com\/VertienteGloba1\" data-url=\"http:\/\/vertienteglobal.com\/?p=225048\" data-lang=\"es\" data-related=\"Informaci\u00f3n general:S\u00edguenos para que est\u00e9ss informado\"><\/a><\/div>\n<figure class=\"wp-block-image size-large\"><img loading=\"lazy\" decoding=\"async\" width=\"1024\" height=\"682\" src=\"http:\/\/vertienteglobal.com\/wp-content\/uploads\/2023\/07\/turismo1-1024x682.jpg\" alt=\"\" class=\"wp-image-225051\" srcset=\"http:\/\/vertienteglobal.com\/wp-content\/uploads\/2023\/07\/turismo1-1024x682.jpg 1024w, http:\/\/vertienteglobal.com\/wp-content\/uploads\/2023\/07\/turismo1-300x200.jpg 300w, http:\/\/vertienteglobal.com\/wp-content\/uploads\/2023\/07\/turismo1-150x100.jpg 150w, http:\/\/vertienteglobal.com\/wp-content\/uploads\/2023\/07\/turismo1-768x512.jpg 768w, http:\/\/vertienteglobal.com\/wp-content\/uploads\/2023\/07\/turismo1-1536x1023.jpg 1536w, http:\/\/vertienteglobal.com\/wp-content\/uploads\/2023\/07\/turismo1.jpg 1600w\" sizes=\"auto, (max-width: 1024px) 100vw, 1024px\" \/><\/figure>\n\n\n\n<p>(Redacci\u00f3n)<\/p>\n\n\n\n<p>La gobernadora Mara Lezama y el embajador de M\u00e9xico en Alemania se\u00f1alaron que el Tren Maya abrir\u00e1 nuevas opciones al mundo, con amplio abanico de atractivos tur\u00edsticos y de inversi\u00f3n para el estado<\/p>\n\n\n\n<p>Canc\u00fan.- La gobernadora Mara Lezama Espinosa y el embajador de M\u00e9xico en Alemania Francisco Quiroga, se reunieron para estrechar lazos de trabajo y cooperaci\u00f3n, fortalecer la promoci\u00f3n tur\u00edstica del norte y sur de Quintana Roo, promoviendo el Tren Maya que abrir\u00e1 al mundo un nuevo abanico de atractivos.<\/p>\n\n\n\n<p>Durante el encuentro en el que particip\u00f3 el secretario de Turismo Bernardo Cueto, se plante\u00f3 la diversificaci\u00f3n de la oferta tur\u00edstica a los llamados Todo Incluido para integrar, adem\u00e1s de la comida y la bebida, actividades culturales, artesanales, festivales de arte, m\u00fasica, que se ofrecen en la regi\u00f3n sur del estado y que, con el Tren Maya, ser\u00e1 mucho m\u00e1s f\u00e1cil llegar a ellos. Esto permitir\u00e1 que las comunidades mayas y su cultura viva maravillen al mundo.<\/p>\n\n\n\n<p>En concreto, se estar\u00eda hablando que en el norte se extender\u00eda la diversificaci\u00f3n de estancia de los alemanes europeos y en el sur la proyecci\u00f3n que pudiera tener con la llegada del Tren Maya y la atracci\u00f3n de inversi\u00f3n nueva.<\/p>\n\n\n\n<p>La Gobernadora y el Embajador platicaron temas como ampliaci\u00f3n y diversificaci\u00f3n de la oferta tur\u00edstica, cultural, econ\u00f3mica; de la atracci\u00f3n de nueva inversi\u00f3n y la proyecci\u00f3n que se tendr\u00e1 con las obras del Tren Maya que recorrer\u00e1 los estados que conforman el Mundo Maya.<\/p>\n\n\n\n<p>\u201cEl Tren Maya esta magna obra que avanza a paso firme y que hoy sali\u00f3 el primer tren para iniciar sus pruebas en Canc\u00fan, nos permitir\u00e1 diversificar el turismo, mostrarle al mundo las bellezas de Quintana Roo de norte a sur, el mar azul turquesa, a nuestras comunidades mayas y los vestigios arqueol\u00f3gicos poco conocidos del sur del estado\u201d, coment\u00f3.<\/p>\n\n\n\n<p>Mara Lezama afirm\u00f3 que en Quintana Roo se impulsa un nuevo modelo tur\u00edstico para lograr la transformaci\u00f3n de la vida de las comunidades, procurando que el \u00e9xito tur\u00edstico se refleje en las mesas de los hogares, como se contempla en el Nuevo Acuerdo por el Bienestar y Desarrollo.<\/p>\n\n\n\n<p>Bernardo Cueto afirm\u00f3 que el mercado alem\u00e1n est\u00e1 en proceso de recuperaci\u00f3n; actualmente el 62 por ciento de los turistas que llegan a M\u00e9xico lo hacen a Quintana Roo. Este a\u00f1o se espera que lleguen alrededor de 200 mil alemanes. El a\u00f1o pasado lo hicieron 180 mil.<\/p>\n\n\n\n<p>Destac\u00f3 que Quintana Roo representa m\u00e1s de la mitad del turismo nacional europeo, alem\u00e1n, que es un segmento de valor agregado, pues viajan m\u00e1s y gastan m\u00e1s por d\u00eda.<\/p>\n\n\n\n<p>A\u00f1adi\u00f3 que la idea es promocionar la oferta que se est\u00e1 construyendo alrededor de los puntos del Tren Maya, abordar otros espacios de promoci\u00f3n, pero tambi\u00e9n de inversi\u00f3n, como por ejemplo en la industria manufacturera.<\/p>\n\n\n\n<figure class=\"wp-block-image size-full\"><img loading=\"lazy\" decoding=\"async\" width=\"585\" height=\"390\" src=\"http:\/\/vertienteglobal.com\/wp-content\/uploads\/2023\/07\/turismo2-585x390-1.jpg\" alt=\"\" class=\"wp-image-225050\" srcset=\"http:\/\/vertienteglobal.com\/wp-content\/uploads\/2023\/07\/turismo2-585x390-1.jpg 585w, http:\/\/vertienteglobal.com\/wp-content\/uploads\/2023\/07\/turismo2-585x390-1-300x200.jpg 300w, http:\/\/vertienteglobal.com\/wp-content\/uploads\/2023\/07\/turismo2-585x390-1-150x100.jpg 150w\" sizes=\"auto, (max-width: 585px) 100vw, 585px\" \/><\/figure>\n\n\n\n<figure class=\"wp-block-image size-full\"><img loading=\"lazy\" decoding=\"async\" width=\"585\" height=\"310\" src=\"http:\/\/vertienteglobal.com\/wp-content\/uploads\/2023\/07\/turismo3-585x310-1.jpg\" alt=\"\" class=\"wp-image-225049\" srcset=\"http:\/\/vertienteglobal.com\/wp-content\/uploads\/2023\/07\/turismo3-585x310-1.jpg 585w, http:\/\/vertienteglobal.com\/wp-content\/uploads\/2023\/07\/turismo3-585x310-1-300x159.jpg 300w, http:\/\/vertienteglobal.com\/wp-content\/uploads\/2023\/07\/turismo3-585x310-1-150x79.jpg 150w\" sizes=\"auto, (max-width: 585px) 100vw, 585px\" \/><\/figure>\n","protected":false},"excerpt":{"rendered":"<p>(Redacci\u00f3n) La gobernadora Mara Lezama y el embajador de M\u00e9xico en Alemania se\u00f1alaron que el Tren Maya abrir\u00e1 nuevas opciones al mundo, con amplio abanico de atractivos tur\u00edsticos y de inversi\u00f3n para el estado Canc\u00fan.- La gobernadora Mara Lezama Espinosa y el embajador de M\u00e9xico en Alemania Francisco Quiroga, se reunieron para estrechar lazos de [&hellip;]<\/p>\n","protected":false},"author":1,"featured_media":225051,"comment_status":"open","ping_status":"open","sticky":false,"template":"","format":"standard","meta":{"footnotes":""},"categories":[3],"tags":[],"class_list":["post-225048","post","type-post","status-publish","format-standard","has-post-thumbnail","hentry","category-quintana-roo","entry","has-media"],"jetpack_featured_media_url":"http:\/\/vertienteglobal.com\/wp-content\/uploads\/2023\/07\/turismo1.jpg","_links":{"self":[{"href":"http:\/\/vertienteglobal.com\/index.php?rest_route=\/wp\/v2\/posts\/225048","targetHints":{"allow":["GET"]}}],"collection":[{"href":"http:\/\/vertienteglobal.com\/index.php?rest_route=\/wp\/v2\/posts"}],"about":[{"href":"http:\/\/vertienteglobal.com\/index.php?rest_route=\/wp\/v2\/types\/post"}],"author":[{"embeddable":true,"href":"http:\/\/vertienteglobal.com\/index.php?rest_route=\/wp\/v2\/users\/1"}],"replies":[{"embeddable":true,"href":"http:\/\/vertienteglobal.com\/index.php?rest_route=%2Fwp%2Fv2%2Fcomments&post=225048"}],"version-history":[{"count":0,"href":"http:\/\/vertienteglobal.com\/index.php?rest_route=\/wp\/v2\/posts\/225048\/revisions"}],"wp:featuredmedia":[{"embeddable":true,"href":"http:\/\/vertienteglobal.com\/index.php?rest_route=\/wp\/v2\/media\/225051"}],"wp:attachment":[{"href":"http:\/\/vertienteglobal.com\/index.php?rest_route=%2Fwp%2Fv2%2Fmedia&parent=225048"}],"wp:term":[{"taxonomy":"category","embeddable":true,"href":"http:\/\/vertienteglobal.com\/index.php?rest_route=%2Fwp%2Fv2%2Fcategories&post=225048"},{"taxonomy":"post_tag","embeddable":true,"href":"http:\/\/vertienteglobal.com\/index.php?rest_route=%2Fwp%2Fv2%2Ftags&post=225048"}],"curies":[{"name":"wp","href":"https:\/\/api.w.org\/{rel}","templated":true}]}}