{"id":224983,"date":"2023-06-30T19:52:00","date_gmt":"2023-07-01T00:52:00","guid":{"rendered":"http:\/\/vertienteglobal.com\/?p=224983"},"modified":"2023-06-30T21:29:19","modified_gmt":"2023-07-01T02:29:19","slug":"estudiantes-yucatecos-reciben-lentes-gratuitos-del-programa-ver-bien-para-aprender-mejor","status":"publish","type":"post","link":"http:\/\/vertienteglobal.com\/?p=224983","title":{"rendered":"Estudiantes yucatecos reciben lentes gratuitos del programa \u201cVer bien para aprender mejor\u201d"},"content":{"rendered":"\n<div class=\"twitterbutton\" style=\"float: right; padding-left: 5px;\"><a href=\"http:\/\/twitter.com\/share\" class=\"twitter-share-button\" data-count=\"horizontal\" data-text=\"Estudiantes yucatecos reciben lentes gratuitos del programa \u201cVer bien para apr...\" data-via=\"https:\/\/twitter.com\/VertienteGloba1\" data-url=\"http:\/\/vertienteglobal.com\/?p=224983\" data-lang=\"es\" data-related=\"Informaci\u00f3n general:S\u00edguenos para que est\u00e9ss informado\"><\/a><\/div>\n<figure class=\"wp-block-image size-full\"><img loading=\"lazy\" decoding=\"async\" width=\"660\" height=\"330\" src=\"http:\/\/vertienteglobal.com\/wp-content\/uploads\/2023\/06\/3ccce3ec-80a7-4143-87ef-e0e42e618727-660x330-1.jpg\" alt=\"\" class=\"wp-image-224984\" srcset=\"http:\/\/vertienteglobal.com\/wp-content\/uploads\/2023\/06\/3ccce3ec-80a7-4143-87ef-e0e42e618727-660x330-1.jpg 660w, http:\/\/vertienteglobal.com\/wp-content\/uploads\/2023\/06\/3ccce3ec-80a7-4143-87ef-e0e42e618727-660x330-1-300x150.jpg 300w, http:\/\/vertienteglobal.com\/wp-content\/uploads\/2023\/06\/3ccce3ec-80a7-4143-87ef-e0e42e618727-660x330-1-150x75.jpg 150w\" sizes=\"auto, (max-width: 660px) 100vw, 660px\" \/><\/figure>\n\n\n\n<p>(Redacci\u00f3n)<\/p>\n\n\n\n<p>Un total de 9,771 estudiantes<\/p>\n\n\n\n<p>M\u00e9rida Yucat\u00e1n a 29 de junio de 2023.- Con el objetivo de favorecer el aprovechamiento y rendimiento de las alumnos y alumnos de nivel primaria y secundaria, el titular de la Secretar\u00eda de Educaci\u00f3n del Gobierno del Estado de Yucat\u00e1n (Segey) en sinergia con la Fundaci\u00f3n Ver Bien para Aprender Mejor hizo entrega de 9,771 lentes a estudiantes de 237 escuelas primarias y 68 secundaria de Yucat\u00e1n.<\/p>\n\n\n\n<p>El secretario de educaci\u00f3n de Yucat\u00e1n, puntualiz\u00f3 la importancia de estos programas por su poder transformador de la educaci\u00f3n, porque adem\u00e1s de ser una herramienta para mejorar el aprendizaje de ni\u00f1as y ni\u00f1os, tambi\u00e9n mejoran la calidad de vida de los estudiantes al mismo tiempo que fortalece su autoestima y confianza.<\/p>\n\n\n\n<p>El titular de la Segey, se\u00f1al\u00f3 que con el liderazgo del gobernador Mauricio Vila Dosal, el estado se est\u00e1 transformando en un lugar donde todas las ni\u00f1as y los ni\u00f1os tienen las mismas oportunidades de aprender y crecer.<\/p>\n\n\n\n<p>\u201cHoy reafirmamos nuestro compromiso con la educaci\u00f3n y el bienestar de nuestros estudiantes. Cada lente entregado simboliza nuestro deseo de qu\u00e9 cada ni\u00f1a y ni\u00f1o pueda ver el mundo con claridad y perspectiva. Cada alumno que recibe un par de lentes es un testimonio del impacto que podemos generar cuando unimos fuerzas, en cada sonrisa, en cada mirada de gratitud encontramos la fuerza para seguir adelante\u201d mencion\u00f3.<\/p>\n\n\n\n<p>De igual manera, Vidal Aguilar destac\u00f3 que en lo que va de la administraci\u00f3n de octubre del 2018 a junio del 2023 y con la aportaci\u00f3n del 50 % entre el Gobierno del Estado y la fundaci\u00f3n, se sumaron un total de 31,045 anteojos entregados beneficiando a igual n\u00famero de estudiantes de 1,437 escuelas de Yucat\u00e1n.<\/p>\n\n\n\n<p>En su oportunidad la directora de Desarrollo Personal y Social, Magally Cruz Nucamendi, dijo sentirse orgullosa del gobierno humanista que se tiene en Yucat\u00e1n, siempre al pendiente de la gente y de su bienestar.<\/p>\n\n\n\n<p>\u201cEl secretario, Liborio Vidal Aguilar, nos ha instruido a salir de nuestras oficinas, a estar cerca de ustedes y as\u00ed conocer sus necesidades, las de los alumnos, madres, padres de familia y docentes\u201d<\/p>\n\n\n\n<p>Por su parte, Madison Jimenez Parra, estudiante de segundo grado de la secundaria \u201cSara Molina Font\u201d, agradeci\u00f3 a nombre de sus compa\u00f1eros de diversas escuelas y niveles educativos por tomarlos en cuenta y ayudarlos a subsanar dificultades para su desarrollo integral y acad\u00e9mico, con estos apoyos que contribuyen a fomentar juventudes sanas y productivas y que son un valioso apoyo para su educaci\u00f3n integral, incluyente y basada en el respeto.<\/p>\n\n\n\n<p>La entrega de los lentes se realiz\u00f3 en el sal\u00f3n Uxmal del Centro de Convenciones y Exposiciones Yucat\u00e1n Siglo XXI. El programa Ver Bien para Aprender Mejor tiene como objetivo dotar de anteojos de alta calidad a los ni\u00f1as, ni\u00f1os y adolescentes de las escuelas p\u00fablicas que padecen problemas visuales como miop\u00eda, hipermetrop\u00eda y astigmatismo.<\/p>\n\n\n\n<p>En el marco del evento se cont\u00f3 con la presencia de la directora general de Educaci\u00f3n B\u00e1sica, Linda Basto \u00c1vila; el director general de Desarrollo Educativo y Gesti\u00f3n Regional, Jos\u00e9 Leonel Escalante Aguilar; el estudiante, Dylan Omar Peraza Aldana, directivos, docentes y representantes sindicales.<\/p>\n\n\n\n<figure class=\"wp-block-image size-full\"><img loading=\"lazy\" decoding=\"async\" width=\"768\" height=\"512\" src=\"http:\/\/vertienteglobal.com\/wp-content\/uploads\/2023\/06\/b8a8d26d-5878-42ac-97e7-999640c89062-768x512-1.jpg\" alt=\"\" class=\"wp-image-224985\" srcset=\"http:\/\/vertienteglobal.com\/wp-content\/uploads\/2023\/06\/b8a8d26d-5878-42ac-97e7-999640c89062-768x512-1.jpg 768w, http:\/\/vertienteglobal.com\/wp-content\/uploads\/2023\/06\/b8a8d26d-5878-42ac-97e7-999640c89062-768x512-1-300x200.jpg 300w, http:\/\/vertienteglobal.com\/wp-content\/uploads\/2023\/06\/b8a8d26d-5878-42ac-97e7-999640c89062-768x512-1-150x100.jpg 150w\" sizes=\"auto, (max-width: 768px) 100vw, 768px\" \/><\/figure>\n","protected":false},"excerpt":{"rendered":"<p>(Redacci\u00f3n) Un total de 9,771 estudiantes M\u00e9rida Yucat\u00e1n a 29 de junio de 2023.- Con el objetivo de favorecer el aprovechamiento y rendimiento de las alumnos y alumnos de nivel primaria y secundaria, el titular de la Secretar\u00eda de Educaci\u00f3n del Gobierno del Estado de Yucat\u00e1n (Segey) en sinergia con la Fundaci\u00f3n Ver Bien para [&hellip;]<\/p>\n","protected":false},"author":1,"featured_media":224985,"comment_status":"open","ping_status":"open","sticky":false,"template":"","format":"standard","meta":{"footnotes":""},"categories":[2],"tags":[],"class_list":["post-224983","post","type-post","status-publish","format-standard","has-post-thumbnail","hentry","category-yucatan","entry","has-media"],"jetpack_featured_media_url":"http:\/\/vertienteglobal.com\/wp-content\/uploads\/2023\/06\/b8a8d26d-5878-42ac-97e7-999640c89062-768x512-1.jpg","_links":{"self":[{"href":"http:\/\/vertienteglobal.com\/index.php?rest_route=\/wp\/v2\/posts\/224983","targetHints":{"allow":["GET"]}}],"collection":[{"href":"http:\/\/vertienteglobal.com\/index.php?rest_route=\/wp\/v2\/posts"}],"about":[{"href":"http:\/\/vertienteglobal.com\/index.php?rest_route=\/wp\/v2\/types\/post"}],"author":[{"embeddable":true,"href":"http:\/\/vertienteglobal.com\/index.php?rest_route=\/wp\/v2\/users\/1"}],"replies":[{"embeddable":true,"href":"http:\/\/vertienteglobal.com\/index.php?rest_route=%2Fwp%2Fv2%2Fcomments&post=224983"}],"version-history":[{"count":0,"href":"http:\/\/vertienteglobal.com\/index.php?rest_route=\/wp\/v2\/posts\/224983\/revisions"}],"wp:featuredmedia":[{"embeddable":true,"href":"http:\/\/vertienteglobal.com\/index.php?rest_route=\/wp\/v2\/media\/224985"}],"wp:attachment":[{"href":"http:\/\/vertienteglobal.com\/index.php?rest_route=%2Fwp%2Fv2%2Fmedia&parent=224983"}],"wp:term":[{"taxonomy":"category","embeddable":true,"href":"http:\/\/vertienteglobal.com\/index.php?rest_route=%2Fwp%2Fv2%2Fcategories&post=224983"},{"taxonomy":"post_tag","embeddable":true,"href":"http:\/\/vertienteglobal.com\/index.php?rest_route=%2Fwp%2Fv2%2Ftags&post=224983"}],"curies":[{"name":"wp","href":"https:\/\/api.w.org\/{rel}","templated":true}]}}