{"id":224954,"date":"2023-06-30T14:51:00","date_gmt":"2023-06-30T19:51:00","guid":{"rendered":"http:\/\/vertienteglobal.com\/?p=224954"},"modified":"2023-06-30T19:28:09","modified_gmt":"2023-07-01T00:28:09","slug":"enviara-amlo-nueva-reforma-para-dar-control-de-la-gn-a-la-sedena","status":"publish","type":"post","link":"http:\/\/vertienteglobal.com\/?p=224954","title":{"rendered":"Enviar\u00e1 AMLO nueva reforma para dar control de la GN a la Sedena"},"content":{"rendered":"\n<div class=\"twitterbutton\" style=\"float: right; padding-left: 5px;\"><a href=\"http:\/\/twitter.com\/share\" class=\"twitter-share-button\" data-count=\"horizontal\" data-text=\"Enviar\u00e1 AMLO nueva reforma para dar control de la GN a la Sedena\" data-via=\"https:\/\/twitter.com\/VertienteGloba1\" data-url=\"http:\/\/vertienteglobal.com\/?p=224954\" data-lang=\"es\" data-related=\"Informaci\u00f3n general:S\u00edguenos para que est\u00e9ss informado\"><\/a><\/div>\n<figure class=\"wp-block-image size-full\"><img loading=\"lazy\" decoding=\"async\" width=\"1024\" height=\"683\" src=\"http:\/\/vertienteglobal.com\/wp-content\/uploads\/2023\/06\/209725.jpg\" alt=\"\" class=\"wp-image-224955\" srcset=\"http:\/\/vertienteglobal.com\/wp-content\/uploads\/2023\/06\/209725.jpg 1024w, http:\/\/vertienteglobal.com\/wp-content\/uploads\/2023\/06\/209725-300x200.jpg 300w, http:\/\/vertienteglobal.com\/wp-content\/uploads\/2023\/06\/209725-150x100.jpg 150w, http:\/\/vertienteglobal.com\/wp-content\/uploads\/2023\/06\/209725-768x512.jpg 768w\" sizes=\"auto, (max-width: 1024px) 100vw, 1024px\" \/><\/figure>\n\n\n\n<p>(Redacci\u00f3n)<\/p>\n\n\n\n<p>Detall\u00f3 que en la actualidad, la Guardia Nacional cuenta con 128 mil elementos y 295 cuarteles distribuidos en todo el pa\u00eds. Adem\u00e1s, se encuentran en construcci\u00f3n 124 cuarteles adicionales que se sumar\u00e1n a la infraestructura existente<\/p>\n\n\n\n<p>Ciudad de M\u00e9xico 30 de junio 2023.-El presidente de M\u00e9xico, Andr\u00e9s Manuel L\u00f3pez Obrador, anunci\u00f3 que presentar\u00e1 una nueva reforma constitucional antes de que concluya su sexenio, con el objetivo de que la Guardia Nacional pase a formar parte de la Secretar\u00eda de la Defensa Nacional (Sedena).<\/p>\n\n\n\n<p>Durante la celebraci\u00f3n del cuarto aniversario de la creaci\u00f3n de la Guardia Nacional, AMLO expres\u00f3 su deseo de que esta corporaci\u00f3n no dependa de la Secretar\u00eda de Seguridad y Protecci\u00f3n Ciudadana ni de la Secretar\u00eda de Gobernaci\u00f3n, con el fin de evitar que \u00abse eche a perder\u00bb, tal y como sucedi\u00f3 con la extinta Polic\u00eda Federal.<\/p>\n\n\n\n<p>Detall\u00f3 que en la actualidad, la Guardia Nacional cuenta con 128 mil elementos y 295 cuarteles distribuidos en todo el pa\u00eds. Adem\u00e1s, se encuentran en construcci\u00f3n 124 cuarteles adicionales que se sumar\u00e1n a la infraestructura existente.<\/p>\n\n\n\n<p>Con esta propuesta, dijo que busca fortalecer el papel de la Guardia Nacional y asegurar su correcto funcionamiento, al ubicarla dentro de la instituci\u00f3n encargada de la defensa y seguridad nacional.(Fuente: LD\/Xeva)<\/p>\n","protected":false},"excerpt":{"rendered":"<p>(Redacci\u00f3n) Detall\u00f3 que en la actualidad, la Guardia Nacional cuenta con 128 mil elementos y 295 cuarteles distribuidos en todo el pa\u00eds. Adem\u00e1s, se encuentran en construcci\u00f3n 124 cuarteles adicionales que se sumar\u00e1n a la infraestructura existente Ciudad de M\u00e9xico 30 de junio 2023.-El presidente de M\u00e9xico, Andr\u00e9s Manuel L\u00f3pez Obrador, anunci\u00f3 que presentar\u00e1 una [&hellip;]<\/p>\n","protected":false},"author":1,"featured_media":224955,"comment_status":"open","ping_status":"open","sticky":false,"template":"","format":"standard","meta":{"footnotes":""},"categories":[8],"tags":[],"class_list":["post-224954","post","type-post","status-publish","format-standard","has-post-thumbnail","hentry","category-pais","entry","has-media"],"jetpack_featured_media_url":"http:\/\/vertienteglobal.com\/wp-content\/uploads\/2023\/06\/209725.jpg","_links":{"self":[{"href":"http:\/\/vertienteglobal.com\/index.php?rest_route=\/wp\/v2\/posts\/224954","targetHints":{"allow":["GET"]}}],"collection":[{"href":"http:\/\/vertienteglobal.com\/index.php?rest_route=\/wp\/v2\/posts"}],"about":[{"href":"http:\/\/vertienteglobal.com\/index.php?rest_route=\/wp\/v2\/types\/post"}],"author":[{"embeddable":true,"href":"http:\/\/vertienteglobal.com\/index.php?rest_route=\/wp\/v2\/users\/1"}],"replies":[{"embeddable":true,"href":"http:\/\/vertienteglobal.com\/index.php?rest_route=%2Fwp%2Fv2%2Fcomments&post=224954"}],"version-history":[{"count":0,"href":"http:\/\/vertienteglobal.com\/index.php?rest_route=\/wp\/v2\/posts\/224954\/revisions"}],"wp:featuredmedia":[{"embeddable":true,"href":"http:\/\/vertienteglobal.com\/index.php?rest_route=\/wp\/v2\/media\/224955"}],"wp:attachment":[{"href":"http:\/\/vertienteglobal.com\/index.php?rest_route=%2Fwp%2Fv2%2Fmedia&parent=224954"}],"wp:term":[{"taxonomy":"category","embeddable":true,"href":"http:\/\/vertienteglobal.com\/index.php?rest_route=%2Fwp%2Fv2%2Fcategories&post=224954"},{"taxonomy":"post_tag","embeddable":true,"href":"http:\/\/vertienteglobal.com\/index.php?rest_route=%2Fwp%2Fv2%2Ftags&post=224954"}],"curies":[{"name":"wp","href":"https:\/\/api.w.org\/{rel}","templated":true}]}}