{"id":224863,"date":"2023-06-28T21:24:00","date_gmt":"2023-06-29T02:24:00","guid":{"rendered":"http:\/\/vertienteglobal.com\/?p=224863"},"modified":"2023-06-29T15:30:08","modified_gmt":"2023-06-29T20:30:08","slug":"mara-lezama-supervisa-entrega-de-paquetes-alimentarios-comemos-tods-en-cancun","status":"publish","type":"post","link":"http:\/\/vertienteglobal.com\/?p=224863","title":{"rendered":"Mara Lezama supervisa entrega de paquetes alimentarios \u201cComemos Tod@s\u201d en Canc\u00fan"},"content":{"rendered":"\n<div class=\"twitterbutton\" style=\"float: right; padding-left: 5px;\"><a href=\"http:\/\/twitter.com\/share\" class=\"twitter-share-button\" data-count=\"horizontal\" data-text=\"Mara Lezama supervisa entrega de paquetes alimentarios \u201cComemos Tod@s\u201d en Ca...\" data-via=\"https:\/\/twitter.com\/VertienteGloba1\" data-url=\"http:\/\/vertienteglobal.com\/?p=224863\" data-lang=\"es\" data-related=\"Informaci\u00f3n general:S\u00edguenos para que est\u00e9ss informado\"><\/a><\/div>\n<figure class=\"wp-block-image size-full\"><img loading=\"lazy\" decoding=\"async\" width=\"719\" height=\"480\" src=\"http:\/\/vertienteglobal.com\/wp-content\/uploads\/2023\/06\/FB_IMG_1688070172511.jpg\" alt=\"\" class=\"wp-image-224864\" srcset=\"http:\/\/vertienteglobal.com\/wp-content\/uploads\/2023\/06\/FB_IMG_1688070172511.jpg 719w, http:\/\/vertienteglobal.com\/wp-content\/uploads\/2023\/06\/FB_IMG_1688070172511-300x200.jpg 300w, http:\/\/vertienteglobal.com\/wp-content\/uploads\/2023\/06\/FB_IMG_1688070172511-150x100.jpg 150w\" sizes=\"auto, (max-width: 719px) 100vw, 719px\" \/><\/figure>\n\n\n\n<p>(Redacci\u00f3n)<\/p>\n\n\n\n<p>Estuvo en la regi\u00f3n 77 donde escuch\u00f3 y comparti\u00f3 con las mujeres beneficiarias del Programa del Bienestar \u201cMujer es Vida\u201d<\/p>\n\n\n\n<p>Canc\u00fan, Quintana 28 de junio 2023.- La gobernadora Mara Lezama Espinosa visit\u00f3 el Centro de Desarrollo Comunitario (CDC) de la regi\u00f3n 77 en donde supervis\u00f3 la segunda entrega de paquetes alimentarios del programa \u201cComemos Tod@s\u201d a beneficiarias del Programa del Bienestar \u201cMujer es Vida\u201d.<\/p>\n\n\n\n<p>\u201cEscuchamos y compartimos con las mujeres que all\u00ed estaban. Supervisamos que las entregas se hicieran de manera correcta, r\u00e1pida y sencilla para la gente que m\u00e1s lo necesita\u201d expres\u00f3 la titular del Ejecutivo.<\/p>\n\n\n\n<p>Durante el recorrido, Mara Lezama precis\u00f3 que estos programas permiten cerrar las brechas de la desigualdad, disminuir los \u00edndices de la pobreza alimentaria y transformar la vida de las familias, esp\u00edritu del Nuevo Acuerdo por el Bienestar y Desarrollo de Quintana Roo con el que promueve la prosperidad compartida.<\/p>\n\n\n\n<p>El gobierno del estado, a trav\u00e9s de la Secretar\u00eda de Bienestar, implement\u00f3 el programa \u201cMujer es Vida\u201d, que consiste en la entrega de un apoyo que est\u00e1 conformado de 2 modalidades: uno en especie y uno monetario.<\/p>\n\n\n\n<p>La segunda entrega de paquetes alimentarios inici\u00f3 el pasado 27 de junio en Benito Ju\u00e1rez, donde concluir\u00e1 este jueves 29.<\/p>\n\n\n\n<p>En Oth\u00f3n P. Blanco inici\u00f3 hoy y concluye el 1 de julio. En Tulum y Cozumel se estar\u00e1n entregando el d\u00eda 30. En Puerto Morelos y L\u00e1zaro C\u00e1rdenas el 3 de julio. En Felipe Carrillo Puerto los d\u00edas 3 y 4 de julio; Solidaridad 4 y 5 de julio; Jos\u00e9 Mar\u00eda Morelos, 5 y 6 de julio; Isla Mujeres 6 de julio y Bacalar 7 y 8 de julio.<\/p>\n\n\n\n<figure class=\"wp-block-image size-full\"><img loading=\"lazy\" decoding=\"async\" width=\"585\" height=\"390\" src=\"http:\/\/vertienteglobal.com\/wp-content\/uploads\/2023\/06\/FB_IMG_1688070176080.jpg\" alt=\"\" class=\"wp-image-224865\" srcset=\"http:\/\/vertienteglobal.com\/wp-content\/uploads\/2023\/06\/FB_IMG_1688070176080.jpg 585w, http:\/\/vertienteglobal.com\/wp-content\/uploads\/2023\/06\/FB_IMG_1688070176080-300x200.jpg 300w, http:\/\/vertienteglobal.com\/wp-content\/uploads\/2023\/06\/FB_IMG_1688070176080-150x100.jpg 150w\" sizes=\"auto, (max-width: 585px) 100vw, 585px\" \/><\/figure>\n\n\n\n<figure class=\"wp-block-image size-full\"><img loading=\"lazy\" decoding=\"async\" width=\"585\" height=\"390\" src=\"http:\/\/vertienteglobal.com\/wp-content\/uploads\/2023\/06\/FB_IMG_1688070179375.jpg\" alt=\"\" class=\"wp-image-224866\" srcset=\"http:\/\/vertienteglobal.com\/wp-content\/uploads\/2023\/06\/FB_IMG_1688070179375.jpg 585w, http:\/\/vertienteglobal.com\/wp-content\/uploads\/2023\/06\/FB_IMG_1688070179375-300x200.jpg 300w, http:\/\/vertienteglobal.com\/wp-content\/uploads\/2023\/06\/FB_IMG_1688070179375-150x100.jpg 150w\" sizes=\"auto, (max-width: 585px) 100vw, 585px\" \/><\/figure>\n","protected":false},"excerpt":{"rendered":"<p>(Redacci\u00f3n) Estuvo en la regi\u00f3n 77 donde escuch\u00f3 y comparti\u00f3 con las mujeres beneficiarias del Programa del Bienestar \u201cMujer es Vida\u201d Canc\u00fan, Quintana 28 de junio 2023.- La gobernadora Mara Lezama Espinosa visit\u00f3 el Centro de Desarrollo Comunitario (CDC) de la regi\u00f3n 77 en donde supervis\u00f3 la segunda entrega de paquetes alimentarios del programa \u201cComemos [&hellip;]<\/p>\n","protected":false},"author":1,"featured_media":224864,"comment_status":"open","ping_status":"open","sticky":false,"template":"","format":"standard","meta":{"footnotes":""},"categories":[3],"tags":[],"class_list":["post-224863","post","type-post","status-publish","format-standard","has-post-thumbnail","hentry","category-quintana-roo","entry","has-media"],"jetpack_featured_media_url":"http:\/\/vertienteglobal.com\/wp-content\/uploads\/2023\/06\/FB_IMG_1688070172511.jpg","_links":{"self":[{"href":"http:\/\/vertienteglobal.com\/index.php?rest_route=\/wp\/v2\/posts\/224863","targetHints":{"allow":["GET"]}}],"collection":[{"href":"http:\/\/vertienteglobal.com\/index.php?rest_route=\/wp\/v2\/posts"}],"about":[{"href":"http:\/\/vertienteglobal.com\/index.php?rest_route=\/wp\/v2\/types\/post"}],"author":[{"embeddable":true,"href":"http:\/\/vertienteglobal.com\/index.php?rest_route=\/wp\/v2\/users\/1"}],"replies":[{"embeddable":true,"href":"http:\/\/vertienteglobal.com\/index.php?rest_route=%2Fwp%2Fv2%2Fcomments&post=224863"}],"version-history":[{"count":0,"href":"http:\/\/vertienteglobal.com\/index.php?rest_route=\/wp\/v2\/posts\/224863\/revisions"}],"wp:featuredmedia":[{"embeddable":true,"href":"http:\/\/vertienteglobal.com\/index.php?rest_route=\/wp\/v2\/media\/224864"}],"wp:attachment":[{"href":"http:\/\/vertienteglobal.com\/index.php?rest_route=%2Fwp%2Fv2%2Fmedia&parent=224863"}],"wp:term":[{"taxonomy":"category","embeddable":true,"href":"http:\/\/vertienteglobal.com\/index.php?rest_route=%2Fwp%2Fv2%2Fcategories&post=224863"},{"taxonomy":"post_tag","embeddable":true,"href":"http:\/\/vertienteglobal.com\/index.php?rest_route=%2Fwp%2Fv2%2Ftags&post=224863"}],"curies":[{"name":"wp","href":"https:\/\/api.w.org\/{rel}","templated":true}]}}