{"id":224790,"date":"2023-06-27T14:58:00","date_gmt":"2023-06-27T19:58:00","guid":{"rendered":"http:\/\/vertienteglobal.com\/?p=224790"},"modified":"2023-06-29T12:18:50","modified_gmt":"2023-06-29T17:18:50","slug":"trabaja-gobierno-por-la-movilidad-de-solidaridad","status":"publish","type":"post","link":"http:\/\/vertienteglobal.com\/?p=224790","title":{"rendered":"Trabaja gobierno por la movilidad de Solidaridad"},"content":{"rendered":"\n<div class=\"twitterbutton\" style=\"float: right; padding-left: 5px;\"><a href=\"http:\/\/twitter.com\/share\" class=\"twitter-share-button\" data-count=\"horizontal\" data-text=\"Trabaja gobierno por la movilidad de Solidaridad\" data-via=\"https:\/\/twitter.com\/VertienteGloba1\" data-url=\"http:\/\/vertienteglobal.com\/?p=224790\" data-lang=\"es\" data-related=\"Informaci\u00f3n general:S\u00edguenos para que est\u00e9ss informado\"><\/a><\/div>\n<figure class=\"wp-block-image size-full\"><img loading=\"lazy\" decoding=\"async\" width=\"720\" height=\"480\" src=\"http:\/\/vertienteglobal.com\/wp-content\/uploads\/2023\/06\/FB_IMG_1688057812299.jpg\" alt=\"\" class=\"wp-image-224791\" srcset=\"http:\/\/vertienteglobal.com\/wp-content\/uploads\/2023\/06\/FB_IMG_1688057812299.jpg 720w, http:\/\/vertienteglobal.com\/wp-content\/uploads\/2023\/06\/FB_IMG_1688057812299-300x200.jpg 300w, http:\/\/vertienteglobal.com\/wp-content\/uploads\/2023\/06\/FB_IMG_1688057812299-150x100.jpg 150w\" sizes=\"auto, (max-width: 720px) 100vw, 720px\" \/><\/figure>\n\n\n\n<p>(Redacci\u00f3n)!<\/p>\n\n\n\n<p>Se revisa en Comisi\u00f3n de Movilidad m\u00e1s paraderos, fluidez en ciclov\u00edas, pasos peatonales y estacionamiento para personas con discapacidad<\/p>\n\n\n\n<p>Playa del Carmen, Solidaridad a 27 de junio del 2023.\u2013 Para atender temas como paraderos, obra p\u00fablica, ciclov\u00edas, entre otros que benefician a la ciudadan\u00eda e instruidas por la presidenta Lili Campos, se realiz\u00f3 la D\u00e9cima Segunda Sesi\u00f3n Ordinaria de la Comisi\u00f3n de Movilidad que encabeza el s\u00edndico municipal, Adri\u00e1n P\u00e9rez Vera.<\/p>\n\n\n\n<p>En lo que refiere a las ciclov\u00edas, el presidente de la Comisi\u00f3n plante\u00f3 la propuesta de unirlas en diversos puntos a fin de agilizar la movilidad. \u00abNo es unir por unir, se tiene que analizar si cuenta con las condiciones, por lo que fue aprobada la solicitud de la Comisi\u00f3n de Movilidad, al titular de la direcci\u00f3n de Transporte, Gustavo Selvas, para que se elabore un proyecto ejecutivo de ciclov\u00edas del municipio de Solidaridad\u201d, dijo P\u00e9rez Vera.<\/p>\n\n\n\n<p>El regidor Uri Carmona propuso la construcci\u00f3n de cuatro paraderos en Playa del Carmen, en Villas del Sol, Misi\u00f3n de las Flores, Palmas II y La Guadalupana, as\u00ed como uno m\u00e1s en la Alcald\u00eda de Puerto Aventuras. Contar\u00e1n con iluminaci\u00f3n, c\u00e1maras de vigilancia, internet inal\u00e1mbrico, as\u00ed como un bot\u00f3n de p\u00e1nico.<\/p>\n\n\n\n<p>Por su parte, el subsecretario de infraestructura y Obras P\u00fablicas, Fabi\u00e1n Herrera, expuso sobre la obra p\u00fablica que se estar\u00e1 realizando en la avenida 115 entre calle 38 y Constituyentes, en respuesta a una petici\u00f3n ciudadana. Recalc\u00f3 que con los recursos de parqu\u00edmetros se realizar\u00e1n 30 pasos peatonales, 15 de ellos en Playa del Carmen y el resto en la alcald\u00eda de Puerto Aventuras.<\/p>\n\n\n\n<p>Para concluir, el s\u00edndico P\u00e9rez Vera dijo que ya se hab\u00eda solicitado un informe a la empresa de parqu\u00edmetros para ver cu\u00e1ntos cajones de estacionamiento est\u00e1n a disposici\u00f3n, en respuesta del representante legal de la empresa dijo que en este municipio cualquier veh\u00edculo que tenga placa para personas con discapacidad no paga el parqu\u00edmetro, sin embargo, no existe caj\u00f3n alguno para personas con discapacidad, por lo que es importante para esta ciudadan\u00eda, no tanto por el recurso econ\u00f3mico, sino por el tema de movilidad.<\/p>\n\n\n\n<p>Exhort\u00f3 a las diferentes \u00e1reas a trabajar en una sola ruta para generar alguna propuesta y poder modificar la normatividad y, en su caso, establecer cajones para personas con discapacidad que est\u00e9n cerca de los puntos m\u00e1s transitados.<\/p>\n","protected":false},"excerpt":{"rendered":"<p>(Redacci\u00f3n)! Se revisa en Comisi\u00f3n de Movilidad m\u00e1s paraderos, fluidez en ciclov\u00edas, pasos peatonales y estacionamiento para personas con discapacidad Playa del Carmen, Solidaridad a 27 de junio del 2023.\u2013 Para atender temas como paraderos, obra p\u00fablica, ciclov\u00edas, entre otros que benefician a la ciudadan\u00eda e instruidas por la presidenta Lili Campos, se realiz\u00f3 la [&hellip;]<\/p>\n","protected":false},"author":1,"featured_media":224791,"comment_status":"open","ping_status":"open","sticky":false,"template":"","format":"standard","meta":{"footnotes":""},"categories":[3],"tags":[],"class_list":["post-224790","post","type-post","status-publish","format-standard","has-post-thumbnail","hentry","category-quintana-roo","entry","has-media"],"jetpack_featured_media_url":"http:\/\/vertienteglobal.com\/wp-content\/uploads\/2023\/06\/FB_IMG_1688057812299.jpg","_links":{"self":[{"href":"http:\/\/vertienteglobal.com\/index.php?rest_route=\/wp\/v2\/posts\/224790","targetHints":{"allow":["GET"]}}],"collection":[{"href":"http:\/\/vertienteglobal.com\/index.php?rest_route=\/wp\/v2\/posts"}],"about":[{"href":"http:\/\/vertienteglobal.com\/index.php?rest_route=\/wp\/v2\/types\/post"}],"author":[{"embeddable":true,"href":"http:\/\/vertienteglobal.com\/index.php?rest_route=\/wp\/v2\/users\/1"}],"replies":[{"embeddable":true,"href":"http:\/\/vertienteglobal.com\/index.php?rest_route=%2Fwp%2Fv2%2Fcomments&post=224790"}],"version-history":[{"count":0,"href":"http:\/\/vertienteglobal.com\/index.php?rest_route=\/wp\/v2\/posts\/224790\/revisions"}],"wp:featuredmedia":[{"embeddable":true,"href":"http:\/\/vertienteglobal.com\/index.php?rest_route=\/wp\/v2\/media\/224791"}],"wp:attachment":[{"href":"http:\/\/vertienteglobal.com\/index.php?rest_route=%2Fwp%2Fv2%2Fmedia&parent=224790"}],"wp:term":[{"taxonomy":"category","embeddable":true,"href":"http:\/\/vertienteglobal.com\/index.php?rest_route=%2Fwp%2Fv2%2Fcategories&post=224790"},{"taxonomy":"post_tag","embeddable":true,"href":"http:\/\/vertienteglobal.com\/index.php?rest_route=%2Fwp%2Fv2%2Ftags&post=224790"}],"curies":[{"name":"wp","href":"https:\/\/api.w.org\/{rel}","templated":true}]}}