{"id":224692,"date":"2023-06-26T19:19:00","date_gmt":"2023-06-27T00:19:00","guid":{"rendered":"http:\/\/vertienteglobal.com\/?p=224692"},"modified":"2023-06-26T20:28:38","modified_gmt":"2023-06-27T01:28:38","slug":"en-segundo-periodo-de-inscripciones-se-registraron-18427-estudiantes-de-nuevo-ingreso","status":"publish","type":"post","link":"http:\/\/vertienteglobal.com\/?p=224692","title":{"rendered":"En segundo periodo de inscripciones se registraron 18,427 estudiantes de nuevo ingreso"},"content":{"rendered":"\n<div class=\"twitterbutton\" style=\"float: right; padding-left: 5px;\"><a href=\"http:\/\/twitter.com\/share\" class=\"twitter-share-button\" data-count=\"horizontal\" data-text=\"En segundo periodo de inscripciones se registraron 18,427 estudiantes de nuevo i...\" data-via=\"https:\/\/twitter.com\/VertienteGloba1\" data-url=\"http:\/\/vertienteglobal.com\/?p=224692\" data-lang=\"es\" data-related=\"Informaci\u00f3n general:S\u00edguenos para que est\u00e9ss informado\"><\/a><\/div>\n<figure class=\"wp-block-image size-full\"><img loading=\"lazy\" decoding=\"async\" width=\"1024\" height=\"768\" src=\"http:\/\/vertienteglobal.com\/wp-content\/uploads\/2023\/06\/FB_IMG_1687828906547.jpg\" alt=\"\" class=\"wp-image-224693\" srcset=\"http:\/\/vertienteglobal.com\/wp-content\/uploads\/2023\/06\/FB_IMG_1687828906547.jpg 1024w, http:\/\/vertienteglobal.com\/wp-content\/uploads\/2023\/06\/FB_IMG_1687828906547-300x225.jpg 300w, http:\/\/vertienteglobal.com\/wp-content\/uploads\/2023\/06\/FB_IMG_1687828906547-150x113.jpg 150w, http:\/\/vertienteglobal.com\/wp-content\/uploads\/2023\/06\/FB_IMG_1687828906547-768x576.jpg 768w\" sizes=\"auto, (max-width: 1024px) 100vw, 1024px\" \/><\/figure>\n\n\n\n<p>(Redacci\u00f3n)<\/p>\n\n\n\n<p>El primer d\u00eda del ciclo escolar 2023-2024, madres y padres de familia deber\u00e1n entregar a la escuela el formato de inscripci\u00f3n<\/p>\n\n\n\n<p>Chetumal, Quintana Roo, 26 de junio 2023.- Al finalizar el segundo periodo de inscripciones a educaci\u00f3n b\u00e1sica, ciclo escolar 2023-2024, del 16 de mayo al 16 de junio del presente, se inscribieron 18,427 alumnos de nuevo ingreso en todos los grados escolares de escuelas p\u00fablicas y se realizaron 18,347 cambios de plantel, inform\u00f3 el secretario de Educaci\u00f3n del Estado, Carlos Gorocica Moreno.<\/p>\n\n\n\n<p>A trav\u00e9s del Nuevo Acuerdo por el Bienestar y Desarrollo de Quintana Roo que impulsa la gobernadora Mara Lezama Espinosa, se prioriza que todas las ni\u00f1as, ni\u00f1os, j\u00f3venes y adolescentes, tengan un espacio asegurado en la escuela para poder prepararse mejor y en el futuro ser hombres y mujeres de bien que contribuyan a la transformaci\u00f3n positiva de la sociedad.<\/p>\n\n\n\n<p>Mencion\u00f3 que en preescolar se inscribieron 16,141 estudiantes, en primaria 1,787 y en secundaria 499, y en cuanto a los cambios de escuela, se registraron 2,343 en preescolar, 9,305 en primaria y 6,699 en secundaria.<\/p>\n\n\n\n<p>Del total de 16,141 alumnos y alumnas de nuevo ingreso en preescolar, 458 corresponden al municipio de Bacalar, 7,099 a Benito Ju\u00e1rez, 827 Cozumel, 893 Felipe Carrillo Puerto, 267 Isla Mujeres, 499 Jos\u00e9 Mar\u00eda Morelos, 382 L\u00e1zaro C\u00e1rdenas, 1,280 Oth\u00f3n P. Blanco, 300 Puerto Morelos, 3,408 Solidaridad y 728 Tulum, subray\u00f3.<\/p>\n\n\n\n<p>En cuanto al registro de primarias, 93 son de Bacalar, 794 de Benito Ju\u00e1rez, 34 Cozumel, 59 Felipe Carrillo Puerto, 23 Isla Mujeres, 31 Jos\u00e9 Mar\u00eda Morelos, 34 L\u00e1zaro C\u00e1rdenas, 126 Oth\u00f3n P. Blanco, 35 Puerto Morelos, 483 Solidaridad y 75 Tulum.<\/p>\n\n\n\n<p>En secundaria, 4 se inscribieron en Bacalar, 209 en Benito Ju\u00e1rez, 17 Cozumel, 10 Felipe Carrillo Puerto, 11 Isla Mujeres, 10 Jos\u00e9 Mar\u00eda Morelos, 4 L\u00e1zaro C\u00e1rdenas, 16 Oth\u00f3n P. Blanco, 11 Puerto Morelos, 173 Solidaridad y 34 Tulum. El primer d\u00eda del ciclo escolar 2023-2024, madres y padres de familia deber\u00e1n entregar a la escuela el formato de inscripci\u00f3n.<\/p>\n\n\n\n<figure class=\"wp-block-image size-full\"><img loading=\"lazy\" decoding=\"async\" width=\"585\" height=\"390\" src=\"http:\/\/vertienteglobal.com\/wp-content\/uploads\/2023\/06\/FB_IMG_1687828909900.jpg\" alt=\"\" class=\"wp-image-224694\" srcset=\"http:\/\/vertienteglobal.com\/wp-content\/uploads\/2023\/06\/FB_IMG_1687828909900.jpg 585w, http:\/\/vertienteglobal.com\/wp-content\/uploads\/2023\/06\/FB_IMG_1687828909900-300x200.jpg 300w, http:\/\/vertienteglobal.com\/wp-content\/uploads\/2023\/06\/FB_IMG_1687828909900-150x100.jpg 150w\" sizes=\"auto, (max-width: 585px) 100vw, 585px\" \/><\/figure>\n\n\n\n<figure class=\"wp-block-image size-full\"><img loading=\"lazy\" decoding=\"async\" width=\"585\" height=\"390\" src=\"http:\/\/vertienteglobal.com\/wp-content\/uploads\/2023\/06\/FB_IMG_1687828913413.jpg\" alt=\"\" class=\"wp-image-224695\" srcset=\"http:\/\/vertienteglobal.com\/wp-content\/uploads\/2023\/06\/FB_IMG_1687828913413.jpg 585w, http:\/\/vertienteglobal.com\/wp-content\/uploads\/2023\/06\/FB_IMG_1687828913413-300x200.jpg 300w, http:\/\/vertienteglobal.com\/wp-content\/uploads\/2023\/06\/FB_IMG_1687828913413-150x100.jpg 150w\" sizes=\"auto, (max-width: 585px) 100vw, 585px\" \/><\/figure>\n","protected":false},"excerpt":{"rendered":"<p>(Redacci\u00f3n) El primer d\u00eda del ciclo escolar 2023-2024, madres y padres de familia deber\u00e1n entregar a la escuela el formato de inscripci\u00f3n Chetumal, Quintana Roo, 26 de junio 2023.- Al finalizar el segundo periodo de inscripciones a educaci\u00f3n b\u00e1sica, ciclo escolar 2023-2024, del 16 de mayo al 16 de junio del presente, se inscribieron 18,427 [&hellip;]<\/p>\n","protected":false},"author":1,"featured_media":224695,"comment_status":"open","ping_status":"open","sticky":false,"template":"","format":"standard","meta":{"footnotes":""},"categories":[9,3],"tags":[],"class_list":["post-224692","post","type-post","status-publish","format-standard","has-post-thumbnail","hentry","category-educacion","category-quintana-roo","entry","has-media"],"jetpack_featured_media_url":"http:\/\/vertienteglobal.com\/wp-content\/uploads\/2023\/06\/FB_IMG_1687828913413.jpg","_links":{"self":[{"href":"http:\/\/vertienteglobal.com\/index.php?rest_route=\/wp\/v2\/posts\/224692","targetHints":{"allow":["GET"]}}],"collection":[{"href":"http:\/\/vertienteglobal.com\/index.php?rest_route=\/wp\/v2\/posts"}],"about":[{"href":"http:\/\/vertienteglobal.com\/index.php?rest_route=\/wp\/v2\/types\/post"}],"author":[{"embeddable":true,"href":"http:\/\/vertienteglobal.com\/index.php?rest_route=\/wp\/v2\/users\/1"}],"replies":[{"embeddable":true,"href":"http:\/\/vertienteglobal.com\/index.php?rest_route=%2Fwp%2Fv2%2Fcomments&post=224692"}],"version-history":[{"count":0,"href":"http:\/\/vertienteglobal.com\/index.php?rest_route=\/wp\/v2\/posts\/224692\/revisions"}],"wp:featuredmedia":[{"embeddable":true,"href":"http:\/\/vertienteglobal.com\/index.php?rest_route=\/wp\/v2\/media\/224695"}],"wp:attachment":[{"href":"http:\/\/vertienteglobal.com\/index.php?rest_route=%2Fwp%2Fv2%2Fmedia&parent=224692"}],"wp:term":[{"taxonomy":"category","embeddable":true,"href":"http:\/\/vertienteglobal.com\/index.php?rest_route=%2Fwp%2Fv2%2Fcategories&post=224692"},{"taxonomy":"post_tag","embeddable":true,"href":"http:\/\/vertienteglobal.com\/index.php?rest_route=%2Fwp%2Fv2%2Ftags&post=224692"}],"curies":[{"name":"wp","href":"https:\/\/api.w.org\/{rel}","templated":true}]}}