{"id":224661,"date":"2023-06-26T16:24:00","date_gmt":"2023-06-26T21:24:00","guid":{"rendered":"http:\/\/vertienteglobal.com\/?p=224661"},"modified":"2023-06-26T20:11:28","modified_gmt":"2023-06-27T01:11:28","slug":"nombran-a-raciel-lopez-fiscal-interino-de-la-fge-y-a-julio-gomez-titular-de-ssc-de-quintana-roo","status":"publish","type":"post","link":"http:\/\/vertienteglobal.com\/?p=224661","title":{"rendered":"Nombran a Raciel L\u00f3pez, fiscal interino de la FGE y a Julio G\u00f3mez titular de SSC de Quintana Roo"},"content":{"rendered":"\n<div class=\"twitterbutton\" style=\"float: right; padding-left: 5px;\"><a href=\"http:\/\/twitter.com\/share\" class=\"twitter-share-button\" data-count=\"horizontal\" data-text=\"Nombran a Raciel L\u00f3pez, fiscal interino de la FGE y a Julio G\u00f3mez titular de S...\" data-via=\"https:\/\/twitter.com\/VertienteGloba1\" data-url=\"http:\/\/vertienteglobal.com\/?p=224661\" data-lang=\"es\" data-related=\"Informaci\u00f3n general:S\u00edguenos para que est\u00e9ss informado\"><\/a><\/div>\n<figure class=\"wp-block-image size-full\"><img loading=\"lazy\" decoding=\"async\" width=\"692\" height=\"360\" src=\"http:\/\/vertienteglobal.com\/wp-content\/uploads\/2023\/06\/WhatsApp-Image-2023-06-26-at-12.44.40-PM-692x360-1.jpeg\" alt=\"\" class=\"wp-image-224662\" srcset=\"http:\/\/vertienteglobal.com\/wp-content\/uploads\/2023\/06\/WhatsApp-Image-2023-06-26-at-12.44.40-PM-692x360-1.jpeg 692w, http:\/\/vertienteglobal.com\/wp-content\/uploads\/2023\/06\/WhatsApp-Image-2023-06-26-at-12.44.40-PM-692x360-1-300x156.jpeg 300w, http:\/\/vertienteglobal.com\/wp-content\/uploads\/2023\/06\/WhatsApp-Image-2023-06-26-at-12.44.40-PM-692x360-1-150x78.jpeg 150w\" sizes=\"auto, (max-width: 692px) 100vw, 692px\" \/><\/figure>\n\n\n\n<p>(Redacci\u00f3n)<\/p>\n\n\n\n<p>Mara Lezama, finaliz\u00f3 reiterando que para su gobierno, es una prioridad regresar la tranquilidad a todas y todos los quintanarroenses, por lo que se redoblan esfuerzos para construir la paz y la prosperidad que todas las familias de Quintana Roo merecen<\/p>\n\n\n\n<p>Chetumal, Quintana Roo, 26 de junio 2023.- La gobernadora del Estado de Quintana Roo, Mara Lezama Espinosa design\u00f3 al Doctor Raciel L\u00f3pez Salazar, como encargado de despacho de la Fiscal\u00eda General del Estado (FGE) y al Capit\u00e1n de Nav\u00edo, Julio C\u00e9sar G\u00f3mez Torres como nuevo titular de la Secretar\u00eda de Seguridad Ciudadana (SSC).<\/p>\n\n\n\n<p>El Doctor Raciel L\u00f3pez Salazar, quien queda como fiscal interino es Doctor en Ciencias Jur\u00eddico Penales por el Instituto de Estudios Superiores \u201cManuel de Jos\u00e9 Rojas\u201d, y ven\u00eda desempe\u00f1\u00e1ndose como Delegado Estatal en el Estado de Quintana Roo de la Fiscal\u00eda General de la Rep\u00fablica (FGR); fue secretario de Seguridad P\u00fablica en Puebla, Delegado Estatal en el Estado de M\u00e9xico, Titular de la Procuradur\u00eda del Estado de Chiapas y Fiscal General del Estado de Chiapas.<\/p>\n\n\n\n<p>Asimismo, inform\u00f3 el cambio de titular en la SSC, quedando a cargo del Capit\u00e1n de Nav\u00edo, Julio C\u00e9sar G\u00f3mez Torres a partir de hoy. El Capit\u00e1n G\u00f3mez cuenta con una amplia experiencia y conocimientos en materia de Seguridad Ciudadana, as\u00ed como habilidades para el dise\u00f1o de las estrategias necesarias para dar continuidad al trabajo apegado a los lineamientos y esfuerzos nacionales que, en coordinaci\u00f3n con las fuerzas armadas, se llevan a cabo en la b\u00fasqueda de la construcci\u00f3n de la paz de manera integral en M\u00e9xico.<\/p>\n\n\n\n<p>La gobernadora agradeci\u00f3 al Doctor \u00d3scar Montes de Oca el trabajo realizado al frente del organismo y tambi\u00e9n al contralmirante Rub\u00e9n Oyarvide Pedrero, su entrega y honestidad como titular de la SSC.<\/p>\n\n\n\n<p>De la misma manera solicit\u00f3 al Congreso de Quintana Roo analice los perfiles profesionales y probados que podr\u00edan encabezar la FGE para garantizar la seguridad y justicia en Quintana Roo.<\/p>\n\n\n\n<p>Mara Lezama, finaliz\u00f3 reiterando que para su gobierno, es una prioridad regresar la tranquilidad a todas y todos los quintanarroenses, por lo que se redoblan esfuerzos para construir la paz y la prosperidad que todas las familias de Quintana Roo merecen.<\/p>\n","protected":false},"excerpt":{"rendered":"<p>(Redacci\u00f3n) Mara Lezama, finaliz\u00f3 reiterando que para su gobierno, es una prioridad regresar la tranquilidad a todas y todos los quintanarroenses, por lo que se redoblan esfuerzos para construir la paz y la prosperidad que todas las familias de Quintana Roo merecen Chetumal, Quintana Roo, 26 de junio 2023.- La gobernadora del Estado de Quintana [&hellip;]<\/p>\n","protected":false},"author":1,"featured_media":224662,"comment_status":"open","ping_status":"open","sticky":false,"template":"","format":"standard","meta":{"footnotes":""},"categories":[3],"tags":[],"class_list":["post-224661","post","type-post","status-publish","format-standard","has-post-thumbnail","hentry","category-quintana-roo","entry","has-media"],"jetpack_featured_media_url":"http:\/\/vertienteglobal.com\/wp-content\/uploads\/2023\/06\/WhatsApp-Image-2023-06-26-at-12.44.40-PM-692x360-1.jpeg","_links":{"self":[{"href":"http:\/\/vertienteglobal.com\/index.php?rest_route=\/wp\/v2\/posts\/224661","targetHints":{"allow":["GET"]}}],"collection":[{"href":"http:\/\/vertienteglobal.com\/index.php?rest_route=\/wp\/v2\/posts"}],"about":[{"href":"http:\/\/vertienteglobal.com\/index.php?rest_route=\/wp\/v2\/types\/post"}],"author":[{"embeddable":true,"href":"http:\/\/vertienteglobal.com\/index.php?rest_route=\/wp\/v2\/users\/1"}],"replies":[{"embeddable":true,"href":"http:\/\/vertienteglobal.com\/index.php?rest_route=%2Fwp%2Fv2%2Fcomments&post=224661"}],"version-history":[{"count":0,"href":"http:\/\/vertienteglobal.com\/index.php?rest_route=\/wp\/v2\/posts\/224661\/revisions"}],"wp:featuredmedia":[{"embeddable":true,"href":"http:\/\/vertienteglobal.com\/index.php?rest_route=\/wp\/v2\/media\/224662"}],"wp:attachment":[{"href":"http:\/\/vertienteglobal.com\/index.php?rest_route=%2Fwp%2Fv2%2Fmedia&parent=224661"}],"wp:term":[{"taxonomy":"category","embeddable":true,"href":"http:\/\/vertienteglobal.com\/index.php?rest_route=%2Fwp%2Fv2%2Fcategories&post=224661"},{"taxonomy":"post_tag","embeddable":true,"href":"http:\/\/vertienteglobal.com\/index.php?rest_route=%2Fwp%2Fv2%2Ftags&post=224661"}],"curies":[{"name":"wp","href":"https:\/\/api.w.org\/{rel}","templated":true}]}}