{"id":224549,"date":"2023-06-24T17:52:00","date_gmt":"2023-06-24T22:52:00","guid":{"rendered":"http:\/\/vertienteglobal.com\/?p=224549"},"modified":"2023-06-26T17:49:12","modified_gmt":"2023-06-26T22:49:12","slug":"protestas-en-monterrey-por-falta-de-luz-ante-el-calor-intenso","status":"publish","type":"post","link":"http:\/\/vertienteglobal.com\/?p=224549","title":{"rendered":"Protestas en Monterrey por falta de luz, ante el calor intenso"},"content":{"rendered":"\n<div class=\"twitterbutton\" style=\"float: right; padding-left: 5px;\"><a href=\"http:\/\/twitter.com\/share\" class=\"twitter-share-button\" data-count=\"horizontal\" data-text=\"Protestas en Monterrey por falta de luz, ante el calor intenso\" data-via=\"https:\/\/twitter.com\/VertienteGloba1\" data-url=\"http:\/\/vertienteglobal.com\/?p=224549\" data-lang=\"es\" data-related=\"Informaci\u00f3n general:S\u00edguenos para que est\u00e9ss informado\"><\/a><\/div>\n<figure class=\"wp-block-image size-full\"><img loading=\"lazy\" decoding=\"async\" width=\"720\" height=\"454\" src=\"http:\/\/vertienteglobal.com\/wp-content\/uploads\/2023\/06\/FB_IMG_1687818784762.jpg\" alt=\"\" class=\"wp-image-224550\" srcset=\"http:\/\/vertienteglobal.com\/wp-content\/uploads\/2023\/06\/FB_IMG_1687818784762.jpg 720w, http:\/\/vertienteglobal.com\/wp-content\/uploads\/2023\/06\/FB_IMG_1687818784762-300x189.jpg 300w, http:\/\/vertienteglobal.com\/wp-content\/uploads\/2023\/06\/FB_IMG_1687818784762-150x95.jpg 150w\" sizes=\"auto, (max-width: 720px) 100vw, 720px\" \/><\/figure>\n\n\n\n<p>(Redacci\u00f3n)<\/p>\n\n\n\n<p>Algunos usuarios han compartido su experiencia personal, indicando que a pesar de que personal de la CFE se present\u00f3 para reparar el suministro en d\u00edas anteriores, la situaci\u00f3n persiste y contin\u00faan sin servicio el\u00e9ctrico<\/p>\n\n\n\n<p>Monterrey, Nuevo Le\u00f3n, 24 de junio 2023.- Varios usuarios en redes sociales han expresado su descontento y preocupaci\u00f3n debido a los constantes cortes de luz que est\u00e1n experimentando en diferentes zonas de Monterrey. La falta de suministro el\u00e9ctrico se agrava por las altas temperaturas que se registran en la regi\u00f3n.<\/p>\n\n\n\n<p>Y es que ante esta situaci\u00f3n, algunos ciudadanos han decidido manifestarse en las calles exigiendo a la Comisi\u00f3n Federal de Electricidad (CFE) una pronta soluci\u00f3n y el restablecimiento del servicio el\u00e9ctrico. Las protestas han tenido lugar en distintos puntos de la ciudad, y en ellas los participantes expresan su frustraci\u00f3n por la falta de luz y los inconvenientes que esto les genera, especialmente en un contexto de intenso calor.<\/p>\n\n\n\n<p>A trav\u00e9s de redes sociales, se han difundido fotograf\u00edas y testimonios que muestran la magnitud del problema. Algunos usuarios han compartido su experiencia personal, indicando que a pesar de que personal de la CFE se present\u00f3 para reparar el suministro en d\u00edas anteriores, la situaci\u00f3n persiste y contin\u00faan sin servicio el\u00e9ctrico.<\/p>\n\n\n\n<p>La falta de energ\u00eda el\u00e9ctrica no solo afecta el bienestar de los habitantes de Monterrey, sino que tambi\u00e9n puede tener repercusiones en diversos aspectos de la vida cotidiana, como el funcionamiento de los sistemas de refrigeraci\u00f3n, la conservaci\u00f3n de alimentos y medicamentos, as\u00ed como la realizaci\u00f3n de actividades dom\u00e9sticas y laborales.<\/p>\n\n\n\n<p>Seg\u00fan el pron\u00f3stico de Protecci\u00f3n Civil de Nuevo Le\u00f3n, se esperan altas temperaturas en los pr\u00f3ximos d\u00edas, con m\u00e1ximas de hasta 38 grados Celsius.<\/p>\n\n\n\n<p>Esta situaci\u00f3n se vuelve especialmente dif\u00edcil de sobrellevar para aquellos que no cuentan con electricidad, lo que agrava el malestar y la incomodidad generada por el calor.<\/p>\n\n\n\n<p>El Centro Nacional de Control de Energ\u00eda (CENACE) emiti\u00f3 un comunicado en el que asegur\u00f3 que el Sistema El\u00e9ctrico Nacional cuenta con los recursos necesarios para abastecer la demanda de energ\u00eda en el pa\u00eds, incluyendo los 47 millones de usuarios en M\u00e9xico. Sin embargo, la persistencia de los cortes de luz en Monterrey ha generado dudas y cr\u00edticas por parte de la poblaci\u00f3n afectada.<\/p>\n\n\n\n<p>Ante esta situaci\u00f3n, se espera que las autoridades correspondientes tomen las medidas necesarias para resolver el problema de manera pronta y eficiente, garantizando el suministro el\u00e9ctrico y brindando soluciones a los habitantes de Monterrey que se encuentran afectados por la falta de luz y las altas temperaturas.(Fuente:Redes)<\/p>\n","protected":false},"excerpt":{"rendered":"<p>(Redacci\u00f3n) Algunos usuarios han compartido su experiencia personal, indicando que a pesar de que personal de la CFE se present\u00f3 para reparar el suministro en d\u00edas anteriores, la situaci\u00f3n persiste y contin\u00faan sin servicio el\u00e9ctrico Monterrey, Nuevo Le\u00f3n, 24 de junio 2023.- Varios usuarios en redes sociales han expresado su descontento y preocupaci\u00f3n debido a [&hellip;]<\/p>\n","protected":false},"author":1,"featured_media":224550,"comment_status":"open","ping_status":"open","sticky":false,"template":"","format":"standard","meta":{"footnotes":""},"categories":[8],"tags":[],"class_list":["post-224549","post","type-post","status-publish","format-standard","has-post-thumbnail","hentry","category-pais","entry","has-media"],"jetpack_featured_media_url":"http:\/\/vertienteglobal.com\/wp-content\/uploads\/2023\/06\/FB_IMG_1687818784762.jpg","_links":{"self":[{"href":"http:\/\/vertienteglobal.com\/index.php?rest_route=\/wp\/v2\/posts\/224549","targetHints":{"allow":["GET"]}}],"collection":[{"href":"http:\/\/vertienteglobal.com\/index.php?rest_route=\/wp\/v2\/posts"}],"about":[{"href":"http:\/\/vertienteglobal.com\/index.php?rest_route=\/wp\/v2\/types\/post"}],"author":[{"embeddable":true,"href":"http:\/\/vertienteglobal.com\/index.php?rest_route=\/wp\/v2\/users\/1"}],"replies":[{"embeddable":true,"href":"http:\/\/vertienteglobal.com\/index.php?rest_route=%2Fwp%2Fv2%2Fcomments&post=224549"}],"version-history":[{"count":0,"href":"http:\/\/vertienteglobal.com\/index.php?rest_route=\/wp\/v2\/posts\/224549\/revisions"}],"wp:featuredmedia":[{"embeddable":true,"href":"http:\/\/vertienteglobal.com\/index.php?rest_route=\/wp\/v2\/media\/224550"}],"wp:attachment":[{"href":"http:\/\/vertienteglobal.com\/index.php?rest_route=%2Fwp%2Fv2%2Fmedia&parent=224549"}],"wp:term":[{"taxonomy":"category","embeddable":true,"href":"http:\/\/vertienteglobal.com\/index.php?rest_route=%2Fwp%2Fv2%2Fcategories&post=224549"},{"taxonomy":"post_tag","embeddable":true,"href":"http:\/\/vertienteglobal.com\/index.php?rest_route=%2Fwp%2Fv2%2Ftags&post=224549"}],"curies":[{"name":"wp","href":"https:\/\/api.w.org\/{rel}","templated":true}]}}