{"id":224532,"date":"2023-06-23T23:52:00","date_gmt":"2023-06-24T04:52:00","guid":{"rendered":"http:\/\/vertienteglobal.com\/?p=224532"},"modified":"2023-06-26T11:51:41","modified_gmt":"2023-06-26T16:51:41","slug":"casos-de-diabetes-en-america-latina-creceran-el-180-para-2050-the-lancet","status":"publish","type":"post","link":"http:\/\/vertienteglobal.com\/?p=224532","title":{"rendered":"Casos de diabetes en Am\u00e9rica Latina crecer\u00e1n el 180% para 2050: The Lancet"},"content":{"rendered":"\n<div class=\"twitterbutton\" style=\"float: right; padding-left: 5px;\"><a href=\"http:\/\/twitter.com\/share\" class=\"twitter-share-button\" data-count=\"horizontal\" data-text=\"Casos de diabetes en Am\u00e9rica Latina crecer\u00e1n el 180% para 2050: The Lancet\" data-via=\"https:\/\/twitter.com\/VertienteGloba1\" data-url=\"http:\/\/vertienteglobal.com\/?p=224532\" data-lang=\"es\" data-related=\"Informaci\u00f3n general:S\u00edguenos para que est\u00e9ss informado\"><\/a><\/div>\n<figure class=\"wp-block-image size-full\"><img loading=\"lazy\" decoding=\"async\" width=\"1024\" height=\"683\" src=\"http:\/\/vertienteglobal.com\/wp-content\/uploads\/2023\/06\/209113.jpg\" alt=\"\" class=\"wp-image-224533\" srcset=\"http:\/\/vertienteglobal.com\/wp-content\/uploads\/2023\/06\/209113.jpg 1024w, http:\/\/vertienteglobal.com\/wp-content\/uploads\/2023\/06\/209113-300x200.jpg 300w, http:\/\/vertienteglobal.com\/wp-content\/uploads\/2023\/06\/209113-150x100.jpg 150w, http:\/\/vertienteglobal.com\/wp-content\/uploads\/2023\/06\/209113-768x512.jpg 768w\" sizes=\"auto, (max-width: 1024px) 100vw, 1024px\" \/><\/figure>\n\n\n\n<p>(Redacci\u00f3n)<\/p>\n\n\n\n<p>La diabetes es una enfermedad metab\u00f3lica que se desarrolla cuando el p\u00e1ncreas no puede producir suficiente insulina o cuando el cuerpo no puede utilizarla de manera eficaz<\/p>\n\n\n\n<p>Ciudad de M\u00e9xico 23 de junio 2023.-Seg\u00fan un estudio internacional publicado en la revista The Lancet, se ha revelado que la incidencia de la diabetes en Am\u00e9rica Latina y el Caribe es alarmante y se espera que empeore en los pr\u00f3ximos a\u00f1os. El estudio, liderado por investigadores del Instituto de Evaluaci\u00f3n y M\u00e9tricas Sanitarias de la Facultad de Medicina de la Universidad de Washington en los Estados Unidos, ha estimado que en 2021 hab\u00eda aproximadamente 43 millones de personas con diabetes en la regi\u00f3n.<\/p>\n\n\n\n<p>La diabetes es una enfermedad metab\u00f3lica que se desarrolla cuando el p\u00e1ncreas no puede producir suficiente insulina o cuando el cuerpo no puede utilizarla de manera eficaz. Como resultado, los niveles de glucosa en la sangre aumentan, lo que puede generar da\u00f1os a largo plazo en diversos \u00f3rganos y tejidos. Esta condici\u00f3n afecta significativamente la calidad de vida de las personas y requiere un manejo adecuado para evitar complicaciones graves.<\/p>\n\n\n\n<p>Seg\u00fan las proyecciones del estudio, se espera que el n\u00famero de casos de diabetes en Am\u00e9rica Latina y el Caribe aumente considerablemente en el futuro. Se estima que para el a\u00f1o 2050, habr\u00e1 aproximadamente 121 millones de personas afectadas por esta enfermedad en la regi\u00f3n. Sin embargo, esta tendencia no se limita solo a Am\u00e9rica Latina, ya que se espera que la incidencia de la diabetes aumente en todas las regiones del mundo.<\/p>\n\n\n\n<p>A nivel mundial, se estima que en 2021 hab\u00eda 529 millones de personas con diabetes, y se pronostica que esta cifra se incrementar\u00e1 a alrededor de 1.400 millones para el a\u00f1o 2050. Estos n\u00fameros son preocupantes y destacan la necesidad de tomar medidas para prevenir y controlar la diabetes de manera efectiva.(Fuente: Infobae\/Xeva)<\/p>\n","protected":false},"excerpt":{"rendered":"<p>(Redacci\u00f3n) La diabetes es una enfermedad metab\u00f3lica que se desarrolla cuando el p\u00e1ncreas no puede producir suficiente insulina o cuando el cuerpo no puede utilizarla de manera eficaz Ciudad de M\u00e9xico 23 de junio 2023.-Seg\u00fan un estudio internacional publicado en la revista The Lancet, se ha revelado que la incidencia de la diabetes en Am\u00e9rica [&hellip;]<\/p>\n","protected":false},"author":1,"featured_media":224533,"comment_status":"open","ping_status":"open","sticky":false,"template":"","format":"standard","meta":{"footnotes":""},"categories":[8],"tags":[],"class_list":["post-224532","post","type-post","status-publish","format-standard","has-post-thumbnail","hentry","category-pais","entry","has-media"],"jetpack_featured_media_url":"http:\/\/vertienteglobal.com\/wp-content\/uploads\/2023\/06\/209113.jpg","_links":{"self":[{"href":"http:\/\/vertienteglobal.com\/index.php?rest_route=\/wp\/v2\/posts\/224532","targetHints":{"allow":["GET"]}}],"collection":[{"href":"http:\/\/vertienteglobal.com\/index.php?rest_route=\/wp\/v2\/posts"}],"about":[{"href":"http:\/\/vertienteglobal.com\/index.php?rest_route=\/wp\/v2\/types\/post"}],"author":[{"embeddable":true,"href":"http:\/\/vertienteglobal.com\/index.php?rest_route=\/wp\/v2\/users\/1"}],"replies":[{"embeddable":true,"href":"http:\/\/vertienteglobal.com\/index.php?rest_route=%2Fwp%2Fv2%2Fcomments&post=224532"}],"version-history":[{"count":0,"href":"http:\/\/vertienteglobal.com\/index.php?rest_route=\/wp\/v2\/posts\/224532\/revisions"}],"wp:featuredmedia":[{"embeddable":true,"href":"http:\/\/vertienteglobal.com\/index.php?rest_route=\/wp\/v2\/media\/224533"}],"wp:attachment":[{"href":"http:\/\/vertienteglobal.com\/index.php?rest_route=%2Fwp%2Fv2%2Fmedia&parent=224532"}],"wp:term":[{"taxonomy":"category","embeddable":true,"href":"http:\/\/vertienteglobal.com\/index.php?rest_route=%2Fwp%2Fv2%2Fcategories&post=224532"},{"taxonomy":"post_tag","embeddable":true,"href":"http:\/\/vertienteglobal.com\/index.php?rest_route=%2Fwp%2Fv2%2Ftags&post=224532"}],"curies":[{"name":"wp","href":"https:\/\/api.w.org\/{rel}","templated":true}]}}