{"id":224462,"date":"2023-06-23T15:42:00","date_gmt":"2023-06-23T20:42:00","guid":{"rendered":"http:\/\/vertienteglobal.com\/?p=224462"},"modified":"2023-06-26T10:47:27","modified_gmt":"2023-06-26T15:47:27","slug":"mayor-calidad-de-vida-con-pinta-tu-fachada-en-solidaridad","status":"publish","type":"post","link":"http:\/\/vertienteglobal.com\/?p=224462","title":{"rendered":"Mayor calidad de vida con \u201cPinta tu fachada\u201d en Solidaridad"},"content":{"rendered":"\n<div class=\"twitterbutton\" style=\"float: right; padding-left: 5px;\"><a href=\"http:\/\/twitter.com\/share\" class=\"twitter-share-button\" data-count=\"horizontal\" data-text=\"Mayor calidad de vida con \u201cPinta tu fachada\u201d en Solidaridad\" data-via=\"https:\/\/twitter.com\/VertienteGloba1\" data-url=\"http:\/\/vertienteglobal.com\/?p=224462\" data-lang=\"es\" data-related=\"Informaci\u00f3n general:S\u00edguenos para que est\u00e9ss informado\"><\/a><\/div>\n<figure class=\"wp-block-image size-full\"><img loading=\"lazy\" decoding=\"async\" width=\"720\" height=\"480\" src=\"http:\/\/vertienteglobal.com\/wp-content\/uploads\/2023\/06\/FB_IMG_1687783856002.jpg\" alt=\"\" class=\"wp-image-224433\" srcset=\"http:\/\/vertienteglobal.com\/wp-content\/uploads\/2023\/06\/FB_IMG_1687783856002.jpg 720w, http:\/\/vertienteglobal.com\/wp-content\/uploads\/2023\/06\/FB_IMG_1687783856002-300x200.jpg 300w, http:\/\/vertienteglobal.com\/wp-content\/uploads\/2023\/06\/FB_IMG_1687783856002-150x100.jpg 150w\" sizes=\"auto, (max-width: 720px) 100vw, 720px\" \/><\/figure>\n\n\n\n<p>(Redacci\u00f3n)<\/p>\n\n\n\n<p>En una semana ya se atendieron 40 viviendas; se espera que en dos m\u00e1s concluya la primera etapa en El Pet\u00e9n, La Guadalupana y Villas Riviera.<\/p>\n\n\n\n<p>Playa del Carmen, Solidaridad Quintana Roo 23 de junio 2023.- Familias con viviendas en mejores condiciones y ambientes es el resultado del arranque de \u201cPinta tu fachada\u201d donde la presidenta municipal Lili Campos indic\u00f3 que este programa tiene el objetivo de atender alrededor de 20 mil viviendas de toda la geograf\u00eda municipal.<\/p>\n\n\n\n<p>A tan solo una semana de su arranque, el director de gobierno Santiago Ch\u00e1vez inform\u00f3 que un aproximado de 40 viviendas ya est\u00e1n pintadas, por lo que se espera que las dos semanas siguientes se termine esta primera etapa que comprende las colonias El Pet\u00e9n, La Guadalupana y Villas Riviera; se espera que en las pr\u00f3ximas fechas se termine con las 300 viviendas m\u00e1s, ya que est\u00e1n yendo casa por casa, y se le dar\u00e1 respuesta a toda la ciudadan\u00eda.<\/p>\n\n\n\n<p>A su vez, coment\u00f3 que las personas que est\u00e9n interesadas deben acudir a la estancia infantil municipal ubicada en El Pet\u00e9n con su INE, CURP y comprobante de domicilio de 9 de la ma\u00f1ana a 2 de la tarde. El director de Gobierno manifest\u00f3 que para ser beneficiarios deben acercarse a esta instancia con la documentaci\u00f3n requerida.<\/p>\n\n\n\n<p>Al realizar un recorrido por la zona, uno de los vecinos beneficiarios llamado Amado P\u00e9rez dijo: \u201cme siento agradecido por este apoyo que ha realizado este gobierno municipal, este programa le da otra imagen a la colonia y al rumbo, ya que se ve m\u00e1s limpia y colorida\u201d.<\/p>\n\n\n\n<figure class=\"wp-block-image size-full\"><img loading=\"lazy\" decoding=\"async\" width=\"720\" height=\"480\" src=\"http:\/\/vertienteglobal.com\/wp-content\/uploads\/2023\/06\/FB_IMG_1687783861311.jpg\" alt=\"\" class=\"wp-image-224432\" srcset=\"http:\/\/vertienteglobal.com\/wp-content\/uploads\/2023\/06\/FB_IMG_1687783861311.jpg 720w, http:\/\/vertienteglobal.com\/wp-content\/uploads\/2023\/06\/FB_IMG_1687783861311-300x200.jpg 300w, http:\/\/vertienteglobal.com\/wp-content\/uploads\/2023\/06\/FB_IMG_1687783861311-150x100.jpg 150w\" sizes=\"auto, (max-width: 720px) 100vw, 720px\" \/><\/figure>\n\n\n\n<figure class=\"wp-block-image size-full\"><img loading=\"lazy\" decoding=\"async\" width=\"720\" height=\"480\" src=\"http:\/\/vertienteglobal.com\/wp-content\/uploads\/2023\/06\/FB_IMG_1687783866062.jpg\" alt=\"\" class=\"wp-image-224434\" srcset=\"http:\/\/vertienteglobal.com\/wp-content\/uploads\/2023\/06\/FB_IMG_1687783866062.jpg 720w, http:\/\/vertienteglobal.com\/wp-content\/uploads\/2023\/06\/FB_IMG_1687783866062-300x200.jpg 300w, http:\/\/vertienteglobal.com\/wp-content\/uploads\/2023\/06\/FB_IMG_1687783866062-150x100.jpg 150w\" sizes=\"auto, (max-width: 720px) 100vw, 720px\" \/><\/figure>\n","protected":false},"excerpt":{"rendered":"<p>(Redacci\u00f3n) En una semana ya se atendieron 40 viviendas; se espera que en dos m\u00e1s concluya la primera etapa en El Pet\u00e9n, La Guadalupana y Villas Riviera. Playa del Carmen, Solidaridad Quintana Roo 23 de junio 2023.- Familias con viviendas en mejores condiciones y ambientes es el resultado del arranque de \u201cPinta tu fachada\u201d donde [&hellip;]<\/p>\n","protected":false},"author":1,"featured_media":224433,"comment_status":"open","ping_status":"open","sticky":false,"template":"","format":"standard","meta":{"footnotes":""},"categories":[3],"tags":[],"class_list":["post-224462","post","type-post","status-publish","format-standard","has-post-thumbnail","hentry","category-quintana-roo","entry","has-media"],"jetpack_featured_media_url":"http:\/\/vertienteglobal.com\/wp-content\/uploads\/2023\/06\/FB_IMG_1687783856002.jpg","_links":{"self":[{"href":"http:\/\/vertienteglobal.com\/index.php?rest_route=\/wp\/v2\/posts\/224462","targetHints":{"allow":["GET"]}}],"collection":[{"href":"http:\/\/vertienteglobal.com\/index.php?rest_route=\/wp\/v2\/posts"}],"about":[{"href":"http:\/\/vertienteglobal.com\/index.php?rest_route=\/wp\/v2\/types\/post"}],"author":[{"embeddable":true,"href":"http:\/\/vertienteglobal.com\/index.php?rest_route=\/wp\/v2\/users\/1"}],"replies":[{"embeddable":true,"href":"http:\/\/vertienteglobal.com\/index.php?rest_route=%2Fwp%2Fv2%2Fcomments&post=224462"}],"version-history":[{"count":0,"href":"http:\/\/vertienteglobal.com\/index.php?rest_route=\/wp\/v2\/posts\/224462\/revisions"}],"wp:featuredmedia":[{"embeddable":true,"href":"http:\/\/vertienteglobal.com\/index.php?rest_route=\/wp\/v2\/media\/224433"}],"wp:attachment":[{"href":"http:\/\/vertienteglobal.com\/index.php?rest_route=%2Fwp%2Fv2%2Fmedia&parent=224462"}],"wp:term":[{"taxonomy":"category","embeddable":true,"href":"http:\/\/vertienteglobal.com\/index.php?rest_route=%2Fwp%2Fv2%2Fcategories&post=224462"},{"taxonomy":"post_tag","embeddable":true,"href":"http:\/\/vertienteglobal.com\/index.php?rest_route=%2Fwp%2Fv2%2Ftags&post=224462"}],"curies":[{"name":"wp","href":"https:\/\/api.w.org\/{rel}","templated":true}]}}