{"id":224409,"date":"2023-06-22T23:51:00","date_gmt":"2023-06-23T04:51:00","guid":{"rendered":"http:\/\/vertienteglobal.com\/?p=224409"},"modified":"2023-06-23T07:18:31","modified_gmt":"2023-06-23T12:18:31","slug":"morena-pt-y-pvem-buscaran-consolidar-el-plan-c-de-la-reforma-electoral-en-2024","status":"publish","type":"post","link":"http:\/\/vertienteglobal.com\/?p=224409","title":{"rendered":"Morena, PT y PVEM buscar\u00e1n consolidar el &#8216;Plan C&#8217; de la reforma electoral en 2024"},"content":{"rendered":"\n<div class=\"twitterbutton\" style=\"float: right; padding-left: 5px;\"><a href=\"http:\/\/twitter.com\/share\" class=\"twitter-share-button\" data-count=\"horizontal\" data-text=\"Morena, PT y PVEM buscar\u00e1n consolidar el &#8216;Plan C&#8217; de la reforma ele...\" data-via=\"https:\/\/twitter.com\/VertienteGloba1\" data-url=\"http:\/\/vertienteglobal.com\/?p=224409\" data-lang=\"es\" data-related=\"Informaci\u00f3n general:S\u00edguenos para que est\u00e9ss informado\"><\/a><\/div>\n<figure class=\"wp-block-image size-full\"><img loading=\"lazy\" decoding=\"async\" width=\"1024\" height=\"683\" src=\"http:\/\/vertienteglobal.com\/wp-content\/uploads\/2023\/06\/209096.jpg\" alt=\"\" class=\"wp-image-224410\" srcset=\"http:\/\/vertienteglobal.com\/wp-content\/uploads\/2023\/06\/209096.jpg 1024w, http:\/\/vertienteglobal.com\/wp-content\/uploads\/2023\/06\/209096-300x200.jpg 300w, http:\/\/vertienteglobal.com\/wp-content\/uploads\/2023\/06\/209096-150x100.jpg 150w, http:\/\/vertienteglobal.com\/wp-content\/uploads\/2023\/06\/209096-768x512.jpg 768w\" sizes=\"auto, (max-width: 1024px) 100vw, 1024px\" \/><\/figure>\n\n\n\n<p>(Redacci\u00f3n)<\/p>\n\n\n\n<p>&#8216;Esta es una alianza a partir de principios, de valores y proyecto de transformaci\u00f3n nacional. No es una alianza de intereses, no es una alianza de complicidades ni una alianza como la de los otros que tienen como objetivo que regrese la corrupci\u00f3n y el saqueo de los bienes nacionales&#8217;, dijo el presidente nacional de Morena, Mario Delgado<\/p>\n\n\n\n<p>Ciudad de M\u00e9xico 22 de junio 2023.-El Partido del Trabajo (PT), Partido Verde Ecologista de M\u00e9xico (PVEM) y Morena refrendaron su compromiso de contender en alianza en todo el proceso electoral de 2024 y de impulsar el &#8216;Plan C&#8217;.<\/p>\n\n\n\n<p>Y es que las tres dirigencias de los tres partidos que conforman la coalici\u00f3n &#8216;Juntos Hacemos Historia&#8217; se\u00f1alaron que no s\u00f3lo buscar\u00e1n ganar la presidencia de la Rep\u00fablica el pr\u00f3ximo a\u00f1o, sino tambi\u00e9n la mayor\u00eda calificada en ambas c\u00e1maras del Congreso, a fin de reforma al Poder Judicial.<\/p>\n\n\n\n<p>Lo anterior, luego de que una mayor\u00eda de nueve ministros de la Suprema Corte de Justicia de la Naci\u00f3n (SCJN) invalid\u00f3 la segunda parte de la reforma electoral, conocida como &#8216;Plan B&#8217;, impulsada por el presidente Andr\u00e9s Manuel L\u00f3pez Obrador.<\/p>\n\n\n\n<p>&#8216;Esta es una alianza a partir de principios, de valores y proyecto de transformaci\u00f3n nacional. No es una alianza de intereses, no es una alianza de complicidades ni una alianza como la de los otros que tienen como objetivo que regrese la corrupci\u00f3n y el saqueo de los bienes nacionales&#8217;, dijo el presidente nacional de Morena, Mario Delgado Carrillo.(Fuente:PoliticoMx\/Xeva)<\/p>\n","protected":false},"excerpt":{"rendered":"<p>(Redacci\u00f3n) &#8216;Esta es una alianza a partir de principios, de valores y proyecto de transformaci\u00f3n nacional. No es una alianza de intereses, no es una alianza de complicidades ni una alianza como la de los otros que tienen como objetivo que regrese la corrupci\u00f3n y el saqueo de los bienes nacionales&#8217;, dijo el presidente nacional [&hellip;]<\/p>\n","protected":false},"author":1,"featured_media":224410,"comment_status":"open","ping_status":"open","sticky":false,"template":"","format":"standard","meta":{"footnotes":""},"categories":[8],"tags":[],"class_list":["post-224409","post","type-post","status-publish","format-standard","has-post-thumbnail","hentry","category-pais","entry","has-media"],"jetpack_featured_media_url":"http:\/\/vertienteglobal.com\/wp-content\/uploads\/2023\/06\/209096.jpg","_links":{"self":[{"href":"http:\/\/vertienteglobal.com\/index.php?rest_route=\/wp\/v2\/posts\/224409","targetHints":{"allow":["GET"]}}],"collection":[{"href":"http:\/\/vertienteglobal.com\/index.php?rest_route=\/wp\/v2\/posts"}],"about":[{"href":"http:\/\/vertienteglobal.com\/index.php?rest_route=\/wp\/v2\/types\/post"}],"author":[{"embeddable":true,"href":"http:\/\/vertienteglobal.com\/index.php?rest_route=\/wp\/v2\/users\/1"}],"replies":[{"embeddable":true,"href":"http:\/\/vertienteglobal.com\/index.php?rest_route=%2Fwp%2Fv2%2Fcomments&post=224409"}],"version-history":[{"count":0,"href":"http:\/\/vertienteglobal.com\/index.php?rest_route=\/wp\/v2\/posts\/224409\/revisions"}],"wp:featuredmedia":[{"embeddable":true,"href":"http:\/\/vertienteglobal.com\/index.php?rest_route=\/wp\/v2\/media\/224410"}],"wp:attachment":[{"href":"http:\/\/vertienteglobal.com\/index.php?rest_route=%2Fwp%2Fv2%2Fmedia&parent=224409"}],"wp:term":[{"taxonomy":"category","embeddable":true,"href":"http:\/\/vertienteglobal.com\/index.php?rest_route=%2Fwp%2Fv2%2Fcategories&post=224409"},{"taxonomy":"post_tag","embeddable":true,"href":"http:\/\/vertienteglobal.com\/index.php?rest_route=%2Fwp%2Fv2%2Ftags&post=224409"}],"curies":[{"name":"wp","href":"https:\/\/api.w.org\/{rel}","templated":true}]}}