{"id":224351,"date":"2023-06-22T09:55:00","date_gmt":"2023-06-22T14:55:00","guid":{"rendered":"http:\/\/vertienteglobal.com\/?p=224351"},"modified":"2023-06-22T19:58:38","modified_gmt":"2023-06-23T00:58:38","slug":"inflacion-en-mexico-llega-a-5-18-en-la-primera-quincena-de-junio","status":"publish","type":"post","link":"http:\/\/vertienteglobal.com\/?p=224351","title":{"rendered":"Inflaci\u00f3n en M\u00e9xico llega a 5.18% en la primera quincena de junio"},"content":{"rendered":"\n<div class=\"twitterbutton\" style=\"float: right; padding-left: 5px;\"><a href=\"http:\/\/twitter.com\/share\" class=\"twitter-share-button\" data-count=\"horizontal\" data-text=\"Inflaci\u00f3n en M\u00e9xico llega a 5.18% en la primera quincena de junio\" data-via=\"https:\/\/twitter.com\/VertienteGloba1\" data-url=\"http:\/\/vertienteglobal.com\/?p=224351\" data-lang=\"es\" data-related=\"Informaci\u00f3n general:S\u00edguenos para que est\u00e9ss informado\"><\/a><\/div>\n<figure class=\"wp-block-image size-full\"><img loading=\"lazy\" decoding=\"async\" width=\"1024\" height=\"683\" src=\"http:\/\/vertienteglobal.com\/wp-content\/uploads\/2023\/06\/209008.jpg\" alt=\"\" class=\"wp-image-224352\" srcset=\"http:\/\/vertienteglobal.com\/wp-content\/uploads\/2023\/06\/209008.jpg 1024w, http:\/\/vertienteglobal.com\/wp-content\/uploads\/2023\/06\/209008-300x200.jpg 300w, http:\/\/vertienteglobal.com\/wp-content\/uploads\/2023\/06\/209008-150x100.jpg 150w, http:\/\/vertienteglobal.com\/wp-content\/uploads\/2023\/06\/209008-768x512.jpg 768w\" sizes=\"auto, (max-width: 1024px) 100vw, 1024px\" \/><\/figure>\n\n\n\n<p> (Redacci\u00f3n)<\/p>\n\n\n\n<p>En la primera quincena de junio de este a\u00f1o, el \u00cdndice Nacional de Precios al Consumidor experiment\u00f3 un incremento de apenas 0.02% en comparaci\u00f3n con el periodo anterior, siendo el dato m\u00e1s bajo para ese periodo desde 2019<\/p>\n\n\n\n<p>Ciudad de M\u00e9xico 22 de junio 2023.-La inflaci\u00f3n en M\u00e9xico muestra signos de moderaci\u00f3n durante la primera mitad de junio, situ\u00e1ndose por debajo de las expectativas de los especialistas. Seg\u00fan los datos publicados por el Instituto Nacional de Estad\u00edstica y Geograf\u00eda (Inegi), la tasa de inflaci\u00f3n anual se ubic\u00f3 en 5.18%, la m\u00e1s baja desde marzo de 2021 cuando registr\u00f3 un 4.12%.<\/p>\n\n\n\n<p>Y es que en la primera quincena de junio de este a\u00f1o, el \u00cdndice Nacional de Precios al Consumidor experiment\u00f3 un incremento de apenas 0.02% en comparaci\u00f3n con el periodo anterior, siendo el dato m\u00e1s bajo para ese periodo desde 2019.<\/p>\n\n\n\n<p>Aunque el aumento general de precios en la primera mitad de junio fue inferior al consenso de los analistas, ubic\u00e1ndose en 5.18% a tasa anual, se encuentra dentro del rango previsto por las 33 instituciones financieras consultadas por CitiBanamex, cuyas estimaciones oscilaban entre un m\u00ednimo de 5.17% y un m\u00e1ximo de 5.45%. Solo dos instituciones se acercaron a este pron\u00f3stico.<\/p>\n\n\n\n<p>En cuanto al \u00edndice de precios subyacente, que incluye bienes y servicios con precios menos vol\u00e1tiles, se observ\u00f3 un crecimiento del 0.11% a tasa quincenal y una variaci\u00f3n anual del 6.91%, inferior al 7.32% registrado en la quincena anterior. En este apartado, los precios de las mercanc\u00edas aumentaron un 8.33% a tasa anual, mientras que los precios de los servicios subieron un 5.23%.<\/p>\n\n\n\n<p>En la primera quincena de junio 2023, la #inflaci\u00f3n general anual fue de 5.18%. El \u00cdndice Nacional de Precios al Consumidor vari\u00f3 0.2% a tasa quincenal.(Fuente: El Universal\/Xeva)<\/p>\n","protected":false},"excerpt":{"rendered":"<p>(Redacci\u00f3n) En la primera quincena de junio de este a\u00f1o, el \u00cdndice Nacional de Precios al Consumidor experiment\u00f3 un incremento de apenas 0.02% en comparaci\u00f3n con el periodo anterior, siendo el dato m\u00e1s bajo para ese periodo desde 2019 Ciudad de M\u00e9xico 22 de junio 2023.-La inflaci\u00f3n en M\u00e9xico muestra signos de moderaci\u00f3n durante la [&hellip;]<\/p>\n","protected":false},"author":1,"featured_media":224352,"comment_status":"open","ping_status":"open","sticky":false,"template":"","format":"standard","meta":{"footnotes":""},"categories":[8],"tags":[],"class_list":["post-224351","post","type-post","status-publish","format-standard","has-post-thumbnail","hentry","category-pais","entry","has-media"],"jetpack_featured_media_url":"http:\/\/vertienteglobal.com\/wp-content\/uploads\/2023\/06\/209008.jpg","_links":{"self":[{"href":"http:\/\/vertienteglobal.com\/index.php?rest_route=\/wp\/v2\/posts\/224351","targetHints":{"allow":["GET"]}}],"collection":[{"href":"http:\/\/vertienteglobal.com\/index.php?rest_route=\/wp\/v2\/posts"}],"about":[{"href":"http:\/\/vertienteglobal.com\/index.php?rest_route=\/wp\/v2\/types\/post"}],"author":[{"embeddable":true,"href":"http:\/\/vertienteglobal.com\/index.php?rest_route=\/wp\/v2\/users\/1"}],"replies":[{"embeddable":true,"href":"http:\/\/vertienteglobal.com\/index.php?rest_route=%2Fwp%2Fv2%2Fcomments&post=224351"}],"version-history":[{"count":0,"href":"http:\/\/vertienteglobal.com\/index.php?rest_route=\/wp\/v2\/posts\/224351\/revisions"}],"wp:featuredmedia":[{"embeddable":true,"href":"http:\/\/vertienteglobal.com\/index.php?rest_route=\/wp\/v2\/media\/224352"}],"wp:attachment":[{"href":"http:\/\/vertienteglobal.com\/index.php?rest_route=%2Fwp%2Fv2%2Fmedia&parent=224351"}],"wp:term":[{"taxonomy":"category","embeddable":true,"href":"http:\/\/vertienteglobal.com\/index.php?rest_route=%2Fwp%2Fv2%2Fcategories&post=224351"},{"taxonomy":"post_tag","embeddable":true,"href":"http:\/\/vertienteglobal.com\/index.php?rest_route=%2Fwp%2Fv2%2Ftags&post=224351"}],"curies":[{"name":"wp","href":"https:\/\/api.w.org\/{rel}","templated":true}]}}