{"id":224238,"date":"2023-06-20T21:24:00","date_gmt":"2023-06-21T02:24:00","guid":{"rendered":"http:\/\/vertienteglobal.com\/?p=224238"},"modified":"2023-06-22T14:41:14","modified_gmt":"2023-06-22T19:41:14","slug":"mara-lezama-toma-protesta-a-comite-directivo-de-canadevi","status":"publish","type":"post","link":"http:\/\/vertienteglobal.com\/?p=224238","title":{"rendered":"Mara Lezama toma protesta a Comit\u00e9 Directivo de Canadevi"},"content":{"rendered":"\n<div class=\"twitterbutton\" style=\"float: right; padding-left: 5px;\"><a href=\"http:\/\/twitter.com\/share\" class=\"twitter-share-button\" data-count=\"horizontal\" data-text=\"Mara Lezama toma protesta a Comit\u00e9 Directivo de Canadevi\" data-via=\"https:\/\/twitter.com\/VertienteGloba1\" data-url=\"http:\/\/vertienteglobal.com\/?p=224238\" data-lang=\"es\" data-related=\"Informaci\u00f3n general:S\u00edguenos para que est\u00e9ss informado\"><\/a><\/div>\n<figure class=\"wp-block-image size-full\"><img loading=\"lazy\" decoding=\"async\" width=\"719\" height=\"480\" src=\"http:\/\/vertienteglobal.com\/wp-content\/uploads\/2023\/06\/FB_IMG_1687462346528.jpg\" alt=\"\" class=\"wp-image-224239\" srcset=\"http:\/\/vertienteglobal.com\/wp-content\/uploads\/2023\/06\/FB_IMG_1687462346528.jpg 719w, http:\/\/vertienteglobal.com\/wp-content\/uploads\/2023\/06\/FB_IMG_1687462346528-300x200.jpg 300w, http:\/\/vertienteglobal.com\/wp-content\/uploads\/2023\/06\/FB_IMG_1687462346528-150x100.jpg 150w\" sizes=\"auto, (max-width: 719px) 100vw, 719px\" \/><\/figure>\n\n\n\n<p>(Redacci\u00f3n)<\/p>\n\n\n\n<p>La Gobernadora destac\u00f3 y el compromiso del Gobierno para digitalizar los servicios y la promoci\u00f3n para que la inversi\u00f3n sea en beneficio de las y los quintanarroenses, as\u00ed como para que la construcci\u00f3n de vivienda sustentable sea con cuidado al medio ambiente<\/p>\n\n\n\n<p>Canc\u00fan, Quintana Roo, 20 de junio 2023.- La gobernadora Mara Lezama Espinosa tom\u00f3 protesta al Comit\u00e9 Directivo 2023-2024 de la C\u00e1mara Nacional de la Industria de Desarrollo y Promoci\u00f3n de Vivienda (Canadevi) delegaci\u00f3n Quintana Roo que preside, Antonio Leonardo Garrido Hurtado y reafirm\u00f3 su compromiso de trabajar coordinados para asegurar el derecho humano a una vivienda digna, sustentable y segura para las familias quintanarroenses.<\/p>\n\n\n\n<p>En e evento en el que particip\u00f3 Luis Alberto Moreno G\u00f3mez Monroy, presidente nacional de la Canadevi, la Gobernadora explic\u00f3 que desde el gobierno de la transformaci\u00f3n profunda se trabaja en la actualizaci\u00f3n del reglamento de construcci\u00f3n, ecolog\u00eda y digitalizaci\u00f3n de tr\u00e1mites y servicios para hacerlos m\u00e1s \u00e1gil y combatir la corrupci\u00f3n.<\/p>\n\n\n\n<p>Todos los d\u00edas trabajamos en eficientar y regularizar esta industria tan importante, generar condiciones para la inversi\u00f3n, desarrollo s\u00ed pero con cuidado al medio ambiente.<\/p>\n\n\n\n<p>\u201cDesde que era presidenta municipal trabajamos en la digitalizaci\u00f3n de los servicios para hacerlos m\u00e1s \u00e1gil y ahora lo estamos haciendo en el Estado porque as\u00ed en equipo trabajamos para lograr beneficios directos a la ciudadan\u00eda y as\u00ed cerrar las brechas de desigualdad como se establece en el Nuevo Acuerdo por el Bienestar y Desarrollo\u201d, dijo.<\/p>\n\n\n\n<p>Mara Lezama puntualiz\u00f3 que el presidente saliente del Comit\u00e9 en Quintana Roo, Adri Adler, realiz\u00f3 un destacado desempe\u00f1o en su periodo al frente de la c\u00e1mara, y felicit\u00f3 a Antonio Leonardo Garrido Hurtado y al Comit\u00e9 Directivo 2023-2024 de la Canadevi en esta nueva encomienda.<\/p>\n\n\n\n<p>En su intervenci\u00f3n el presidente de la Canadevi delegaci\u00f3n Quintana Roo, Antonio Leonardo Garrido Hurtado reconoci\u00f3 el Nuevo Acuerdo por el Bienestar y Desarrollo de Quintana Roo y convoc\u00f3 a trabajar en acciones que permitan beneficiar a los habitantes del estado, especialmente los que menos tienen.<\/p>\n\n\n\n<p>Acudieron tambi\u00e9n, el presidente de la Junta de Gobierno y Coordinaci\u00f3n Pol\u00edtica de la XVII Legislatura del Congreso del Estado, Ren\u00e1n S\u00e1nchez Tajonar; el magistrado presidente del Tribunal Superior de Justicia, Heyden Cebada Rivas; el titular de la Sedetus, Armando Lara De Nigris; as\u00ed como las presidentas municipales de Benito Ju\u00e1rez Ana Paty Peralta, de Isla Mujeres Atenea G\u00f3mez Ricalde y de Puerto Morelos, Blanca Merari Tziu Mu\u00f1oz.<\/p>\n\n\n\n<figure class=\"wp-block-image size-full\"><img loading=\"lazy\" decoding=\"async\" width=\"585\" height=\"390\" src=\"http:\/\/vertienteglobal.com\/wp-content\/uploads\/2023\/06\/FB_IMG_1687462350375.jpg\" alt=\"\" class=\"wp-image-224240\" srcset=\"http:\/\/vertienteglobal.com\/wp-content\/uploads\/2023\/06\/FB_IMG_1687462350375.jpg 585w, http:\/\/vertienteglobal.com\/wp-content\/uploads\/2023\/06\/FB_IMG_1687462350375-300x200.jpg 300w, http:\/\/vertienteglobal.com\/wp-content\/uploads\/2023\/06\/FB_IMG_1687462350375-150x100.jpg 150w\" sizes=\"auto, (max-width: 585px) 100vw, 585px\" \/><\/figure>\n\n\n\n<figure class=\"wp-block-image size-full\"><img loading=\"lazy\" decoding=\"async\" width=\"585\" height=\"390\" src=\"http:\/\/vertienteglobal.com\/wp-content\/uploads\/2023\/06\/FB_IMG_1687462353931.jpg\" alt=\"\" class=\"wp-image-224241\" srcset=\"http:\/\/vertienteglobal.com\/wp-content\/uploads\/2023\/06\/FB_IMG_1687462353931.jpg 585w, http:\/\/vertienteglobal.com\/wp-content\/uploads\/2023\/06\/FB_IMG_1687462353931-300x200.jpg 300w, http:\/\/vertienteglobal.com\/wp-content\/uploads\/2023\/06\/FB_IMG_1687462353931-150x100.jpg 150w\" sizes=\"auto, (max-width: 585px) 100vw, 585px\" \/><\/figure>\n","protected":false},"excerpt":{"rendered":"<p>(Redacci\u00f3n) La Gobernadora destac\u00f3 y el compromiso del Gobierno para digitalizar los servicios y la promoci\u00f3n para que la inversi\u00f3n sea en beneficio de las y los quintanarroenses, as\u00ed como para que la construcci\u00f3n de vivienda sustentable sea con cuidado al medio ambiente Canc\u00fan, Quintana Roo, 20 de junio 2023.- La gobernadora Mara Lezama Espinosa [&hellip;]<\/p>\n","protected":false},"author":1,"featured_media":224239,"comment_status":"open","ping_status":"open","sticky":false,"template":"","format":"standard","meta":{"footnotes":""},"categories":[3],"tags":[],"class_list":["post-224238","post","type-post","status-publish","format-standard","has-post-thumbnail","hentry","category-quintana-roo","entry","has-media"],"jetpack_featured_media_url":"http:\/\/vertienteglobal.com\/wp-content\/uploads\/2023\/06\/FB_IMG_1687462346528.jpg","_links":{"self":[{"href":"http:\/\/vertienteglobal.com\/index.php?rest_route=\/wp\/v2\/posts\/224238","targetHints":{"allow":["GET"]}}],"collection":[{"href":"http:\/\/vertienteglobal.com\/index.php?rest_route=\/wp\/v2\/posts"}],"about":[{"href":"http:\/\/vertienteglobal.com\/index.php?rest_route=\/wp\/v2\/types\/post"}],"author":[{"embeddable":true,"href":"http:\/\/vertienteglobal.com\/index.php?rest_route=\/wp\/v2\/users\/1"}],"replies":[{"embeddable":true,"href":"http:\/\/vertienteglobal.com\/index.php?rest_route=%2Fwp%2Fv2%2Fcomments&post=224238"}],"version-history":[{"count":0,"href":"http:\/\/vertienteglobal.com\/index.php?rest_route=\/wp\/v2\/posts\/224238\/revisions"}],"wp:featuredmedia":[{"embeddable":true,"href":"http:\/\/vertienteglobal.com\/index.php?rest_route=\/wp\/v2\/media\/224239"}],"wp:attachment":[{"href":"http:\/\/vertienteglobal.com\/index.php?rest_route=%2Fwp%2Fv2%2Fmedia&parent=224238"}],"wp:term":[{"taxonomy":"category","embeddable":true,"href":"http:\/\/vertienteglobal.com\/index.php?rest_route=%2Fwp%2Fv2%2Fcategories&post=224238"},{"taxonomy":"post_tag","embeddable":true,"href":"http:\/\/vertienteglobal.com\/index.php?rest_route=%2Fwp%2Fv2%2Ftags&post=224238"}],"curies":[{"name":"wp","href":"https:\/\/api.w.org\/{rel}","templated":true}]}}