{"id":224214,"date":"2023-06-16T18:24:00","date_gmt":"2023-06-16T23:24:00","guid":{"rendered":"http:\/\/vertienteglobal.com\/?p=224214"},"modified":"2023-06-22T12:49:37","modified_gmt":"2023-06-22T17:49:37","slug":"este-es-el-peor-refresco-europeo-que-se-vende-en-mexico-profeco","status":"publish","type":"post","link":"http:\/\/vertienteglobal.com\/?p=224214","title":{"rendered":"Este es el peor refresco europeo que se vende en M\u00e9xico: Profeco"},"content":{"rendered":"\n<div class=\"twitterbutton\" style=\"float: right; padding-left: 5px;\"><a href=\"http:\/\/twitter.com\/share\" class=\"twitter-share-button\" data-count=\"horizontal\" data-text=\"Este es el peor refresco europeo que se vende en M\u00e9xico: Profeco\" data-via=\"https:\/\/twitter.com\/VertienteGloba1\" data-url=\"http:\/\/vertienteglobal.com\/?p=224214\" data-lang=\"es\" data-related=\"Informaci\u00f3n general:S\u00edguenos para que est\u00e9ss informado\"><\/a><\/div>\n<figure class=\"wp-block-image size-full\"><img loading=\"lazy\" decoding=\"async\" width=\"768\" height=\"482\" src=\"http:\/\/vertienteglobal.com\/wp-content\/uploads\/2023\/06\/refresco-de-dieta-768x482-1.jpg\" alt=\"\" class=\"wp-image-224215\" srcset=\"http:\/\/vertienteglobal.com\/wp-content\/uploads\/2023\/06\/refresco-de-dieta-768x482-1.jpg 768w, http:\/\/vertienteglobal.com\/wp-content\/uploads\/2023\/06\/refresco-de-dieta-768x482-1-300x188.jpg 300w, http:\/\/vertienteglobal.com\/wp-content\/uploads\/2023\/06\/refresco-de-dieta-768x482-1-150x94.jpg 150w\" sizes=\"auto, (max-width: 768px) 100vw, 768px\" \/><\/figure>\n\n\n\n<p>(Redacci\u00f3n)<\/p>\n\n\n\n<p>En M\u00e9xico se venden refrescos que son provenientes de Europa\u2026 y te diremos cu\u00e1l es el peor<\/p>\n\n\n\n<p>Ciudad deMexico 16 de junio 2023.- Los refrescos son bebidas que se consumen con mucha frecuencia en M\u00e9xico y algunos de ellos son provenientes del continente europeo, por lo que la Procuradur\u00eda Federal del Consumidor (Profeco) decidi\u00f3 analizarlos y encontrar cu\u00e1l es el peor que hay en el mercado nacional.<\/p>\n\n\n\n<p>Dichas bebidas se consumen en el pa\u00eds para acompa\u00f1ar los alimentos, para poder pasar un bocado, en ocasiones para refrescarse por la presencia de altas temperaturas o simplemente por placer.<\/p>\n\n\n\n<p>En la Revista del Consumidor 555, correspondiente al mes de mayo del 2023, Profeco menciona que los refrescos de cualquier parte del mundo pueden incluir ingredientes poco saludables para los consumidores, tales como cafe\u00edna, altos niveles de az\u00facares e incluso edulcorantes no cal\u00f3ricos.<\/p>\n\n\n\n<p>Los refrescos con origen europeo llegan a M\u00e9xico porque es el pa\u00eds que m\u00e1s refrescos consume en el mundo y permiten que el mercado sea m\u00e1s amplio, de acuerdo con informaci\u00f3n de la Profeco.<\/p>\n\n\n\n<p>\u00bfCu\u00e1l es el peor refresco europeo que se vende en M\u00e9xico?<\/p>\n\n\n\n<p>El peor refresco europeo con az\u00facares y edulcorantes no cal\u00f3ricos es el Schweppes sabor naranja, seg\u00fan el detector de az\u00facar de Profeco, pues es el que m\u00e1s az\u00facares totales tiene por envase y no comprob\u00f3 cierta informaci\u00f3n al consumidor.<\/p>\n\n\n\n<p>La bebida de Espa\u00f1a no comprueba la leyenda de \u201cBebida refrescante con extractos con az\u00facar y edulcorante\u201d, raz\u00f3n por la que se considera que no cumple con la informaci\u00f3n al consumidor.<\/p>\n\n\n\n<p>Contiene exceso de az\u00facares, exceso de calor\u00edas y edulcorantes, como el acesulfame pot\u00e1sico y sucralosa, por lo que no se recomienda su consumo en ni\u00f1os.<\/p>\n\n\n\n<p>Dicho refresco espa\u00f1ol lleva Jarabe de Ma\u00edz de Alta Fructosa, el cual provoca que quienes lo consumen no sientan saciedad, por lo que siguen comiendo, y a largo plazo son propensos a padecer obesidad.<\/p>\n\n\n\n<p>Su contenido neto es de 330 mililitros, no contiene cafe\u00edna, tiene 20 kilocalor\u00edas, 2.5 gramos de fructosa y 2.6 gramos de glucosa por cada 100 mililitros del producto. Su total de az\u00facares por envase es de 16.8 gramos.<\/p>\n\n\n\n<p>Otro refresco europeo con exceso de az\u00facares es el San Pellegrino de Italia, pues este cuenta con m\u00e1s az\u00facares totales que el anterior.<\/p>\n\n\n\n<p>Dicho refresco italiano 32 gramos de az\u00facares totales por envase, lo que representa casi el doble del contenido que el refresco Shweppes.<\/p>\n\n\n\n<p>Sin embargo, la bebida de origen italiano cumple con la informaci\u00f3n, no tiene cafe\u00edna, no lleva edulcorantes ni conservadores y no contiene Jarabe de Ma\u00edz de Alta Fructuosa.<\/p>\n\n\n\n<p>El consumo de az\u00facares en exceso puede provocar da\u00f1os a la salud de las personas, pues esta puede provocar obesidad y derivar en enfermedades como la diabetes mellitus, hipertensi\u00f3n, enfermedades cerebrovasculares y c\u00e1ncer, entre otras.<\/p>\n\n\n\n<p>La Organizaci\u00f3n Mundial de la Salud (OMS) y la Organizaci\u00f3n Panamericana de la Salud (OPS) recomiendan que se reduzca el consumo de az\u00facares libres a 50 gramos, aunque indican que lo mejor ser\u00eda si se reduce a 25 gramos al d\u00eda.(Fuente:Radio F\u00f3rmula)<\/p>\n","protected":false},"excerpt":{"rendered":"<p>(Redacci\u00f3n) En M\u00e9xico se venden refrescos que son provenientes de Europa\u2026 y te diremos cu\u00e1l es el peor Ciudad deMexico 16 de junio 2023.- Los refrescos son bebidas que se consumen con mucha frecuencia en M\u00e9xico y algunos de ellos son provenientes del continente europeo, por lo que la Procuradur\u00eda Federal del Consumidor (Profeco) decidi\u00f3 [&hellip;]<\/p>\n","protected":false},"author":1,"featured_media":224215,"comment_status":"open","ping_status":"open","sticky":false,"template":"","format":"standard","meta":{"footnotes":""},"categories":[8],"tags":[],"class_list":["post-224214","post","type-post","status-publish","format-standard","has-post-thumbnail","hentry","category-pais","entry","has-media"],"jetpack_featured_media_url":"http:\/\/vertienteglobal.com\/wp-content\/uploads\/2023\/06\/refresco-de-dieta-768x482-1.jpg","_links":{"self":[{"href":"http:\/\/vertienteglobal.com\/index.php?rest_route=\/wp\/v2\/posts\/224214","targetHints":{"allow":["GET"]}}],"collection":[{"href":"http:\/\/vertienteglobal.com\/index.php?rest_route=\/wp\/v2\/posts"}],"about":[{"href":"http:\/\/vertienteglobal.com\/index.php?rest_route=\/wp\/v2\/types\/post"}],"author":[{"embeddable":true,"href":"http:\/\/vertienteglobal.com\/index.php?rest_route=\/wp\/v2\/users\/1"}],"replies":[{"embeddable":true,"href":"http:\/\/vertienteglobal.com\/index.php?rest_route=%2Fwp%2Fv2%2Fcomments&post=224214"}],"version-history":[{"count":0,"href":"http:\/\/vertienteglobal.com\/index.php?rest_route=\/wp\/v2\/posts\/224214\/revisions"}],"wp:featuredmedia":[{"embeddable":true,"href":"http:\/\/vertienteglobal.com\/index.php?rest_route=\/wp\/v2\/media\/224215"}],"wp:attachment":[{"href":"http:\/\/vertienteglobal.com\/index.php?rest_route=%2Fwp%2Fv2%2Fmedia&parent=224214"}],"wp:term":[{"taxonomy":"category","embeddable":true,"href":"http:\/\/vertienteglobal.com\/index.php?rest_route=%2Fwp%2Fv2%2Fcategories&post=224214"},{"taxonomy":"post_tag","embeddable":true,"href":"http:\/\/vertienteglobal.com\/index.php?rest_route=%2Fwp%2Fv2%2Ftags&post=224214"}],"curies":[{"name":"wp","href":"https:\/\/api.w.org\/{rel}","templated":true}]}}