{"id":224138,"date":"2023-06-19T21:51:00","date_gmt":"2023-06-20T02:51:00","guid":{"rendered":"http:\/\/vertienteglobal.com\/?p=224138"},"modified":"2023-06-20T18:45:30","modified_gmt":"2023-06-20T23:45:30","slug":"acuerdan-fonatur-y-quintana-roo-impulsar-con-turismo-el-desarrollo-con-justicia-y-bienestar","status":"publish","type":"post","link":"http:\/\/vertienteglobal.com\/?p=224138","title":{"rendered":"Acuerdan Fonatur y Quintana Roo impulsar con turismo el desarrollo con justicia y bienestar"},"content":{"rendered":"\n<div class=\"twitterbutton\" style=\"float: right; padding-left: 5px;\"><a href=\"http:\/\/twitter.com\/share\" class=\"twitter-share-button\" data-count=\"horizontal\" data-text=\"Acuerdan Fonatur y Quintana Roo impulsar con turismo el desarrollo con justicia ...\" data-via=\"https:\/\/twitter.com\/VertienteGloba1\" data-url=\"http:\/\/vertienteglobal.com\/?p=224138\" data-lang=\"es\" data-related=\"Informaci\u00f3n general:S\u00edguenos para que est\u00e9ss informado\"><\/a><\/div>\n<figure class=\"wp-block-image size-large\"><img loading=\"lazy\" decoding=\"async\" width=\"1024\" height=\"660\" src=\"http:\/\/vertienteglobal.com\/wp-content\/uploads\/2023\/06\/ML-Impulso-01-1024x660.jpeg\" alt=\"\" class=\"wp-image-224139\" srcset=\"http:\/\/vertienteglobal.com\/wp-content\/uploads\/2023\/06\/ML-Impulso-01-1024x660.jpeg 1024w, http:\/\/vertienteglobal.com\/wp-content\/uploads\/2023\/06\/ML-Impulso-01-300x194.jpeg 300w, http:\/\/vertienteglobal.com\/wp-content\/uploads\/2023\/06\/ML-Impulso-01-150x97.jpeg 150w, http:\/\/vertienteglobal.com\/wp-content\/uploads\/2023\/06\/ML-Impulso-01-768x495.jpeg 768w, http:\/\/vertienteglobal.com\/wp-content\/uploads\/2023\/06\/ML-Impulso-01-1536x991.jpeg 1536w, http:\/\/vertienteglobal.com\/wp-content\/uploads\/2023\/06\/ML-Impulso-01.jpeg 1600w\" sizes=\"auto, (max-width: 1024px) 100vw, 1024px\" \/><\/figure>\n\n\n\n<p>(Redacci\u00f3n)<\/p>\n\n\n\n<p>Firman convenio de colaboraci\u00f3n el director general del Fonatur, Javier May Rodr\u00edguez, y la gobernadora de Quintana Roo, Mara Lezama Espinosa<\/p>\n\n\n\n<p>-Permitir\u00e1 terminar una etapa muy oscura, de negocio y tr\u00e1fico de influencia que perjudic\u00f3 al pueblo de M\u00e9xico y a los habitantes de Quintana Roo: Javier May<\/p>\n\n\n\n<p>-Hay un largo camino por andar; necesario un trabajo transversal que ponga en la prioridad de lo p\u00fablico a los seres humanos: Mara Lezama<\/p>\n\n\n\n<p>El director general del Fondo Nacional de Fomento al Turismo (Fonatur), Javier May Rodr\u00edguez, y la gobernadora de Quintana Roo, Mara Lezama Espinosa, firmaron hoy un convenio de colaboraci\u00f3n que, afirm\u00f3 el titular del Fonatur, \u201cmarcar\u00e1 una nueva relaci\u00f3n entre el gobierno federal y el estatal para hacer del turismo en esa entidad la fuente que impulse el desarrollo con justicia y bienestar\u201d.<\/p>\n\n\n\n<p>\u201cEstamos seguros de que este paso que se da el d\u00eda de hoy va a ser en bien de los quintanarroenses y permitir\u00e1 que se pueda terminar una etapa muy oscura, de negocio y tr\u00e1fico de influencia que caus\u00f3 gran perjuicio al pueblo de M\u00e9xico y a los habitantes de Quintana Roo\u201d.<\/p>\n\n\n\n<p>Durante un acto efectuado en la sede del Fonatur en la Ciudad de M\u00e9xico, May Rodr\u00edguez expres\u00f3 que el convenio de colaboraci\u00f3n inicia una etapa de \u201cmayor transparencia y correlaci\u00f3n de trabajo en equipo, para acotar esas brechas de desigualdad\u201d que han persistido en Quintana Roo.<\/p>\n\n\n\n<p>En su turno, la gobernadora de Quintana Roo, Mara Lezama, coincidi\u00f3 en que \u201ccon esta firma de convenio se da un carpetazo a muchos a\u00f1os en donde las cosas no se hicieron muy bien y s\u00f3lo unos cuantos ganaron\u201d, y mencion\u00f3 en espec\u00edfico el caso de Canc\u00fan, enclavado en Benito Ju\u00e1rez, \u201cun municipio que mucha gente lo ve boyante y exitoso y que hay mucho dinero, pero en realidad hay muchas carencias\u201d.<\/p>\n\n\n\n<p>Consider\u00f3, por ello, que hay un largo camino por andar y asegur\u00f3 que esta firma es el inicio de una colaboraci\u00f3n para un cambio radical en Canc\u00fan y de un trabajo transversal con un objetivo muy claro, que es poner en la prioridad de lo p\u00fablico a los seres humanos .<\/p>\n\n\n\n<p>Al evento acudieron tambi\u00e9n, por el gobierno de Quintana Roo, los secretarios, de Finanzas y Planeaci\u00f3n, Eugenio Segura V\u00e1zquez; de Turismo, Bernardo Cueto Riestra, y de Desarrollo Territorial Urbano Sustentable, Armando Lara de Nigris; el Consejero Jur\u00eddico, Carlos Fuentes del R\u00edo, y el titular de la Agencia de Proyectos Estrat\u00e9gicos del Estado de Quintana Roo, Jos\u00e9 Alberto Alonso Ovando.<\/p>\n\n\n\n<p>Por el Fonatur estuvieron la directora de Gesti\u00f3n Estrat\u00e9gica y Enlace Institucional, Violeta Abreu Gonz\u00e1lez; la directora de Fonatur Infraestructura, Miren Eukene Vicente Ertze; el director de Administraci\u00f3n y Finanzas, Camilo Oviedo Bautista; la directora de Desarrollo, Lyndia Quiroz Zavala; la directora de Comercializaci\u00f3n, Mileyli Mar\u00eda Willson Arias, y la directora jur\u00eddica, Alicia Paulina Arag\u00f3n Torres.<\/p>\n\n\n\n<figure class=\"wp-block-image size-full\"><img loading=\"lazy\" decoding=\"async\" width=\"585\" height=\"390\" src=\"http:\/\/vertienteglobal.com\/wp-content\/uploads\/2023\/06\/ML-Impulso-04-585x390-1.jpeg\" alt=\"\" class=\"wp-image-224140\" srcset=\"http:\/\/vertienteglobal.com\/wp-content\/uploads\/2023\/06\/ML-Impulso-04-585x390-1.jpeg 585w, http:\/\/vertienteglobal.com\/wp-content\/uploads\/2023\/06\/ML-Impulso-04-585x390-1-300x200.jpeg 300w, http:\/\/vertienteglobal.com\/wp-content\/uploads\/2023\/06\/ML-Impulso-04-585x390-1-150x100.jpeg 150w\" sizes=\"auto, (max-width: 585px) 100vw, 585px\" \/><\/figure>\n\n\n\n<figure class=\"wp-block-image size-full\"><img loading=\"lazy\" decoding=\"async\" width=\"585\" height=\"297\" src=\"http:\/\/vertienteglobal.com\/wp-content\/uploads\/2023\/06\/ML-Impulso-03-585x297-1.jpeg\" alt=\"\" class=\"wp-image-224141\" srcset=\"http:\/\/vertienteglobal.com\/wp-content\/uploads\/2023\/06\/ML-Impulso-03-585x297-1.jpeg 585w, http:\/\/vertienteglobal.com\/wp-content\/uploads\/2023\/06\/ML-Impulso-03-585x297-1-300x152.jpeg 300w, http:\/\/vertienteglobal.com\/wp-content\/uploads\/2023\/06\/ML-Impulso-03-585x297-1-150x76.jpeg 150w\" sizes=\"auto, (max-width: 585px) 100vw, 585px\" \/><\/figure>\n","protected":false},"excerpt":{"rendered":"<p>(Redacci\u00f3n) Firman convenio de colaboraci\u00f3n el director general del Fonatur, Javier May Rodr\u00edguez, y la gobernadora de Quintana Roo, Mara Lezama Espinosa -Permitir\u00e1 terminar una etapa muy oscura, de negocio y tr\u00e1fico de influencia que perjudic\u00f3 al pueblo de M\u00e9xico y a los habitantes de Quintana Roo: Javier May -Hay un largo camino por andar; [&hellip;]<\/p>\n","protected":false},"author":1,"featured_media":224139,"comment_status":"open","ping_status":"open","sticky":false,"template":"","format":"standard","meta":{"footnotes":""},"categories":[8,3],"tags":[],"class_list":["post-224138","post","type-post","status-publish","format-standard","has-post-thumbnail","hentry","category-pais","category-quintana-roo","entry","has-media"],"jetpack_featured_media_url":"http:\/\/vertienteglobal.com\/wp-content\/uploads\/2023\/06\/ML-Impulso-01.jpeg","_links":{"self":[{"href":"http:\/\/vertienteglobal.com\/index.php?rest_route=\/wp\/v2\/posts\/224138","targetHints":{"allow":["GET"]}}],"collection":[{"href":"http:\/\/vertienteglobal.com\/index.php?rest_route=\/wp\/v2\/posts"}],"about":[{"href":"http:\/\/vertienteglobal.com\/index.php?rest_route=\/wp\/v2\/types\/post"}],"author":[{"embeddable":true,"href":"http:\/\/vertienteglobal.com\/index.php?rest_route=\/wp\/v2\/users\/1"}],"replies":[{"embeddable":true,"href":"http:\/\/vertienteglobal.com\/index.php?rest_route=%2Fwp%2Fv2%2Fcomments&post=224138"}],"version-history":[{"count":0,"href":"http:\/\/vertienteglobal.com\/index.php?rest_route=\/wp\/v2\/posts\/224138\/revisions"}],"wp:featuredmedia":[{"embeddable":true,"href":"http:\/\/vertienteglobal.com\/index.php?rest_route=\/wp\/v2\/media\/224139"}],"wp:attachment":[{"href":"http:\/\/vertienteglobal.com\/index.php?rest_route=%2Fwp%2Fv2%2Fmedia&parent=224138"}],"wp:term":[{"taxonomy":"category","embeddable":true,"href":"http:\/\/vertienteglobal.com\/index.php?rest_route=%2Fwp%2Fv2%2Fcategories&post=224138"},{"taxonomy":"post_tag","embeddable":true,"href":"http:\/\/vertienteglobal.com\/index.php?rest_route=%2Fwp%2Fv2%2Ftags&post=224138"}],"curies":[{"name":"wp","href":"https:\/\/api.w.org\/{rel}","templated":true}]}}