{"id":224071,"date":"2023-06-16T07:24:00","date_gmt":"2023-06-16T12:24:00","guid":{"rendered":"http:\/\/vertienteglobal.com\/?p=224071"},"modified":"2023-06-20T17:14:52","modified_gmt":"2023-06-20T22:14:52","slug":"encerrarte-en-tu-auto-por-el-calor-puede-ser-mortal","status":"publish","type":"post","link":"http:\/\/vertienteglobal.com\/?p=224071","title":{"rendered":"Encerrarte en tu auto por el calor puede ser mortal"},"content":{"rendered":"\n<div class=\"twitterbutton\" style=\"float: right; padding-left: 5px;\"><a href=\"http:\/\/twitter.com\/share\" class=\"twitter-share-button\" data-count=\"horizontal\" data-text=\"Encerrarte en tu auto por el calor puede ser mortal\" data-via=\"https:\/\/twitter.com\/VertienteGloba1\" data-url=\"http:\/\/vertienteglobal.com\/?p=224071\" data-lang=\"es\" data-related=\"Informaci\u00f3n general:S\u00edguenos para que est\u00e9ss informado\"><\/a><\/div>\n<figure class=\"wp-block-image size-full\"><img loading=\"lazy\" decoding=\"async\" width=\"660\" height=\"330\" src=\"http:\/\/vertienteglobal.com\/wp-content\/uploads\/2023\/06\/1686871546482-e1686933270643-660x330-1.webp\" alt=\"\" class=\"wp-image-224072\" srcset=\"http:\/\/vertienteglobal.com\/wp-content\/uploads\/2023\/06\/1686871546482-e1686933270643-660x330-1.webp 660w, http:\/\/vertienteglobal.com\/wp-content\/uploads\/2023\/06\/1686871546482-e1686933270643-660x330-1-300x150.webp 300w, http:\/\/vertienteglobal.com\/wp-content\/uploads\/2023\/06\/1686871546482-e1686933270643-660x330-1-150x75.webp 150w\" sizes=\"auto, (max-width: 660px) 100vw, 660px\" \/><\/figure>\n\n\n\n<p>(Redacci\u00f3n)<\/p>\n\n\n\n<p>Los especialistas recomiendan no pasar largos periodos de tiempo al interior de un veh\u00edculo<\/p>\n\n\n\n<p>M\u00e9rida, Yucat\u00e1n, 16 de junio 2023.- En fechas recientes, la Fiscal\u00eda General del Estado de Tabasco dio a conocer el deceso de una familia al interior de un veh\u00edculo, esto debido a que tras quedarse sin energ\u00eda el\u00e9ctrica y por las altas temperaturas que se registran en el pa\u00eds, los dos adultos y una menor de edad decidieron dormir en el auto que estaba en el garage de su vivienda.<\/p>\n\n\n\n<p>En alg\u00fan punto de la noche, el motor se detuvo provocando la asfixia de los pasajeros al aspirar el mon\u00f3xido de carbono que generaba.<\/p>\n\n\n\n<p>A prop\u00f3sito de esta informaci\u00f3n, las hip\u00f3tesis al respecto no se hicieron esperar, sin embargo, la causa cient\u00edfica de este hecho se debi\u00f3 a la acumulaci\u00f3n de ese mon\u00f3xido de carbono, uno de los principales peligros de llevar a cabo este tipo de pr\u00e1cticas.<\/p>\n\n\n\n<p>El aumento de niveles de CO es altamente t\u00f3xico y venenoso, debido a que compromete la cantidad de ox\u00edgeno que llega a la sangre.<\/p>\n\n\n\n<p>Si la cantidad de ox\u00edgeno se ve gravemente amenazada, la persona puede entrar en estado de shock, o peor a\u00fan, puede ocasionarle muerte s\u00fabita.<\/p>\n\n\n\n<p>Asimismo, si la persona est\u00e1 despierta, notar\u00e1 la falta de ox\u00edgeno, bajar\u00e1 el vidrio o quiz\u00e1 descienda del auto. Si est\u00e1 dormida, no necesariamente lo notar\u00e1.<\/p>\n\n\n\n<p>Los especialistas m\u00e9dicos recomiendan no pasar largos periodos de tiempo al interior de un veh\u00edculo motorizado. (Fuente: Novedades Yucat\u00e1n)<\/p>\n","protected":false},"excerpt":{"rendered":"<p>(Redacci\u00f3n) Los especialistas recomiendan no pasar largos periodos de tiempo al interior de un veh\u00edculo M\u00e9rida, Yucat\u00e1n, 16 de junio 2023.- En fechas recientes, la Fiscal\u00eda General del Estado de Tabasco dio a conocer el deceso de una familia al interior de un veh\u00edculo, esto debido a que tras quedarse sin energ\u00eda el\u00e9ctrica y por [&hellip;]<\/p>\n","protected":false},"author":1,"featured_media":224072,"comment_status":"open","ping_status":"open","sticky":false,"template":"","format":"standard","meta":{"footnotes":""},"categories":[2],"tags":[],"class_list":["post-224071","post","type-post","status-publish","format-standard","has-post-thumbnail","hentry","category-yucatan","entry","has-media"],"jetpack_featured_media_url":"http:\/\/vertienteglobal.com\/wp-content\/uploads\/2023\/06\/1686871546482-e1686933270643-660x330-1.webp","_links":{"self":[{"href":"http:\/\/vertienteglobal.com\/index.php?rest_route=\/wp\/v2\/posts\/224071","targetHints":{"allow":["GET"]}}],"collection":[{"href":"http:\/\/vertienteglobal.com\/index.php?rest_route=\/wp\/v2\/posts"}],"about":[{"href":"http:\/\/vertienteglobal.com\/index.php?rest_route=\/wp\/v2\/types\/post"}],"author":[{"embeddable":true,"href":"http:\/\/vertienteglobal.com\/index.php?rest_route=\/wp\/v2\/users\/1"}],"replies":[{"embeddable":true,"href":"http:\/\/vertienteglobal.com\/index.php?rest_route=%2Fwp%2Fv2%2Fcomments&post=224071"}],"version-history":[{"count":0,"href":"http:\/\/vertienteglobal.com\/index.php?rest_route=\/wp\/v2\/posts\/224071\/revisions"}],"wp:featuredmedia":[{"embeddable":true,"href":"http:\/\/vertienteglobal.com\/index.php?rest_route=\/wp\/v2\/media\/224072"}],"wp:attachment":[{"href":"http:\/\/vertienteglobal.com\/index.php?rest_route=%2Fwp%2Fv2%2Fmedia&parent=224071"}],"wp:term":[{"taxonomy":"category","embeddable":true,"href":"http:\/\/vertienteglobal.com\/index.php?rest_route=%2Fwp%2Fv2%2Fcategories&post=224071"},{"taxonomy":"post_tag","embeddable":true,"href":"http:\/\/vertienteglobal.com\/index.php?rest_route=%2Fwp%2Fv2%2Ftags&post=224071"}],"curies":[{"name":"wp","href":"https:\/\/api.w.org\/{rel}","templated":true}]}}