{"id":223901,"date":"2023-06-13T18:51:00","date_gmt":"2023-06-13T23:51:00","guid":{"rendered":"http:\/\/vertienteglobal.com\/?p=223901"},"modified":"2023-06-14T08:27:14","modified_gmt":"2023-06-14T13:27:14","slug":"aprueban-licencia-de-monreal-velasco-norona-y-polevnsky-en-sesion-ordinaria","status":"publish","type":"post","link":"http:\/\/vertienteglobal.com\/?p=223901","title":{"rendered":"Aprueban licencia de Monreal, Velasco, Noro\u00f1a y Polevnsky en sesi\u00f3n ordinaria"},"content":{"rendered":"\n<div class=\"twitterbutton\" style=\"float: right; padding-left: 5px;\"><a href=\"http:\/\/twitter.com\/share\" class=\"twitter-share-button\" data-count=\"horizontal\" data-text=\"Aprueban licencia de Monreal, Velasco, Noro\u00f1a y Polevnsky en sesi\u00f3n ordinaria\" data-via=\"https:\/\/twitter.com\/VertienteGloba1\" data-url=\"http:\/\/vertienteglobal.com\/?p=223901\" data-lang=\"es\" data-related=\"Informaci\u00f3n general:S\u00edguenos para que est\u00e9ss informado\"><\/a><\/div>\n<figure class=\"wp-block-image size-full\"><img loading=\"lazy\" decoding=\"async\" width=\"1024\" height=\"683\" src=\"http:\/\/vertienteglobal.com\/wp-content\/uploads\/2023\/06\/208256.jpg\" alt=\"\" class=\"wp-image-223902\" srcset=\"http:\/\/vertienteglobal.com\/wp-content\/uploads\/2023\/06\/208256.jpg 1024w, http:\/\/vertienteglobal.com\/wp-content\/uploads\/2023\/06\/208256-300x200.jpg 300w, http:\/\/vertienteglobal.com\/wp-content\/uploads\/2023\/06\/208256-150x100.jpg 150w, http:\/\/vertienteglobal.com\/wp-content\/uploads\/2023\/06\/208256-768x512.jpg 768w\" sizes=\"auto, (max-width: 1024px) 100vw, 1024px\" \/><\/figure>\n\n\n\n<p>(Redacci\u00f3n)<\/p>\n\n\n\n<p>los cuatro legisladores que se separar\u00e1n de sus asientos se sumaron en el proceso interno de la llamada \u201ccuarta transformaci\u00f3n\u201d para definir su candidatura presidencial<\/p>\n\n\n\n<p>Ciudad de M\u00e9xico 13 de junio 2023.-El pleno de la Comisi\u00f3n Permanente del Congreso de la Uni\u00f3n aprob\u00f3 licencias por tiempo indefinido a Ricardo Monreal, Manuel Velasco, Gerardo Fern\u00e1ndez Noro\u00f1a y Yeidckol Polevnsky, quien de \u00faltima hora se destap\u00f3 para competir en el proceso interno de Morena para elegir a su candidata o candidato presidencial para las elecciones de 2024.<\/p>\n\n\n\n<p>Por lo que los cuatro legisladores que se separar\u00e1n de sus asientos se sumaron en el proceso interno de la llamada \u201ccuarta transformaci\u00f3n\u201d para definir su candidatura presidencial.<\/p>\n\n\n\n<p>Ya que renunciar al cargo que mantenga el o la aspirante, es uno de los requisitos que el l\u00edder nacional de Morena, Mario Delgado, recalc\u00f3 para poder participar en la encuesta.<\/p>\n\n\n\n<p>\u201cRequisito para inscribirse, haber dejado su cargo de representaci\u00f3n el mismo d\u00eda que presenten su registro. Es decir, haber renunciado a su cargo de representaci\u00f3n\u201d.(Fuente: Milenio\/Xeva\/Agencias)<\/p>\n","protected":false},"excerpt":{"rendered":"<p>(Redacci\u00f3n) los cuatro legisladores que se separar\u00e1n de sus asientos se sumaron en el proceso interno de la llamada \u201ccuarta transformaci\u00f3n\u201d para definir su candidatura presidencial Ciudad de M\u00e9xico 13 de junio 2023.-El pleno de la Comisi\u00f3n Permanente del Congreso de la Uni\u00f3n aprob\u00f3 licencias por tiempo indefinido a Ricardo Monreal, Manuel Velasco, Gerardo Fern\u00e1ndez [&hellip;]<\/p>\n","protected":false},"author":1,"featured_media":223902,"comment_status":"open","ping_status":"open","sticky":false,"template":"","format":"standard","meta":{"footnotes":""},"categories":[8],"tags":[],"class_list":["post-223901","post","type-post","status-publish","format-standard","has-post-thumbnail","hentry","category-pais","entry","has-media"],"jetpack_featured_media_url":"http:\/\/vertienteglobal.com\/wp-content\/uploads\/2023\/06\/208256.jpg","_links":{"self":[{"href":"http:\/\/vertienteglobal.com\/index.php?rest_route=\/wp\/v2\/posts\/223901","targetHints":{"allow":["GET"]}}],"collection":[{"href":"http:\/\/vertienteglobal.com\/index.php?rest_route=\/wp\/v2\/posts"}],"about":[{"href":"http:\/\/vertienteglobal.com\/index.php?rest_route=\/wp\/v2\/types\/post"}],"author":[{"embeddable":true,"href":"http:\/\/vertienteglobal.com\/index.php?rest_route=\/wp\/v2\/users\/1"}],"replies":[{"embeddable":true,"href":"http:\/\/vertienteglobal.com\/index.php?rest_route=%2Fwp%2Fv2%2Fcomments&post=223901"}],"version-history":[{"count":0,"href":"http:\/\/vertienteglobal.com\/index.php?rest_route=\/wp\/v2\/posts\/223901\/revisions"}],"wp:featuredmedia":[{"embeddable":true,"href":"http:\/\/vertienteglobal.com\/index.php?rest_route=\/wp\/v2\/media\/223902"}],"wp:attachment":[{"href":"http:\/\/vertienteglobal.com\/index.php?rest_route=%2Fwp%2Fv2%2Fmedia&parent=223901"}],"wp:term":[{"taxonomy":"category","embeddable":true,"href":"http:\/\/vertienteglobal.com\/index.php?rest_route=%2Fwp%2Fv2%2Fcategories&post=223901"},{"taxonomy":"post_tag","embeddable":true,"href":"http:\/\/vertienteglobal.com\/index.php?rest_route=%2Fwp%2Fv2%2Ftags&post=223901"}],"curies":[{"name":"wp","href":"https:\/\/api.w.org\/{rel}","templated":true}]}}