{"id":223830,"date":"2023-06-09T13:51:00","date_gmt":"2023-06-09T18:51:00","guid":{"rendered":"http:\/\/vertienteglobal.com\/?p=223830"},"modified":"2023-06-13T12:01:11","modified_gmt":"2023-06-13T17:01:11","slug":"ayuntamiento-de-jose-maria-morelos-signa-convenio-con-capa-para-regularizar-adeudo-municipal-de-agua-potable","status":"publish","type":"post","link":"http:\/\/vertienteglobal.com\/?p=223830","title":{"rendered":"Ayuntamiento de Jos\u00e9 Mar\u00eda Morelos signa convenio con CAPA para regularizar adeudo municipal de agua potable"},"content":{"rendered":"\n<div class=\"twitterbutton\" style=\"float: right; padding-left: 5px;\"><a href=\"http:\/\/twitter.com\/share\" class=\"twitter-share-button\" data-count=\"horizontal\" data-text=\"Ayuntamiento de Jos\u00e9 Mar\u00eda Morelos signa convenio con CAPA para regularizar ad...\" data-via=\"https:\/\/twitter.com\/VertienteGloba1\" data-url=\"http:\/\/vertienteglobal.com\/?p=223830\" data-lang=\"es\" data-related=\"Informaci\u00f3n general:S\u00edguenos para que est\u00e9ss informado\"><\/a><\/div>\n<figure class=\"wp-block-image size-full\"><img loading=\"lazy\" decoding=\"async\" width=\"585\" height=\"433\" src=\"http:\/\/vertienteglobal.com\/wp-content\/uploads\/2023\/06\/FB_IMG_1686673158871.jpg\" alt=\"\" class=\"wp-image-223831\" srcset=\"http:\/\/vertienteglobal.com\/wp-content\/uploads\/2023\/06\/FB_IMG_1686673158871.jpg 585w, http:\/\/vertienteglobal.com\/wp-content\/uploads\/2023\/06\/FB_IMG_1686673158871-300x222.jpg 300w, http:\/\/vertienteglobal.com\/wp-content\/uploads\/2023\/06\/FB_IMG_1686673158871-150x111.jpg 150w\" sizes=\"auto, (max-width: 585px) 100vw, 585px\" \/><\/figure>\n\n\n\n<p>(Redacci\u00f3n)<\/p>\n\n\n\n<p>El titular de la CAPA, Alberto Covarrubias Cort\u00e9s, destac\u00f3 que en el Nuevo Acuerdo por el Bienestar y Desarrollo de Quintana Roo, que impulsa la gobernadora Mara Lezama Espinosa, el tema del agua es prioritario y brindar facilidades para la regularizaci\u00f3n de los adeudos de los municipios, contribuye en la recuperaci\u00f3n de recursos que son indispensables para promover proyectos futuros que permitan abatir el rezago en materia de infraestructura hidr\u00e1ulica<\/p>\n\n\n\n<p>Jos\u00e9 Mar\u00eda Morelos, Quintana Roo, 09 de junio 2023.- La Comisi\u00f3n de Agua Potable y Alcantarillado (CAPA) y el Ayuntamiento de Jos\u00e9 Mar\u00eda Morelos, signaron convenio de reconocimiento de adeudo, como resultado de los esfuerzos de coordinaci\u00f3n entre el Gobierno del Estado con los gobiernos municipales, para promover la regularizaci\u00f3n de compromisos que redundan en justicia social y mejora de los servicios.<\/p>\n\n\n\n<p>El evento fue encabezado por el director general de la CAPA, Alberto Covarrubias Cort\u00e9s y el presidente municipal de Jos\u00e9 Mar\u00eda Morelos, Erik No\u00e9 Borges Yam, donde se destac\u00f3 el inter\u00e9s de la actual administraci\u00f3n municipal, por regularizar el adeudo de un servicio tan indispensable como es el agua potable; y adem\u00e1s poner el ejemplo para los otros municipios del Estado.<\/p>\n\n\n\n<p>El titular de la CAPA, Alberto Covarrubias Cort\u00e9s, destac\u00f3 que en el Nuevo Acuerdo por el Bienestar y Desarrollo de Quintana Roo, que impulsa la gobernadora Mara Lezama Espinosa, el tema del agua es prioritario y brindar facilidades para la regularizaci\u00f3n de los adeudos de los municipios, contribuye en la recuperaci\u00f3n de recursos que son indispensables para promover proyectos futuros que permitan abatir el rezago en materia de infraestructura hidr\u00e1ulica.<\/p>\n\n\n\n<p>La CAPA, reitera la disposici\u00f3n de trabajar y encontrar las v\u00edas para concretar acciones conjuntas con los municipios, con el objetivo de garantizar los servicios para una mejor calidad de vida de las familias.<\/p>\n\n\n\n<figure class=\"wp-block-image size-full\"><img loading=\"lazy\" decoding=\"async\" width=\"720\" height=\"540\" src=\"http:\/\/vertienteglobal.com\/wp-content\/uploads\/2023\/06\/FB_IMG_1686673162805.jpg\" alt=\"\" class=\"wp-image-223832\" srcset=\"http:\/\/vertienteglobal.com\/wp-content\/uploads\/2023\/06\/FB_IMG_1686673162805.jpg 720w, http:\/\/vertienteglobal.com\/wp-content\/uploads\/2023\/06\/FB_IMG_1686673162805-300x225.jpg 300w, http:\/\/vertienteglobal.com\/wp-content\/uploads\/2023\/06\/FB_IMG_1686673162805-150x113.jpg 150w\" sizes=\"auto, (max-width: 720px) 100vw, 720px\" \/><\/figure>\n","protected":false},"excerpt":{"rendered":"<p>(Redacci\u00f3n) El titular de la CAPA, Alberto Covarrubias Cort\u00e9s, destac\u00f3 que en el Nuevo Acuerdo por el Bienestar y Desarrollo de Quintana Roo, que impulsa la gobernadora Mara Lezama Espinosa, el tema del agua es prioritario y brindar facilidades para la regularizaci\u00f3n de los adeudos de los municipios, contribuye en la recuperaci\u00f3n de recursos que [&hellip;]<\/p>\n","protected":false},"author":1,"featured_media":223831,"comment_status":"open","ping_status":"open","sticky":false,"template":"","format":"standard","meta":{"footnotes":""},"categories":[3],"tags":[],"class_list":["post-223830","post","type-post","status-publish","format-standard","has-post-thumbnail","hentry","category-quintana-roo","entry","has-media"],"jetpack_featured_media_url":"http:\/\/vertienteglobal.com\/wp-content\/uploads\/2023\/06\/FB_IMG_1686673158871.jpg","_links":{"self":[{"href":"http:\/\/vertienteglobal.com\/index.php?rest_route=\/wp\/v2\/posts\/223830","targetHints":{"allow":["GET"]}}],"collection":[{"href":"http:\/\/vertienteglobal.com\/index.php?rest_route=\/wp\/v2\/posts"}],"about":[{"href":"http:\/\/vertienteglobal.com\/index.php?rest_route=\/wp\/v2\/types\/post"}],"author":[{"embeddable":true,"href":"http:\/\/vertienteglobal.com\/index.php?rest_route=\/wp\/v2\/users\/1"}],"replies":[{"embeddable":true,"href":"http:\/\/vertienteglobal.com\/index.php?rest_route=%2Fwp%2Fv2%2Fcomments&post=223830"}],"version-history":[{"count":0,"href":"http:\/\/vertienteglobal.com\/index.php?rest_route=\/wp\/v2\/posts\/223830\/revisions"}],"wp:featuredmedia":[{"embeddable":true,"href":"http:\/\/vertienteglobal.com\/index.php?rest_route=\/wp\/v2\/media\/223831"}],"wp:attachment":[{"href":"http:\/\/vertienteglobal.com\/index.php?rest_route=%2Fwp%2Fv2%2Fmedia&parent=223830"}],"wp:term":[{"taxonomy":"category","embeddable":true,"href":"http:\/\/vertienteglobal.com\/index.php?rest_route=%2Fwp%2Fv2%2Fcategories&post=223830"},{"taxonomy":"post_tag","embeddable":true,"href":"http:\/\/vertienteglobal.com\/index.php?rest_route=%2Fwp%2Fv2%2Ftags&post=223830"}],"curies":[{"name":"wp","href":"https:\/\/api.w.org\/{rel}","templated":true}]}}