{"id":223782,"date":"2023-06-11T17:09:00","date_gmt":"2023-06-11T22:09:00","guid":{"rendered":"http:\/\/vertienteglobal.com\/?p=223782"},"modified":"2023-06-13T01:08:25","modified_gmt":"2023-06-13T06:08:25","slug":"corcholatas-de-morena-firman-un-acuerdo-por-la-unidad-durante-consejo-nacional-de-morena","status":"publish","type":"post","link":"http:\/\/vertienteglobal.com\/?p=223782","title":{"rendered":"\u201cCorcholatas\u201d de Morena firman un acuerdo por la unidad durante Consejo Nacional de Morena"},"content":{"rendered":"\n<div class=\"twitterbutton\" style=\"float: right; padding-left: 5px;\"><a href=\"http:\/\/twitter.com\/share\" class=\"twitter-share-button\" data-count=\"horizontal\" data-text=\"\u201cCorcholatas\u201d de Morena firman un acuerdo por la unidad durante Consejo Naci...\" data-via=\"https:\/\/twitter.com\/VertienteGloba1\" data-url=\"http:\/\/vertienteglobal.com\/?p=223782\" data-lang=\"es\" data-related=\"Informaci\u00f3n general:S\u00edguenos para que est\u00e9ss informado\"><\/a><\/div>\n<figure class=\"wp-block-image size-full\"><img loading=\"lazy\" decoding=\"async\" width=\"1024\" height=\"683\" src=\"http:\/\/vertienteglobal.com\/wp-content\/uploads\/2023\/06\/208072.jpg\" alt=\"\" class=\"wp-image-223783\" srcset=\"http:\/\/vertienteglobal.com\/wp-content\/uploads\/2023\/06\/208072.jpg 1024w, http:\/\/vertienteglobal.com\/wp-content\/uploads\/2023\/06\/208072-300x200.jpg 300w, http:\/\/vertienteglobal.com\/wp-content\/uploads\/2023\/06\/208072-150x100.jpg 150w, http:\/\/vertienteglobal.com\/wp-content\/uploads\/2023\/06\/208072-768x512.jpg 768w\" sizes=\"auto, (max-width: 1024px) 100vw, 1024px\" \/><\/figure>\n\n\n\n<p>(Redacci\u00f3n)<\/p>\n\n\n\n<p>La firma de este acuerdo resalta el compromiso de los aspirantes a la presidencia de Morena de trabajar juntos y mantener la unidad dentro del partido, con el objetivo de fortalecer su posici\u00f3n de cara a las elecciones de 2024<\/p>\n\n\n\n<p>Ciudad de M\u00e9xico 11 de junio 2023.-Despu\u00e9s de una reuni\u00f3n de al menos cuatro horas entre los principales cuadros de Morena, los aspirantes a la presidencia de la Rep\u00fablica mostraron unidad al interior del partido pol\u00edtico y firmaron un acuerdo, que fue encabezado por el gobernador de Sonora y presidente del Consejo Nacional de Morena, Alfonso Durazo.<\/p>\n\n\n\n<p>La reuni\u00f3n, que comenz\u00f3 al mediod\u00eda del domingo 11 de junio, fue de suma importancia para el proceso interno del partido, ya que se discuti\u00f3 y defini\u00f3 el mecanismo de selecci\u00f3n de candidatos para las elecciones de 2024.<\/p>\n\n\n\n<p>Los principales contendientes de Morena: Claudia Sheinbaum, Marcelo Ebrard, Ad\u00e1n Augusto L\u00f3pez y Ricardo Monreal, firmaron un \u00abacuerdo de apoyo por la unidad\u00bb de cara a la elecci\u00f3n del candidato o candidata a la presidencia en las elecciones de 2024. Esto fue revelado en un video compartido por el senador Ricardo Monreal, en el cual se puede ver a los aspirantes coreando consignas como \u00abMorena, Morena\u00bb y \u00abUnidad, unidad\u00bb.<\/p>\n\n\n\n<p>La firma de este acuerdo resalta el compromiso de los aspirantes a la presidencia de Morena de trabajar juntos y mantener la unidad dentro del partido, con el objetivo de fortalecer su posici\u00f3n de cara a las elecciones de 2024.(Fuente: Publimetro\/Xeva)<\/p>\n","protected":false},"excerpt":{"rendered":"<p>(Redacci\u00f3n) La firma de este acuerdo resalta el compromiso de los aspirantes a la presidencia de Morena de trabajar juntos y mantener la unidad dentro del partido, con el objetivo de fortalecer su posici\u00f3n de cara a las elecciones de 2024 Ciudad de M\u00e9xico 11 de junio 2023.-Despu\u00e9s de una reuni\u00f3n de al menos cuatro [&hellip;]<\/p>\n","protected":false},"author":1,"featured_media":223783,"comment_status":"open","ping_status":"open","sticky":false,"template":"","format":"standard","meta":{"footnotes":""},"categories":[8],"tags":[],"class_list":["post-223782","post","type-post","status-publish","format-standard","has-post-thumbnail","hentry","category-pais","entry","has-media"],"jetpack_featured_media_url":"http:\/\/vertienteglobal.com\/wp-content\/uploads\/2023\/06\/208072.jpg","_links":{"self":[{"href":"http:\/\/vertienteglobal.com\/index.php?rest_route=\/wp\/v2\/posts\/223782","targetHints":{"allow":["GET"]}}],"collection":[{"href":"http:\/\/vertienteglobal.com\/index.php?rest_route=\/wp\/v2\/posts"}],"about":[{"href":"http:\/\/vertienteglobal.com\/index.php?rest_route=\/wp\/v2\/types\/post"}],"author":[{"embeddable":true,"href":"http:\/\/vertienteglobal.com\/index.php?rest_route=\/wp\/v2\/users\/1"}],"replies":[{"embeddable":true,"href":"http:\/\/vertienteglobal.com\/index.php?rest_route=%2Fwp%2Fv2%2Fcomments&post=223782"}],"version-history":[{"count":0,"href":"http:\/\/vertienteglobal.com\/index.php?rest_route=\/wp\/v2\/posts\/223782\/revisions"}],"wp:featuredmedia":[{"embeddable":true,"href":"http:\/\/vertienteglobal.com\/index.php?rest_route=\/wp\/v2\/media\/223783"}],"wp:attachment":[{"href":"http:\/\/vertienteglobal.com\/index.php?rest_route=%2Fwp%2Fv2%2Fmedia&parent=223782"}],"wp:term":[{"taxonomy":"category","embeddable":true,"href":"http:\/\/vertienteglobal.com\/index.php?rest_route=%2Fwp%2Fv2%2Fcategories&post=223782"},{"taxonomy":"post_tag","embeddable":true,"href":"http:\/\/vertienteglobal.com\/index.php?rest_route=%2Fwp%2Fv2%2Ftags&post=223782"}],"curies":[{"name":"wp","href":"https:\/\/api.w.org\/{rel}","templated":true}]}}