{"id":223779,"date":"2023-06-11T17:24:00","date_gmt":"2023-06-11T22:24:00","guid":{"rendered":"http:\/\/vertienteglobal.com\/?p=223779"},"modified":"2023-06-13T01:01:23","modified_gmt":"2023-06-13T06:01:23","slug":"candidato-presidencial-de-morena-se-dara-a-conocer-el-6-de-septiembre","status":"publish","type":"post","link":"http:\/\/vertienteglobal.com\/?p=223779","title":{"rendered":"Candidato presidencial de Morena se dar\u00e1 a conocer el 6 de septiembre"},"content":{"rendered":"\n<div class=\"twitterbutton\" style=\"float: right; padding-left: 5px;\"><a href=\"http:\/\/twitter.com\/share\" class=\"twitter-share-button\" data-count=\"horizontal\" data-text=\"Candidato presidencial de Morena se dar\u00e1 a conocer el 6 de septiembre\" data-via=\"https:\/\/twitter.com\/VertienteGloba1\" data-url=\"http:\/\/vertienteglobal.com\/?p=223779\" data-lang=\"es\" data-related=\"Informaci\u00f3n general:S\u00edguenos para que est\u00e9ss informado\"><\/a><\/div>\n<figure class=\"wp-block-image size-full\"><img loading=\"lazy\" decoding=\"async\" width=\"1024\" height=\"683\" src=\"http:\/\/vertienteglobal.com\/wp-content\/uploads\/2023\/06\/208074.jpg\" alt=\"\" class=\"wp-image-223780\" srcset=\"http:\/\/vertienteglobal.com\/wp-content\/uploads\/2023\/06\/208074.jpg 1024w, http:\/\/vertienteglobal.com\/wp-content\/uploads\/2023\/06\/208074-300x200.jpg 300w, http:\/\/vertienteglobal.com\/wp-content\/uploads\/2023\/06\/208074-150x100.jpg 150w, http:\/\/vertienteglobal.com\/wp-content\/uploads\/2023\/06\/208074-768x512.jpg 768w\" sizes=\"auto, (max-width: 1024px) 100vw, 1024px\" \/><\/figure>\n\n\n\n<p>(Redacci\u00f3n)<\/p>\n\n\n\n<p>Se acord\u00f3 que se realizar\u00e1n cinco encuestas para definir al abanderado presidencial. Morena llevar\u00e1 a cabo la primera encuesta, mientras que las otras cuatro ser\u00e1n encuestas espejo<\/p>\n\n\n\n<p>Ciudad de M\u00e9xico 11 de junio 2023.-Las corcholatas de Morena, conformadas por Claudia Sheinbaum, Marcelo Ebrard, Ad\u00e1n Augusto L\u00f3pez y Ricardo Monreal, firmaron un acuerdo crucial para el partido pol\u00edtico, en el cual se acord\u00f3 emitir la convocatoria para elegir al candidato presidencial de cara a las pr\u00f3ximas elecciones.<\/p>\n\n\n\n<p>Y es que entre los principales acuerdos alcanzados en la reuni\u00f3n destaca el plazo m\u00e1ximo para que los aspirantes renuncien o soliciten licencia a sus cargos, el cual es el pr\u00f3ximo 16 de junio. Adem\u00e1s, se acord\u00f3 que se realizar\u00e1n cinco encuestas para definir al abanderado presidencial. Morena llevar\u00e1 a cabo la primera encuesta, mientras que las otras cuatro ser\u00e1n encuestas espejo.<\/p>\n\n\n\n<p>Alfonso Durazo, presidente del Consejo Nacional de Morena precis\u00f3 que la encuesta se realizar\u00e1 del 8 de agosto a 3 de septiembre y los resultados finales se dar\u00e1n a conocer el mi\u00e9rcoles 6 de septiembre.<\/p>\n\n\n\n<p>Es importante resaltar que ninguna de las encuestas tendr\u00e1 mayor valor que otra, ya que las cinco ser\u00e1n vinculantes. El candidato o candidata presidencial ser\u00e1 aquel o aquella que obtenga el mayor n\u00famero de primeros lugares en las encuestas.<\/p>\n\n\n\n<p>Adem\u00e1s, se acord\u00f3 que Morena y sus aliados cerrar\u00e1n filas en torno a la persona que resulte ganadora del proceso de selecci\u00f3n. Antes de su designaci\u00f3n como candidato, esta persona ser\u00e1 nombrada como coordinadora de los Comit\u00e9s de Defensa de la Cuarta Transformaci\u00f3n.<\/p>\n\n\n\n<p>Hasta el momento, figuras prominentes como la jefa de Gobierno de la Ciudad de M\u00e9xico, Claudia Sheinbaum, y el secretario de Gobernaci\u00f3n, Ad\u00e1n Augusto L\u00f3pez, no han presentado formalmente su renuncia para participar en la carrera presidencial. Se espera que tomen una decisi\u00f3n despu\u00e9s de la celebraci\u00f3n de este Consejo Nacional.(Fuente: Milenio\/Xeva)<\/p>\n","protected":false},"excerpt":{"rendered":"<p>(Redacci\u00f3n) Se acord\u00f3 que se realizar\u00e1n cinco encuestas para definir al abanderado presidencial. Morena llevar\u00e1 a cabo la primera encuesta, mientras que las otras cuatro ser\u00e1n encuestas espejo Ciudad de M\u00e9xico 11 de junio 2023.-Las corcholatas de Morena, conformadas por Claudia Sheinbaum, Marcelo Ebrard, Ad\u00e1n Augusto L\u00f3pez y Ricardo Monreal, firmaron un acuerdo crucial para [&hellip;]<\/p>\n","protected":false},"author":1,"featured_media":223780,"comment_status":"open","ping_status":"open","sticky":false,"template":"","format":"standard","meta":{"footnotes":""},"categories":[8],"tags":[],"class_list":["post-223779","post","type-post","status-publish","format-standard","has-post-thumbnail","hentry","category-pais","entry","has-media"],"jetpack_featured_media_url":"http:\/\/vertienteglobal.com\/wp-content\/uploads\/2023\/06\/208074.jpg","_links":{"self":[{"href":"http:\/\/vertienteglobal.com\/index.php?rest_route=\/wp\/v2\/posts\/223779","targetHints":{"allow":["GET"]}}],"collection":[{"href":"http:\/\/vertienteglobal.com\/index.php?rest_route=\/wp\/v2\/posts"}],"about":[{"href":"http:\/\/vertienteglobal.com\/index.php?rest_route=\/wp\/v2\/types\/post"}],"author":[{"embeddable":true,"href":"http:\/\/vertienteglobal.com\/index.php?rest_route=\/wp\/v2\/users\/1"}],"replies":[{"embeddable":true,"href":"http:\/\/vertienteglobal.com\/index.php?rest_route=%2Fwp%2Fv2%2Fcomments&post=223779"}],"version-history":[{"count":0,"href":"http:\/\/vertienteglobal.com\/index.php?rest_route=\/wp\/v2\/posts\/223779\/revisions"}],"wp:featuredmedia":[{"embeddable":true,"href":"http:\/\/vertienteglobal.com\/index.php?rest_route=\/wp\/v2\/media\/223780"}],"wp:attachment":[{"href":"http:\/\/vertienteglobal.com\/index.php?rest_route=%2Fwp%2Fv2%2Fmedia&parent=223779"}],"wp:term":[{"taxonomy":"category","embeddable":true,"href":"http:\/\/vertienteglobal.com\/index.php?rest_route=%2Fwp%2Fv2%2Fcategories&post=223779"},{"taxonomy":"post_tag","embeddable":true,"href":"http:\/\/vertienteglobal.com\/index.php?rest_route=%2Fwp%2Fv2%2Ftags&post=223779"}],"curies":[{"name":"wp","href":"https:\/\/api.w.org\/{rel}","templated":true}]}}