{"id":223740,"date":"2023-06-08T20:53:00","date_gmt":"2023-06-09T01:53:00","guid":{"rendered":"http:\/\/vertienteglobal.com\/?p=223740"},"modified":"2023-06-09T12:56:05","modified_gmt":"2023-06-09T17:56:05","slug":"mara-lezama-impulsa-el-emprendimiento-para-generar-prosperidad-compartida","status":"publish","type":"post","link":"http:\/\/vertienteglobal.com\/?p=223740","title":{"rendered":"Mara Lezama impulsa el emprendimiento para generar prosperidad compartida"},"content":{"rendered":"\n<div class=\"twitterbutton\" style=\"float: right; padding-left: 5px;\"><a href=\"http:\/\/twitter.com\/share\" class=\"twitter-share-button\" data-count=\"horizontal\" data-text=\"Mara Lezama impulsa el emprendimiento para generar prosperidad compartida\" data-via=\"https:\/\/twitter.com\/VertienteGloba1\" data-url=\"http:\/\/vertienteglobal.com\/?p=223740\" data-lang=\"es\" data-related=\"Informaci\u00f3n general:S\u00edguenos para que est\u00e9ss informado\"><\/a><\/div>\n<figure class=\"wp-block-image size-full\"><img loading=\"lazy\" decoding=\"async\" width=\"720\" height=\"480\" src=\"http:\/\/vertienteglobal.com\/wp-content\/uploads\/2023\/06\/FB_IMG_1686329713536.jpg\" alt=\"\" class=\"wp-image-223741\" srcset=\"http:\/\/vertienteglobal.com\/wp-content\/uploads\/2023\/06\/FB_IMG_1686329713536.jpg 720w, http:\/\/vertienteglobal.com\/wp-content\/uploads\/2023\/06\/FB_IMG_1686329713536-300x200.jpg 300w, http:\/\/vertienteglobal.com\/wp-content\/uploads\/2023\/06\/FB_IMG_1686329713536-150x100.jpg 150w\" sizes=\"auto, (max-width: 720px) 100vw, 720px\" \/><\/figure>\n\n\n\n<p>(Redacci\u00f3n)<\/p>\n\n\n\n<p>M\u00e1s de 200 emprendedores asistieron a la edici\u00f3n de CREO MX en Quintana Roo<\/p>\n\n\n\n<p>Canc\u00fan, Quintana Roo, 98 de junio 2023.- A trav\u00e9s de la Ruta Emprendedora: CREO MX Sur-Sureste, el gobierno del estado que encabeza Mara Lezama Espinosa apoya a m\u00e1s emprendedoras y emprendedores a consolidar sus proyectos y construir juntos un Quintana Roo con prosperidad compartida.<\/p>\n\n\n\n<p>Mara Lezama estuvo en la segunda parada de la Ruta Emprendedora: CREO MX Sur-Sureste que se llev\u00f3 a cabo en la Universidad del Caribe con la participaci\u00f3n de m\u00e1s de 200 asistentes, en donde entreg\u00f3 t\u00edtulos de registro de marca ante el IMPI.<\/p>\n\n\n\n<p>Mara Lezama expres\u00f3 que en este gobierno del cambio verdadero y de la transformaci\u00f3n profunda es prioridad generar prosperidad compartida y construir juntas y juntos un Quintana Roo l\u00edder en innovaci\u00f3n.<\/p>\n\n\n\n<p>Exhort\u00f3 a no tener miedo a emprender, a intentar cosas nuevas, pues en este gobierno, a trav\u00e9s del Nuevo Acuerdo por el Bienestar y Desarrollo de Quintana Roo, no estar\u00e1n solas ni solos, pues tienen a una gobernadora que los apoya e instituciones que les permitir\u00e1n financiar los proyectos.<\/p>\n\n\n\n<p>La Ruta Emprendedora: CREO MX Sur-Sureste inici\u00f3 el pasado 18 de abril en Chiapas, en el marco de la S\u00e9ptima Reuni\u00f3n de Gobernadores del Sur-sureste con la Embajada de los Estados Unidos en M\u00e9xico.<\/p>\n\n\n\n<p>CREO MX Sur-sureste es una iniciativa que promueve el desarrollo y el crecimiento de los emprendedores y las micro, peque\u00f1as y medianas empresas (Mipymes) en un entorno de innovaci\u00f3n. Se promueve la vinculaci\u00f3n efectiva, la creaci\u00f3n de alianzas estrat\u00e9gicas entre las Pymes, los emprendedores y las organizaciones p\u00fablicas y privadas que impulsa su crecimiento.<\/p>\n\n\n\n<p>Durante una jornada de cuatro horas, las y los emprendedores y las Mipymes quintanarroenses accedieron a una red de expertos que los ayudaron a conocer las mejores pr\u00e1cticas de negocio, adquirir nuevos conocimientos y obtener herramientas de f\u00e1cil aplicaci\u00f3n para implementar en sus proyectos.<\/p>\n\n\n\n<p>La secretaria de Desarrollo Econ\u00f3mico, Karla Almanza L\u00f3pez, resalt\u00f3 que el gobierno del estado de Quintana Roo, a trav\u00e9s de la SEDE, firm\u00f3 un convenio de colaboraci\u00f3n con el Centro de Competitividad de M\u00e9xico para impulsar a las MIPYMES mediante el modelo de intervenci\u00f3n del CCMX, fundado en destacadas pr\u00e1cticas empresariales, que les permitir\u00e1 acceder a servicios integrales de consultor\u00eda, capacitaci\u00f3n y financiamiento, brind\u00e1ndoles adem\u00e1s la oportunidad de establecerse como proveedores de las grandes empresas.<\/p>\n\n\n\n<p>Juan Carlos Ostolaza, director general del Centro de Competitividad de M\u00e9xico (CCMX) destac\u00f3 que los emprendedores y las pymes son los principales generadores de empleo en el estado, por ello es necesario, el desarrollo y creaci\u00f3n de mecanismos e iniciativas como CREO MX, que bajo una metodolog\u00eda que incluye: acceso a capacitaci\u00f3n, vinculaci\u00f3n y consultor\u00eda. Adem\u00e1s de contar con diversas alianzas estrat\u00e9gicas con incubadoras y aceleradoras de negocio, para que apoyen a los emprendedores con becas para acceder a sus programas.<\/p>\n\n\n\n<p>Con estas acciones el Gobierno del Estado de Quintana Roo, suma esfuerzos en conjunto con el Congreso del Estado de Quintana Roo, el municipio de Benito Ju\u00e1rez, los sectores privado y social, para dar paso firme en el cumplimiento de los compromisos, objetivos y l\u00edneas de acci\u00f3n trazadas en el Nuevo Acuerdo por el Bienestar y Desarrollo de Quintana Roo.<\/p>\n\n\n\n<figure class=\"wp-block-image size-full\"><img loading=\"lazy\" decoding=\"async\" width=\"585\" height=\"388\" src=\"http:\/\/vertienteglobal.com\/wp-content\/uploads\/2023\/06\/FB_IMG_1686329717028.jpg\" alt=\"\" class=\"wp-image-223742\" srcset=\"http:\/\/vertienteglobal.com\/wp-content\/uploads\/2023\/06\/FB_IMG_1686329717028.jpg 585w, http:\/\/vertienteglobal.com\/wp-content\/uploads\/2023\/06\/FB_IMG_1686329717028-300x199.jpg 300w, http:\/\/vertienteglobal.com\/wp-content\/uploads\/2023\/06\/FB_IMG_1686329717028-150x99.jpg 150w\" sizes=\"auto, (max-width: 585px) 100vw, 585px\" \/><\/figure>\n\n\n\n<figure class=\"wp-block-image size-full\"><img loading=\"lazy\" decoding=\"async\" width=\"585\" height=\"390\" src=\"http:\/\/vertienteglobal.com\/wp-content\/uploads\/2023\/06\/FB_IMG_1686329720480.jpg\" alt=\"\" class=\"wp-image-223743\" srcset=\"http:\/\/vertienteglobal.com\/wp-content\/uploads\/2023\/06\/FB_IMG_1686329720480.jpg 585w, http:\/\/vertienteglobal.com\/wp-content\/uploads\/2023\/06\/FB_IMG_1686329720480-300x200.jpg 300w, http:\/\/vertienteglobal.com\/wp-content\/uploads\/2023\/06\/FB_IMG_1686329720480-150x100.jpg 150w\" sizes=\"auto, (max-width: 585px) 100vw, 585px\" \/><\/figure>\n\n\n\n<figure class=\"wp-block-image size-full\"><img loading=\"lazy\" decoding=\"async\" width=\"585\" height=\"390\" src=\"http:\/\/vertienteglobal.com\/wp-content\/uploads\/2023\/06\/FB_IMG_1686329724211.jpg\" alt=\"\" class=\"wp-image-223744\" srcset=\"http:\/\/vertienteglobal.com\/wp-content\/uploads\/2023\/06\/FB_IMG_1686329724211.jpg 585w, http:\/\/vertienteglobal.com\/wp-content\/uploads\/2023\/06\/FB_IMG_1686329724211-300x200.jpg 300w, http:\/\/vertienteglobal.com\/wp-content\/uploads\/2023\/06\/FB_IMG_1686329724211-150x100.jpg 150w\" sizes=\"auto, (max-width: 585px) 100vw, 585px\" \/><\/figure>\n","protected":false},"excerpt":{"rendered":"<p>(Redacci\u00f3n) M\u00e1s de 200 emprendedores asistieron a la edici\u00f3n de CREO MX en Quintana Roo Canc\u00fan, Quintana Roo, 98 de junio 2023.- A trav\u00e9s de la Ruta Emprendedora: CREO MX Sur-Sureste, el gobierno del estado que encabeza Mara Lezama Espinosa apoya a m\u00e1s emprendedoras y emprendedores a consolidar sus proyectos y construir juntos un Quintana [&hellip;]<\/p>\n","protected":false},"author":1,"featured_media":223741,"comment_status":"open","ping_status":"open","sticky":false,"template":"","format":"standard","meta":{"footnotes":""},"categories":[3],"tags":[],"class_list":["post-223740","post","type-post","status-publish","format-standard","has-post-thumbnail","hentry","category-quintana-roo","entry","has-media"],"jetpack_featured_media_url":"http:\/\/vertienteglobal.com\/wp-content\/uploads\/2023\/06\/FB_IMG_1686329713536.jpg","_links":{"self":[{"href":"http:\/\/vertienteglobal.com\/index.php?rest_route=\/wp\/v2\/posts\/223740","targetHints":{"allow":["GET"]}}],"collection":[{"href":"http:\/\/vertienteglobal.com\/index.php?rest_route=\/wp\/v2\/posts"}],"about":[{"href":"http:\/\/vertienteglobal.com\/index.php?rest_route=\/wp\/v2\/types\/post"}],"author":[{"embeddable":true,"href":"http:\/\/vertienteglobal.com\/index.php?rest_route=\/wp\/v2\/users\/1"}],"replies":[{"embeddable":true,"href":"http:\/\/vertienteglobal.com\/index.php?rest_route=%2Fwp%2Fv2%2Fcomments&post=223740"}],"version-history":[{"count":0,"href":"http:\/\/vertienteglobal.com\/index.php?rest_route=\/wp\/v2\/posts\/223740\/revisions"}],"wp:featuredmedia":[{"embeddable":true,"href":"http:\/\/vertienteglobal.com\/index.php?rest_route=\/wp\/v2\/media\/223741"}],"wp:attachment":[{"href":"http:\/\/vertienteglobal.com\/index.php?rest_route=%2Fwp%2Fv2%2Fmedia&parent=223740"}],"wp:term":[{"taxonomy":"category","embeddable":true,"href":"http:\/\/vertienteglobal.com\/index.php?rest_route=%2Fwp%2Fv2%2Fcategories&post=223740"},{"taxonomy":"post_tag","embeddable":true,"href":"http:\/\/vertienteglobal.com\/index.php?rest_route=%2Fwp%2Fv2%2Ftags&post=223740"}],"curies":[{"name":"wp","href":"https:\/\/api.w.org\/{rel}","templated":true}]}}