{"id":223662,"date":"2023-06-07T16:04:00","date_gmt":"2023-06-07T21:04:00","guid":{"rendered":"http:\/\/vertienteglobal.com\/?p=223662"},"modified":"2023-06-09T07:06:31","modified_gmt":"2023-06-09T12:06:31","slug":"dia-mundial-del-medio-ambiente-bajo-la-campana-una-persona-un-arbol-del-movimiento-somos-ecoistas-se-plantan-mas-de-400-arboles-para-crear-conciencia-y-preservar-nuestro-entorno","status":"publish","type":"post","link":"http:\/\/vertienteglobal.com\/?p=223662","title":{"rendered":"D\u00eda Mundial del Medio Ambiente: Bajo la campa\u00f1a \u201cUna persona un \u00e1rbol\u201d del movimiento Somos Eco\u00edstas se plantan m\u00e1s de 400 \u00e1rboles para crear conciencia y preservar nuestro entorno"},"content":{"rendered":"\n<div class=\"twitterbutton\" style=\"float: right; padding-left: 5px;\"><a href=\"http:\/\/twitter.com\/share\" class=\"twitter-share-button\" data-count=\"horizontal\" data-text=\"D\u00eda Mundial del Medio Ambiente: Bajo la campa\u00f1a \u201cUna persona un \u00e1rbol\u201d de...\" data-via=\"https:\/\/twitter.com\/VertienteGloba1\" data-url=\"http:\/\/vertienteglobal.com\/?p=223662\" data-lang=\"es\" data-related=\"Informaci\u00f3n general:S\u00edguenos para que est\u00e9ss informado\"><\/a><\/div>\n<figure class=\"wp-block-image size-large\"><img loading=\"lazy\" decoding=\"async\" width=\"1024\" height=\"576\" src=\"http:\/\/vertienteglobal.com\/wp-content\/uploads\/2023\/06\/Hyp0fIk-1024x576.jpeg\" alt=\"\" class=\"wp-image-223663\" srcset=\"http:\/\/vertienteglobal.com\/wp-content\/uploads\/2023\/06\/Hyp0fIk-1024x576.jpeg 1024w, http:\/\/vertienteglobal.com\/wp-content\/uploads\/2023\/06\/Hyp0fIk-300x169.jpeg 300w, http:\/\/vertienteglobal.com\/wp-content\/uploads\/2023\/06\/Hyp0fIk-150x84.jpeg 150w, http:\/\/vertienteglobal.com\/wp-content\/uploads\/2023\/06\/Hyp0fIk-768x432.jpeg 768w, http:\/\/vertienteglobal.com\/wp-content\/uploads\/2023\/06\/Hyp0fIk-1536x864.jpeg 1536w, http:\/\/vertienteglobal.com\/wp-content\/uploads\/2023\/06\/Hyp0fIk.jpeg 1600w\" sizes=\"auto, (max-width: 1024px) 100vw, 1024px\" \/><\/figure>\n\n\n\n<p>(Redacci\u00f3n)<\/p>\n\n\n\n<p>Eco-Bahia contin\u00faa comprometida a contribuir con la preservaci\u00f3n del medio ambiente; a partir de ello, se podr\u00e1 garantizar conservar los servicios ecosist\u00e9micos que la misma naturaleza nos brinda; servicios que, permiten coexistir en equilibrio<\/p>\n\n\n\n<p><strong><em>Riviera Maya, 7 de junio de 2023<\/em><\/strong>\u00a0\u2013 En conmemoraci\u00f3n del \u201cD\u00eda Mundial del Medio Ambiente\u201d, la Fundaci\u00f3n Eco-Bah\u00eda bajo la campa\u00f1a\u00a0<strong><em>\u201cUna persona, un \u00e1rbol\u201d<\/em><\/strong>\u00a0del movimiento\u00a0<a rel=\"noreferrer noopener\" href=\"https:\/\/somosecoistas.com\/\" target=\"_blank\">\u201cSomos Eco\u00edstas\u201d<\/a>\u00a0contin\u00faa con el compromiso de plantar \u00e1rboles y plantas locales, para preservar y mejorar nuestro entorno natural. Se llev\u00f3 a cabo una plantaci\u00f3n de m\u00e1s de 400 \u00e1rboles en los alrededores de\u00a0<em>Bahia Principe Riviera Maya Resort<\/em>, y donado a los residentes del\u00a0<em>Tulum Country Club.<\/em><\/p>\n\n\n\n<p>La celebraci\u00f3n de este d\u00eda nos brinda la oportunidad de ampliar nuestros conocimientos y fomentar una opini\u00f3n informada y una conducta responsable en la preservaci\u00f3n y mejora del medio ambiente. El D\u00eda Mundial del Medio Ambiente, proclamado por la Asamblea General de las Naciones Unidas en 1972, coincide con el inicio de la Conferencia de Estocolmo, cuyo tema principal fue precisamente el medio ambiente.<\/p>\n\n\n\n<p>Eco-Bahia contin\u00faa comprometida a contribuir con la preservaci\u00f3n del medio ambiente; a partir de ello, se podr\u00e1 garantizar conservar los servicios ecosist\u00e9micos que la misma naturaleza nos brinda; servicios que, permiten coexistir en equilibrio.<\/p>\n\n\n\n<p>Desde 2022, la Fundaci\u00f3n Eco-Bah\u00eda impulsa tan maravillosa campa\u00f1a de integraci\u00f3n, logrando una plantaci\u00f3n de 1,163 ejemplares como: limones, naranjas, mandarinas, aktis, ciricote, xcanlol, chicozapote majagua, chak\u00e1 y ceiba, entre otros.<\/p>\n\n\n\n<p>Estos esfuerzos buscan crear conciencia sobre la importancia de proteger nuestro entorno natural y fomentar una actitud responsable hacia la conservaci\u00f3n del medio ambiente.<\/p>\n\n\n\n<p>La gerente de la Fundaci\u00f3n Eco-Bah\u00eda, Yuritzi Espino Rivera, destac\u00f3:&nbsp;<em>\u00abNuestra tierra es \u00fanica e irremplazable. Cuid\u00e9mosla y hag\u00e1moslo con peque\u00f1os gestos, porque juntos conseguiremos grandes cosas. La plantaci\u00f3n de \u00e1rboles es un paso importante en este camino, y continuaremos promoviendo acciones sostenibles para preservar nuestro medio ambiente\u00bb.<\/em><\/p>\n\n\n\n<p>La Fundaci\u00f3n Eco-Bah\u00eda invita a la comunidad, empresas y personas individuales a sumarse a la campa\u00f1a&nbsp;<strong>\u00abUna persona, un \u00e1rbol\u00bb<\/strong>&nbsp;del movimiento Somos Eco\u00edstas, con el objetivo de crear un impacto positivo en la preservaci\u00f3n de nuestro planeta y asegurar un futuro sostenible para las generaciones venideras.<\/p>\n\n\n\n<p>Desde que comenz\u00f3 la campa\u00f1a se han plantado aproximadamente 5,000 \u00e1rboles en todos los diferentes destinos que se han llevado a cabo<\/p>\n","protected":false},"excerpt":{"rendered":"<p>(Redacci\u00f3n) Eco-Bahia contin\u00faa comprometida a contribuir con la preservaci\u00f3n del medio ambiente; a partir de ello, se podr\u00e1 garantizar conservar los servicios ecosist\u00e9micos que la misma naturaleza nos brinda; servicios que, permiten coexistir en equilibrio Riviera Maya, 7 de junio de 2023\u00a0\u2013 En conmemoraci\u00f3n del \u201cD\u00eda Mundial del Medio Ambiente\u201d, la Fundaci\u00f3n Eco-Bah\u00eda bajo la [&hellip;]<\/p>\n","protected":false},"author":1,"featured_media":223663,"comment_status":"open","ping_status":"open","sticky":false,"template":"","format":"standard","meta":{"footnotes":""},"categories":[3],"tags":[],"class_list":["post-223662","post","type-post","status-publish","format-standard","has-post-thumbnail","hentry","category-quintana-roo","entry","has-media"],"jetpack_featured_media_url":"http:\/\/vertienteglobal.com\/wp-content\/uploads\/2023\/06\/Hyp0fIk.jpeg","_links":{"self":[{"href":"http:\/\/vertienteglobal.com\/index.php?rest_route=\/wp\/v2\/posts\/223662","targetHints":{"allow":["GET"]}}],"collection":[{"href":"http:\/\/vertienteglobal.com\/index.php?rest_route=\/wp\/v2\/posts"}],"about":[{"href":"http:\/\/vertienteglobal.com\/index.php?rest_route=\/wp\/v2\/types\/post"}],"author":[{"embeddable":true,"href":"http:\/\/vertienteglobal.com\/index.php?rest_route=\/wp\/v2\/users\/1"}],"replies":[{"embeddable":true,"href":"http:\/\/vertienteglobal.com\/index.php?rest_route=%2Fwp%2Fv2%2Fcomments&post=223662"}],"version-history":[{"count":0,"href":"http:\/\/vertienteglobal.com\/index.php?rest_route=\/wp\/v2\/posts\/223662\/revisions"}],"wp:featuredmedia":[{"embeddable":true,"href":"http:\/\/vertienteglobal.com\/index.php?rest_route=\/wp\/v2\/media\/223663"}],"wp:attachment":[{"href":"http:\/\/vertienteglobal.com\/index.php?rest_route=%2Fwp%2Fv2%2Fmedia&parent=223662"}],"wp:term":[{"taxonomy":"category","embeddable":true,"href":"http:\/\/vertienteglobal.com\/index.php?rest_route=%2Fwp%2Fv2%2Fcategories&post=223662"},{"taxonomy":"post_tag","embeddable":true,"href":"http:\/\/vertienteglobal.com\/index.php?rest_route=%2Fwp%2Fv2%2Ftags&post=223662"}],"curies":[{"name":"wp","href":"https:\/\/api.w.org\/{rel}","templated":true}]}}