{"id":223609,"date":"2023-06-06T13:19:00","date_gmt":"2023-06-06T18:19:00","guid":{"rendered":"http:\/\/vertienteglobal.com\/?p=223609"},"modified":"2023-06-07T13:15:42","modified_gmt":"2023-06-07T18:15:42","slug":"diego-castanon-trejo-encabeza-firma-de-convenio-con-el-tribunal-de-justicia-administrativa","status":"publish","type":"post","link":"http:\/\/vertienteglobal.com\/?p=223609","title":{"rendered":"Diego Casta\u00f1\u00f3n Trejo encabeza firma de convenio con el Tribunal de Justicia Administrativa"},"content":{"rendered":"\n<div class=\"twitterbutton\" style=\"float: right; padding-left: 5px;\"><a href=\"http:\/\/twitter.com\/share\" class=\"twitter-share-button\" data-count=\"horizontal\" data-text=\"Diego Casta\u00f1\u00f3n Trejo encabeza firma de convenio con el Tribunal de Justicia Ad...\" data-via=\"https:\/\/twitter.com\/VertienteGloba1\" data-url=\"http:\/\/vertienteglobal.com\/?p=223609\" data-lang=\"es\" data-related=\"Informaci\u00f3n general:S\u00edguenos para que est\u00e9ss informado\"><\/a><\/div>\n<figure class=\"wp-block-image size-full\"><img loading=\"lazy\" decoding=\"async\" width=\"720\" height=\"405\" src=\"http:\/\/vertienteglobal.com\/wp-content\/uploads\/2023\/06\/FB_IMG_1686161421139.jpg\" alt=\"\" class=\"wp-image-223610\" srcset=\"http:\/\/vertienteglobal.com\/wp-content\/uploads\/2023\/06\/FB_IMG_1686161421139.jpg 720w, http:\/\/vertienteglobal.com\/wp-content\/uploads\/2023\/06\/FB_IMG_1686161421139-300x169.jpg 300w, http:\/\/vertienteglobal.com\/wp-content\/uploads\/2023\/06\/FB_IMG_1686161421139-150x84.jpg 150w\" sizes=\"auto, (max-width: 720px) 100vw, 720px\" \/><\/figure>\n\n\n\n<p>(Redacci\u00f3n)<\/p>\n\n\n\n<p>Diego Casta\u00f1\u00f3n, ponder\u00f3 el compromiso de su administraci\u00f3n con el Sistema Estatal Anticorrupci\u00f3n, sirviendo \u00e9ste convenio coadyuvante para que todos los procesos se cumplan y no exista impunidad<\/p>\n\n\n\n<p>Tulum, Quintana Roo a 6 de junio del 2023.-El Presidente Municipal de Tulum, Diego Casta\u00f1\u00f3n Trejo, encabez\u00f3 la firma de un Convenio de Colaboraci\u00f3n en Materia de Defensor\u00eda P\u00fablica entre el Honorable Ayuntamiento de Tulum y el Tribunal de Justicia Administrativa del Estado de Quintana Roo, que tiene como objetivo garantizar defensor\u00eda gratuita a servidores p\u00fablicos que por su condici\u00f3n social o cultural no pueden contratar servicios de defensa legal.<\/p>\n\n\n\n<p>Al efectuar la firma del convenio, Diego Casta\u00f1\u00f3n, ponder\u00f3 el compromiso de su administraci\u00f3n con el Sistema Estatal Anticorrupci\u00f3n, sirviendo \u00e9ste convenio coadyuvante para que todos los procesos se cumplan y no exista impunidad.<\/p>\n\n\n\n<p>\u201cLa falta de procesos administrativos completos y correctos genera impunidad en nuestra sociedad. Cuando los expedientes no se arman adecuadamente, el procedimiento jur\u00eddico se atasca y, como consecuencia, la impartici\u00f3n de justicia tambi\u00e9n se ve afectada. Es fundamental que trabajemos en fortalecer nuestros procesos administrativos para garantizar un sistema de justicia eficiente y transparente en Tulum\u00bb, expres\u00f3 el mun\u00edcipe.<\/p>\n\n\n\n<p>En representaci\u00f3n de la Contralora Municipal, Araceli D\u00edaz Garc\u00eda, asisti\u00f3 Daniel Alberto Palma V\u00e1zquez, quien detall\u00f3 que la firma de \u00e9ste convenio ratifica una acci\u00f3n estrat\u00e9gica.<\/p>\n\n\n\n<p>\u201cEs una herramienta fundamental en la construcci\u00f3n de una sociedad con mayores capacidades de defensa y prevenci\u00f3n. Garantizando un debido proceso en materia de responsabilidad administrativa en el \u00f3rgano interno de Control Municipal, toda vez que con la firma del presente convenio contaremos con los servicios de defensor\u00eda gratuita teniendo como objetivo principal el garantizar el pleno e igual acceso a la justicia, a los servidores p\u00fablicos que se encuentran en procedimientos administrativos. Y que por su condici\u00f3n social o cultural no puedan contratar los servicios de defensa legal para la salvaguarda de sus derechos\u201d, dijo.<\/p>\n\n\n\n<p>En su oportunidad, el Presidente del Tribunal de Justicia Administrativa del Estado de Quintana Roo, Jes\u00fas Antonio Villalobos Carrillo, declar\u00f3 que, a trav\u00e9s de este convenio, se activa una unidad de asistencia jur\u00eddica con la idea de que se cumpla con la formalidad de los procesos legales en el Ayuntamiento.<\/p>\n\n\n\n<p>\u201cEl compromiso que tiene el Tribunal de Justicia Administrativa es tutelar y salvaguardar el Estado de derecho, impartir justicia que sea pronta, efectiva, completa de una manera integral para la ciudadan\u00eda. Como ustedes saben este es un \u00f3rgano aut\u00f3nomo, integrante del Sistema Estatal Anticorrupci\u00f3n\u201d, dijo.<\/p>\n\n\n\n<p>Agradeci\u00f3 Casta\u00f1\u00f3n Trejo por su inter\u00e9s de que, en su gobierno, las \u00e1reas de investigaci\u00f3n est\u00e9n plenamente consolidadas y que cuenten con las herramientas necesarias para todo proceso legal.<\/p>\n\n\n\n<p>A la firma del convenio, asisti\u00f3 la s\u00edndico municipal, Mar\u00eda Teresa Arana S\u00e1nchez, el tercer regidor Mart\u00edn Dzib Chimal y funcionarios de la administraci\u00f3n municipal.<\/p>\n\n\n\n<figure class=\"wp-block-image size-full\"><img loading=\"lazy\" decoding=\"async\" width=\"720\" height=\"480\" src=\"http:\/\/vertienteglobal.com\/wp-content\/uploads\/2023\/06\/FB_IMG_1686161424629.jpg\" alt=\"\" class=\"wp-image-223611\" srcset=\"http:\/\/vertienteglobal.com\/wp-content\/uploads\/2023\/06\/FB_IMG_1686161424629.jpg 720w, http:\/\/vertienteglobal.com\/wp-content\/uploads\/2023\/06\/FB_IMG_1686161424629-300x200.jpg 300w, http:\/\/vertienteglobal.com\/wp-content\/uploads\/2023\/06\/FB_IMG_1686161424629-150x100.jpg 150w\" sizes=\"auto, (max-width: 720px) 100vw, 720px\" \/><\/figure>\n\n\n\n<figure class=\"wp-block-image size-full\"><img loading=\"lazy\" decoding=\"async\" width=\"720\" height=\"405\" src=\"http:\/\/vertienteglobal.com\/wp-content\/uploads\/2023\/06\/FB_IMG_1686161429376.jpg\" alt=\"\" class=\"wp-image-223612\" srcset=\"http:\/\/vertienteglobal.com\/wp-content\/uploads\/2023\/06\/FB_IMG_1686161429376.jpg 720w, http:\/\/vertienteglobal.com\/wp-content\/uploads\/2023\/06\/FB_IMG_1686161429376-300x169.jpg 300w, http:\/\/vertienteglobal.com\/wp-content\/uploads\/2023\/06\/FB_IMG_1686161429376-150x84.jpg 150w\" sizes=\"auto, (max-width: 720px) 100vw, 720px\" \/><\/figure>\n\n\n\n<figure class=\"wp-block-image size-full\"><img loading=\"lazy\" decoding=\"async\" width=\"720\" height=\"480\" src=\"http:\/\/vertienteglobal.com\/wp-content\/uploads\/2023\/06\/FB_IMG_1686161432791.jpg\" alt=\"\" class=\"wp-image-223613\" srcset=\"http:\/\/vertienteglobal.com\/wp-content\/uploads\/2023\/06\/FB_IMG_1686161432791.jpg 720w, http:\/\/vertienteglobal.com\/wp-content\/uploads\/2023\/06\/FB_IMG_1686161432791-300x200.jpg 300w, http:\/\/vertienteglobal.com\/wp-content\/uploads\/2023\/06\/FB_IMG_1686161432791-150x100.jpg 150w\" sizes=\"auto, (max-width: 720px) 100vw, 720px\" \/><\/figure>\n","protected":false},"excerpt":{"rendered":"<p>(Redacci\u00f3n) Diego Casta\u00f1\u00f3n, ponder\u00f3 el compromiso de su administraci\u00f3n con el Sistema Estatal Anticorrupci\u00f3n, sirviendo \u00e9ste convenio coadyuvante para que todos los procesos se cumplan y no exista impunidad Tulum, Quintana Roo a 6 de junio del 2023.-El Presidente Municipal de Tulum, Diego Casta\u00f1\u00f3n Trejo, encabez\u00f3 la firma de un Convenio de Colaboraci\u00f3n en Materia [&hellip;]<\/p>\n","protected":false},"author":1,"featured_media":223610,"comment_status":"open","ping_status":"open","sticky":false,"template":"","format":"standard","meta":{"footnotes":""},"categories":[3],"tags":[],"class_list":["post-223609","post","type-post","status-publish","format-standard","has-post-thumbnail","hentry","category-quintana-roo","entry","has-media"],"jetpack_featured_media_url":"http:\/\/vertienteglobal.com\/wp-content\/uploads\/2023\/06\/FB_IMG_1686161421139.jpg","_links":{"self":[{"href":"http:\/\/vertienteglobal.com\/index.php?rest_route=\/wp\/v2\/posts\/223609","targetHints":{"allow":["GET"]}}],"collection":[{"href":"http:\/\/vertienteglobal.com\/index.php?rest_route=\/wp\/v2\/posts"}],"about":[{"href":"http:\/\/vertienteglobal.com\/index.php?rest_route=\/wp\/v2\/types\/post"}],"author":[{"embeddable":true,"href":"http:\/\/vertienteglobal.com\/index.php?rest_route=\/wp\/v2\/users\/1"}],"replies":[{"embeddable":true,"href":"http:\/\/vertienteglobal.com\/index.php?rest_route=%2Fwp%2Fv2%2Fcomments&post=223609"}],"version-history":[{"count":0,"href":"http:\/\/vertienteglobal.com\/index.php?rest_route=\/wp\/v2\/posts\/223609\/revisions"}],"wp:featuredmedia":[{"embeddable":true,"href":"http:\/\/vertienteglobal.com\/index.php?rest_route=\/wp\/v2\/media\/223610"}],"wp:attachment":[{"href":"http:\/\/vertienteglobal.com\/index.php?rest_route=%2Fwp%2Fv2%2Fmedia&parent=223609"}],"wp:term":[{"taxonomy":"category","embeddable":true,"href":"http:\/\/vertienteglobal.com\/index.php?rest_route=%2Fwp%2Fv2%2Fcategories&post=223609"},{"taxonomy":"post_tag","embeddable":true,"href":"http:\/\/vertienteglobal.com\/index.php?rest_route=%2Fwp%2Fv2%2Ftags&post=223609"}],"curies":[{"name":"wp","href":"https:\/\/api.w.org\/{rel}","templated":true}]}}