{"id":223562,"date":"2023-06-06T14:24:00","date_gmt":"2023-06-06T19:24:00","guid":{"rendered":"http:\/\/vertienteglobal.com\/?p=223562"},"modified":"2023-06-06T16:44:28","modified_gmt":"2023-06-06T21:44:28","slug":"quintana-roo-del-7-al-30-de-junio-registro-a-la-pension-universal-de-las-personas-con-discapacidad","status":"publish","type":"post","link":"http:\/\/vertienteglobal.com\/?p=223562","title":{"rendered":"Quintana Roo: del 7 al 30 de junio, registro a la Pensi\u00f3n Universal de las Personas con Discapacidad"},"content":{"rendered":"\n<div class=\"twitterbutton\" style=\"float: right; padding-left: 5px;\"><a href=\"http:\/\/twitter.com\/share\" class=\"twitter-share-button\" data-count=\"horizontal\" data-text=\"Quintana Roo: del 7 al 30 de junio, registro a la Pensi\u00f3n Universal de las Pers...\" data-via=\"https:\/\/twitter.com\/VertienteGloba1\" data-url=\"http:\/\/vertienteglobal.com\/?p=223562\" data-lang=\"es\" data-related=\"Informaci\u00f3n general:S\u00edguenos para que est\u00e9ss informado\"><\/a><\/div>\n<figure class=\"wp-block-image size-full\"><img loading=\"lazy\" decoding=\"async\" width=\"720\" height=\"430\" src=\"http:\/\/vertienteglobal.com\/wp-content\/uploads\/2023\/06\/FB_IMG_1686085073421.jpg\" alt=\"\" class=\"wp-image-223563\" srcset=\"http:\/\/vertienteglobal.com\/wp-content\/uploads\/2023\/06\/FB_IMG_1686085073421.jpg 720w, http:\/\/vertienteglobal.com\/wp-content\/uploads\/2023\/06\/FB_IMG_1686085073421-300x179.jpg 300w, http:\/\/vertienteglobal.com\/wp-content\/uploads\/2023\/06\/FB_IMG_1686085073421-150x90.jpg 150w\" sizes=\"auto, (max-width: 720px) 100vw, 720px\" \/><\/figure>\n\n\n\n<p>(Redacci\u00f3n)<\/p>\n\n\n\n<p>13 M\u00f3dulos de Bienestar brindan atenci\u00f3n de lunes a s\u00e1bado de 10 de la ma\u00f1ana a 4 de la tarde<\/p>\n\n\n\n<p>Cobertura universal es posible gracias a la voluntad y colaboraci\u00f3n entre gobiernos federal y estatal<\/p>\n\n\n\n<p>Ciudad de M\u00e9xico, 06 de junio de 2023.- La secretaria de Bienestar, Ariadna Montiel Reyes, inform\u00f3 que del 7 al 30 de junio inicia el registro universal a la Pensi\u00f3n para el Bienestar de las Personas con Discapacidad en Quintana Roo, lo cual es posible gracias a la suma de esfuerzos entre el presidente de la Rep\u00fablica, Andr\u00e9s Manuel L\u00f3pez Obrador, y la gobernadora de Quintana Roo, Mar\u00eda Elena Lezama Espinosa.<\/p>\n\n\n\n<p>El convenio entre ambos \u00f3rdenes de gobierno establece la aportaci\u00f3n de 50 por ciento de los recursos por parte del gobierno de Quintana Roo, y el otro 50 por ciento del gobierno federal, con el fin de que la pensi\u00f3n incluya a poblaci\u00f3n con discapacidad de 30 a 64 a\u00f1os.<\/p>\n\n\n\n<p>La pensi\u00f3n atiende actualmente a un mill\u00f3n 273 mil 423 personas con discapacidad en el pa\u00eds, y es posible gracias a la pol\u00edtica de austeridad y combate a la corrupci\u00f3n que aplica el gobierno federal en beneficio de la poblaci\u00f3n con mayor vulnerabilidad.<\/p>\n\n\n\n<p>Ariadna Montiel record\u00f3 que la Pensi\u00f3n para el Bienestar de las Personas con Discapacidad ya es un derecho constitucional, prioritariamente para ni\u00f1as, ni\u00f1os y j\u00f3venes, y se entrega de manera directa y sin intermediarios. La pensi\u00f3n actualmente es de dos mil 950 pesos bimestrales.<\/p>\n\n\n\n<p>En Quintana Roo est\u00e1n a disposici\u00f3n 13 M\u00f3dulos de Bienestar para el registro de personas con discapacidad, que brindan atenci\u00f3n de lunes a s\u00e1bado de 10 de la ma\u00f1ana a 4 de la tarde. Para conocer la Pensi\u00f3n para el Bienestar de las Personas con Discapacidad y el m\u00f3dulo m\u00e1s cercano a tu localidad, consulta la p\u00e1gina oficial de la Secretar\u00eda de Bienestar: gob.mx\/bienestar<\/p>\n\n\n\n<p>Los documentos que deber\u00e1n presentarse son:<\/p>\n\n\n\n<p>Identificaci\u00f3n oficial vigente<\/p>\n\n\n\n<p>CURP de reciente impresi\u00f3n<\/p>\n\n\n\n<p>Acta de nacimiento legible<\/p>\n\n\n\n<p>Comprobante de domicilio no mayor a seis meses<\/p>\n\n\n\n<p>Certificado de discapacidad emitido por alguna instituci\u00f3n p\u00fablica de salud<\/p>\n\n\n\n<p>N\u00famero de tel\u00e9fono celular para dar seguimiento al tr\u00e1mite<\/p>\n\n\n\n<p>En caso de que la persona con discapacidad no pueda asistir al M\u00f3dulo de Bienestar, un familiar o auxiliar puede llevar la documentaci\u00f3n requerida para iniciar el tr\u00e1mite y agendar una visita domiciliaria; posteriormente, personal identificado de la Secretar\u00eda de Bienestar visitar\u00e1 el domicilio del solicitante para concluir el tr\u00e1mite. Tambi\u00e9n podr\u00e1s solicitarla a trav\u00e9s de la p\u00e1gina web de la Secretar\u00eda de Bienestar gob.mx\/bienestar o bien, llamar a la l\u00ednea de Bienestar 800 639 42 64.<\/p>\n\n\n\n<p>Esta pensi\u00f3n est\u00e1 dirigida a personas con discapacidad permanente, por lo que la incorporaci\u00f3n est\u00e1 a sujeta al cumplimiento de todos los requisitos.<\/p>\n","protected":false},"excerpt":{"rendered":"<p>(Redacci\u00f3n) 13 M\u00f3dulos de Bienestar brindan atenci\u00f3n de lunes a s\u00e1bado de 10 de la ma\u00f1ana a 4 de la tarde Cobertura universal es posible gracias a la voluntad y colaboraci\u00f3n entre gobiernos federal y estatal Ciudad de M\u00e9xico, 06 de junio de 2023.- La secretaria de Bienestar, Ariadna Montiel Reyes, inform\u00f3 que del 7 [&hellip;]<\/p>\n","protected":false},"author":1,"featured_media":223563,"comment_status":"open","ping_status":"open","sticky":false,"template":"","format":"standard","meta":{"footnotes":""},"categories":[8,3],"tags":[],"class_list":["post-223562","post","type-post","status-publish","format-standard","has-post-thumbnail","hentry","category-pais","category-quintana-roo","entry","has-media"],"jetpack_featured_media_url":"http:\/\/vertienteglobal.com\/wp-content\/uploads\/2023\/06\/FB_IMG_1686085073421.jpg","_links":{"self":[{"href":"http:\/\/vertienteglobal.com\/index.php?rest_route=\/wp\/v2\/posts\/223562","targetHints":{"allow":["GET"]}}],"collection":[{"href":"http:\/\/vertienteglobal.com\/index.php?rest_route=\/wp\/v2\/posts"}],"about":[{"href":"http:\/\/vertienteglobal.com\/index.php?rest_route=\/wp\/v2\/types\/post"}],"author":[{"embeddable":true,"href":"http:\/\/vertienteglobal.com\/index.php?rest_route=\/wp\/v2\/users\/1"}],"replies":[{"embeddable":true,"href":"http:\/\/vertienteglobal.com\/index.php?rest_route=%2Fwp%2Fv2%2Fcomments&post=223562"}],"version-history":[{"count":0,"href":"http:\/\/vertienteglobal.com\/index.php?rest_route=\/wp\/v2\/posts\/223562\/revisions"}],"wp:featuredmedia":[{"embeddable":true,"href":"http:\/\/vertienteglobal.com\/index.php?rest_route=\/wp\/v2\/media\/223563"}],"wp:attachment":[{"href":"http:\/\/vertienteglobal.com\/index.php?rest_route=%2Fwp%2Fv2%2Fmedia&parent=223562"}],"wp:term":[{"taxonomy":"category","embeddable":true,"href":"http:\/\/vertienteglobal.com\/index.php?rest_route=%2Fwp%2Fv2%2Fcategories&post=223562"},{"taxonomy":"post_tag","embeddable":true,"href":"http:\/\/vertienteglobal.com\/index.php?rest_route=%2Fwp%2Fv2%2Ftags&post=223562"}],"curies":[{"name":"wp","href":"https:\/\/api.w.org\/{rel}","templated":true}]}}