{"id":223536,"date":"2023-06-05T21:24:00","date_gmt":"2023-06-06T02:24:00","guid":{"rendered":"http:\/\/vertienteglobal.com\/?p=223536"},"modified":"2023-06-06T09:05:00","modified_gmt":"2023-06-06T14:05:00","slug":"instalan-en-tulum-comite-operativo-especializado-en-fenomenos-hidrometeorologicos-temporada-2023","status":"publish","type":"post","link":"http:\/\/vertienteglobal.com\/?p=223536","title":{"rendered":"Instalan en Tulum Comit\u00e9 Operativo Especializado en Fen\u00f3menos Hidrometeorol\u00f3gicos Temporada 2023"},"content":{"rendered":"\n<div class=\"twitterbutton\" style=\"float: right; padding-left: 5px;\"><a href=\"http:\/\/twitter.com\/share\" class=\"twitter-share-button\" data-count=\"horizontal\" data-text=\"Instalan en Tulum Comit\u00e9 Operativo Especializado en Fen\u00f3menos Hidrometeorol\u00f3g...\" data-via=\"https:\/\/twitter.com\/VertienteGloba1\" data-url=\"http:\/\/vertienteglobal.com\/?p=223536\" data-lang=\"es\" data-related=\"Informaci\u00f3n general:S\u00edguenos para que est\u00e9ss informado\"><\/a><\/div>\n<figure class=\"wp-block-image size-full\"><img loading=\"lazy\" decoding=\"async\" width=\"720\" height=\"405\" src=\"http:\/\/vertienteglobal.com\/wp-content\/uploads\/2023\/06\/FB_IMG_1686059807038.jpg\" alt=\"\" class=\"wp-image-223537\" srcset=\"http:\/\/vertienteglobal.com\/wp-content\/uploads\/2023\/06\/FB_IMG_1686059807038.jpg 720w, http:\/\/vertienteglobal.com\/wp-content\/uploads\/2023\/06\/FB_IMG_1686059807038-300x169.jpg 300w, http:\/\/vertienteglobal.com\/wp-content\/uploads\/2023\/06\/FB_IMG_1686059807038-150x84.jpg 150w\" sizes=\"auto, (max-width: 720px) 100vw, 720px\" \/><\/figure>\n\n\n\n<p>(Redacci\u00f3n)<\/p>\n\n\n\n<p>\u201cEs muy importante que estemos atentos a los pron\u00f3sticos meteorol\u00f3gicos. Es necesario que estemos en coordinaci\u00f3n con las y los tulumnenses, muy cercanos con el pueblo y con los visitantes, para salvaguardar su seguridad con el apoyo del Gobierno de Quintana Roo y el Gobierno de M\u00e9xico\u201d, expres\u00f3 Casta\u00f1\u00f3n Trejo al instalar la sesi\u00f3n del Consejo Municipal de Protecci\u00f3n Civil<\/p>\n\n\n\n<p>Tulum, Quintana Roo, 5 de junio.- El Ayuntamiento de Tulum, presidido por el alcalde Diego Casta\u00f1\u00f3n Trejo instal\u00f3 formalmente el Comit\u00e9 Operativo Especializado en Fen\u00f3menos Hidrometeorol\u00f3gicos Temporada 2023.<\/p>\n\n\n\n<p>\u201cEs muy importante que estemos atentos a los pron\u00f3sticos meteorol\u00f3gicos. Es necesario que estemos en coordinaci\u00f3n con las y los tulumnenses, muy cercanos con el pueblo y con los visitantes, para salvaguardar su seguridad con el apoyo del Gobierno de Quintana Roo y el Gobierno de M\u00e9xico\u201d, expres\u00f3 Casta\u00f1\u00f3n Trejo al instalar la sesi\u00f3n del Consejo Municipal de Protecci\u00f3n Civil.<\/p>\n\n\n\n<p>Seg\u00fan el mun\u00edcipe, para la Temporada 2023 se prev\u00e9n entre siete y nueve huracanes; y entre tres y cuatro huracanes mayores, seg\u00fan los pron\u00f3sticos del Servicio Meteorol\u00f3gico Nacional (SMN), la Oficina Nacional de Administraci\u00f3n Oce\u00e1nica y Atmosf\u00e9rica (NOAA, por sus siglas en ingl\u00e9s) y la Universidad de Colorado (CSU, por sus siglas en ingl\u00e9s), cuyos datos ser\u00e1n considerados con fines preventivos, tal y como se hizo durante la temporada del a\u00f1o inmediato anterior.<\/p>\n\n\n\n<p>Por su parte, la meteor\u00f3loga de la Coordinaci\u00f3n de Protecci\u00f3n Civil de Tulum, Sharon Rojas Lagunes, inform\u00f3 que se prev\u00e9 que agosto, septiembre y octubre de 2023 sean los meses m\u00e1s propicios para la actividad hidrometeorol\u00f3gica.<\/p>\n\n\n\n<p>Agreg\u00f3 que, a partir de este a\u00f1o 2023, las alertas y monitoreos se har\u00e1n p\u00fablicas con siete d\u00edas de anticipaci\u00f3n, es decir, con dos d\u00edas de anticipaci\u00f3n a lo establecido en a\u00f1os anteriores.<\/p>\n\n\n\n<p>En tanto, la coordinadora de Protecci\u00f3n Civil de Tulum, Jacqueline Mart\u00ednez Barrios, inform\u00f3 que desde hace dos meses se han estado verificando los refugios y haciendo trabajos de poda, desazolves y fumigaci\u00f3n. Tambi\u00e9n, se est\u00e1 capacitando a los ciudadanos en materia de autoprotecci\u00f3n.<\/p>\n\n\n\n<p>\u201cContamos con una basta cultura en gesti\u00f3n integral de riesgos, lo que nos ha permitido mitigar los embates de la naturaleza de forma exitosa y con las menores afectaciones. Esto gracias a la implementaci\u00f3n de estrategias y acciones para aumentar la resiliencia de nuestro municipio\u201d, afirm\u00f3 Mart\u00ednez Barrios.<\/p>\n\n\n\n<p>Durante la sesi\u00f3n de instalaci\u00f3n, se tom\u00f3 protesta a los integrantes del Consejo Municipal de Protecci\u00f3n Civil 2021-2024, el cual qued\u00f3 integrado de la siguiente manera:<\/p>\n\n\n\n<p>-Diego Casta\u00f1\u00f3n Trejo, presidente<br>-Jorge Portilla M\u00e1nica, coordinador general<br>-Jessica Jaqueline Mart\u00ednez Barrios, secretaria t\u00e9cnica<br>-Guillermo Nu\u00f1ez Leal, coordinador del comit\u00e9<br>-Bernab\u00e9 Miranda Miranda, coordinador de Abasto<br>-Francisco Aldape Moncada, coordinador de Finanzas<br>-Lorenzo Miranda Miranda, coordinador de Evaluaci\u00f3n y Reconstrucci\u00f3n<br>-Ricardo Morales Santo, coordinador de Seguridad<br>-Jessica Ram\u00edrez de la Rosa, coordinadora de Voluntarios y Suministros<br>-Sonia Vargas Torres, coordinadora de Salud<br>-Dulce Mar\u00eda Artigas Cob\u00e1, coordinadora de Albergues y Refugios<br>-Adan Eduardo Quintanilla \u00c1vila, coordinador de Difusi\u00f3n<br>-Juan Manuel Castilla Jaimez, coordinador de Seguridad<br>-Jorge Mario Molina P\u00e9rez, coordinador de Atenci\u00f3n a Turistas<br>-Carlos Efrain Yama Moguel, coordinador de Limpieza Urbana y Obras<br>-Bady Helen G\u00f3mez Soberano, coordinador de Fen\u00f3meno Agropecuario<br>-Edward Antonio Hern\u00e1ndez Medina, coordinador de Transporte y Evacuaci\u00f3n<\/p>\n\n\n\n<p>El objetivo de este Consejo es implementar acciones en pro de la mitigaci\u00f3n de los efectos de las tormentas y ciclones tropicales mediante la ejecuci\u00f3n de un adecuado plan de contingencias, mismo que se encuentra alineado a los programas estatales y federales.<\/p>\n\n\n\n<p>Durante la Temporada 2022 se presentaron 14 fen\u00f3menos hidrometeorol\u00f3gicos en el Atl\u00e1ntico, siendo septiembre y noviembre de ese a\u00f1o los meses m\u00e1s activos, con seis y tres fen\u00f3menos, respectivamente, por lo que el presidente municipal Diego Casta\u00f1\u00f3n Trejo pidi\u00f3 a toda la administraci\u00f3n municipal a mantener comunicaci\u00f3n permanente e invit\u00f3 a la poblaci\u00f3n a mantenerse informada \u00fanicamente por medios oficiales.<\/p>\n\n\n\n<figure class=\"wp-block-image size-full\"><img loading=\"lazy\" decoding=\"async\" width=\"720\" height=\"480\" src=\"http:\/\/vertienteglobal.com\/wp-content\/uploads\/2023\/06\/FB_IMG_1686059799994.jpg\" alt=\"\" class=\"wp-image-223538\" srcset=\"http:\/\/vertienteglobal.com\/wp-content\/uploads\/2023\/06\/FB_IMG_1686059799994.jpg 720w, http:\/\/vertienteglobal.com\/wp-content\/uploads\/2023\/06\/FB_IMG_1686059799994-300x200.jpg 300w, http:\/\/vertienteglobal.com\/wp-content\/uploads\/2023\/06\/FB_IMG_1686059799994-150x100.jpg 150w\" sizes=\"auto, (max-width: 720px) 100vw, 720px\" \/><\/figure>\n\n\n\n<figure class=\"wp-block-image size-full\"><img loading=\"lazy\" decoding=\"async\" width=\"720\" height=\"480\" src=\"http:\/\/vertienteglobal.com\/wp-content\/uploads\/2023\/06\/FB_IMG_1686059803575.jpg\" alt=\"\" class=\"wp-image-223539\" srcset=\"http:\/\/vertienteglobal.com\/wp-content\/uploads\/2023\/06\/FB_IMG_1686059803575.jpg 720w, http:\/\/vertienteglobal.com\/wp-content\/uploads\/2023\/06\/FB_IMG_1686059803575-300x200.jpg 300w, http:\/\/vertienteglobal.com\/wp-content\/uploads\/2023\/06\/FB_IMG_1686059803575-150x100.jpg 150w\" sizes=\"auto, (max-width: 720px) 100vw, 720px\" \/><\/figure>\n\n\n\n<figure class=\"wp-block-image size-full is-resized\"><img loading=\"lazy\" decoding=\"async\" src=\"http:\/\/vertienteglobal.com\/wp-content\/uploads\/2023\/06\/FB_IMG_1686059810623.jpg\" alt=\"\" class=\"wp-image-223540\" width=\"367\" height=\"244\" srcset=\"http:\/\/vertienteglobal.com\/wp-content\/uploads\/2023\/06\/FB_IMG_1686059810623.jpg 720w, http:\/\/vertienteglobal.com\/wp-content\/uploads\/2023\/06\/FB_IMG_1686059810623-300x200.jpg 300w, http:\/\/vertienteglobal.com\/wp-content\/uploads\/2023\/06\/FB_IMG_1686059810623-150x100.jpg 150w\" sizes=\"auto, (max-width: 367px) 100vw, 367px\" \/><\/figure>\n","protected":false},"excerpt":{"rendered":"<p>(Redacci\u00f3n) \u201cEs muy importante que estemos atentos a los pron\u00f3sticos meteorol\u00f3gicos. Es necesario que estemos en coordinaci\u00f3n con las y los tulumnenses, muy cercanos con el pueblo y con los visitantes, para salvaguardar su seguridad con el apoyo del Gobierno de Quintana Roo y el Gobierno de M\u00e9xico\u201d, expres\u00f3 Casta\u00f1\u00f3n Trejo al instalar la sesi\u00f3n [&hellip;]<\/p>\n","protected":false},"author":1,"featured_media":223537,"comment_status":"open","ping_status":"open","sticky":false,"template":"","format":"standard","meta":{"footnotes":""},"categories":[3],"tags":[],"class_list":["post-223536","post","type-post","status-publish","format-standard","has-post-thumbnail","hentry","category-quintana-roo","entry","has-media"],"jetpack_featured_media_url":"http:\/\/vertienteglobal.com\/wp-content\/uploads\/2023\/06\/FB_IMG_1686059807038.jpg","_links":{"self":[{"href":"http:\/\/vertienteglobal.com\/index.php?rest_route=\/wp\/v2\/posts\/223536","targetHints":{"allow":["GET"]}}],"collection":[{"href":"http:\/\/vertienteglobal.com\/index.php?rest_route=\/wp\/v2\/posts"}],"about":[{"href":"http:\/\/vertienteglobal.com\/index.php?rest_route=\/wp\/v2\/types\/post"}],"author":[{"embeddable":true,"href":"http:\/\/vertienteglobal.com\/index.php?rest_route=\/wp\/v2\/users\/1"}],"replies":[{"embeddable":true,"href":"http:\/\/vertienteglobal.com\/index.php?rest_route=%2Fwp%2Fv2%2Fcomments&post=223536"}],"version-history":[{"count":0,"href":"http:\/\/vertienteglobal.com\/index.php?rest_route=\/wp\/v2\/posts\/223536\/revisions"}],"wp:featuredmedia":[{"embeddable":true,"href":"http:\/\/vertienteglobal.com\/index.php?rest_route=\/wp\/v2\/media\/223537"}],"wp:attachment":[{"href":"http:\/\/vertienteglobal.com\/index.php?rest_route=%2Fwp%2Fv2%2Fmedia&parent=223536"}],"wp:term":[{"taxonomy":"category","embeddable":true,"href":"http:\/\/vertienteglobal.com\/index.php?rest_route=%2Fwp%2Fv2%2Fcategories&post=223536"},{"taxonomy":"post_tag","embeddable":true,"href":"http:\/\/vertienteglobal.com\/index.php?rest_route=%2Fwp%2Fv2%2Ftags&post=223536"}],"curies":[{"name":"wp","href":"https:\/\/api.w.org\/{rel}","templated":true}]}}