{"id":223528,"date":"2023-06-05T20:53:00","date_gmt":"2023-06-06T01:53:00","guid":{"rendered":"http:\/\/vertienteglobal.com\/?p=223528"},"modified":"2023-06-06T08:55:19","modified_gmt":"2023-06-06T13:55:19","slug":"quintana-roo-tiene-primer-finalista-de-boxeo-en-los-nacionales-conade-2023","status":"publish","type":"post","link":"http:\/\/vertienteglobal.com\/?p=223528","title":{"rendered":"Quintana Roo tiene primer finalista de boxeo en los Nacionales CONADE 2023"},"content":{"rendered":"\n<div class=\"twitterbutton\" style=\"float: right; padding-left: 5px;\"><a href=\"http:\/\/twitter.com\/share\" class=\"twitter-share-button\" data-count=\"horizontal\" data-text=\"Quintana Roo tiene primer finalista de boxeo en los Nacionales CONADE 2023\" data-via=\"https:\/\/twitter.com\/VertienteGloba1\" data-url=\"http:\/\/vertienteglobal.com\/?p=223528\" data-lang=\"es\" data-related=\"Informaci\u00f3n general:S\u00edguenos para que est\u00e9ss informado\"><\/a><\/div>\n<figure class=\"wp-block-image size-full\"><img loading=\"lazy\" decoding=\"async\" width=\"719\" height=\"480\" src=\"http:\/\/vertienteglobal.com\/wp-content\/uploads\/2023\/06\/FB_IMG_1686059404637.jpg\" alt=\"\" class=\"wp-image-223529\" srcset=\"http:\/\/vertienteglobal.com\/wp-content\/uploads\/2023\/06\/FB_IMG_1686059404637.jpg 719w, http:\/\/vertienteglobal.com\/wp-content\/uploads\/2023\/06\/FB_IMG_1686059404637-300x200.jpg 300w, http:\/\/vertienteglobal.com\/wp-content\/uploads\/2023\/06\/FB_IMG_1686059404637-150x100.jpg 150w\" sizes=\"auto, (max-width: 719px) 100vw, 719px\" \/><\/figure>\n\n\n\n<p>(Redacci\u00f3n)<\/p>\n\n\n\n<p>El pugilista benitojuarense Jonathan Regalado combatir\u00e1 por el oro en los 86 kilos, en suelo nayarita<\/p>\n\n\n\n<p>Nayarit, Nayarir, 05 de junio 2023.- Los boxeadores quintanarroenses siguen acerc\u00e1ndose a la posibilidad de obtener medallas y tal fue el caso del benitojuarense Jonathan Regalado, quien destac\u00f3 en la tercera jornada de competencias en los Nacionales CONADE 2023, al instalarse en la final de su divisi\u00f3n y ahora buscar\u00e1 consumar el oro, cuando contin\u00fae la actividad en el Auditorio \u201cAmado Nervo\u201d, en la ciudad de Tepic, Nayarit.<\/p>\n\n\n\n<p>\u201cEstamos muy contentos de poder anunciar que ya tenemos al primer finalista de Quintana Roo en boxeo y todav\u00eda tenemos m\u00e1s peleadores buscando instalarse en la pelea por las medallas, todo el equipo de esta disciplina est\u00e1 dando lo mejor y s\u00e9 que aqu\u00ed podr\u00e1n caer varias preseas para la entidad\u201d, coment\u00f3 Eric Arcila Arjona, presidente de la Comisi\u00f3n para la Juventud y el Deporte de Quintana Roo (COJUDEQ).<\/p>\n\n\n\n<p>Jonathan Delgado encabez\u00f3 la lista de peleadores por Quintana Roo que entr\u00f3 en acci\u00f3n en el tercer d\u00eda de actividades y lo hizo de gran manera, en una batalla adem\u00e1s de muy intensa fue de las m\u00e1s ovacionada, al final el cancunense mostr\u00f3 mejor t\u00e9cnica para superar por la v\u00eda de la decisi\u00f3n dividida a Sonora, en acciones de los pesos Cruceros (86 kilos), de la Juvenil.<\/p>\n\n\n\n<p>Con esta victoria, Delgado ahora le tocar\u00e1 disputar la batalla final por la presea de oro, batalla pactada para el \u00faltimo d\u00eda de competencias de esta disciplina que ser\u00e1 el mi\u00e9rcoles 7 de junio.<\/p>\n\n\n\n<p>Por otro lado, en la categor\u00eda Junior, el quintanarroense Armin Medina se impuso en los cuartos de final ante su rival Jason Contreras de Tamaulipas por la v\u00eda de la decisi\u00f3n dividida dentro de los 52 kilos. Con este triunfo, Medina ahora tendr\u00e1 que enfrentar al sinaloense Jos\u00e9 Mercado en la fase de semifinales.<\/p>\n\n\n\n<p>Lamentablemente, los quintanarroenses Kevin Ojeda y Jefrey La\u00ednez en la categor\u00eda Junior, as\u00ed como los juveniles Yaret G\u00f3mez, Christian Jim\u00e9nez y Joaqu\u00edn Garc\u00eda cayeron en sus respectivos compromisos, finalizando su participaci\u00f3n en la justa nacional.<\/p>\n\n\n\n<p>De acuerdo a la agenda de peleas, para la cuarta jornada, peleadores quintanarroenses buscar\u00e1n meterse en m\u00e1s finales cuando entren en acci\u00f3n Juan Ek en los 71 kilos enfrentando al jalisciense Carlos Regla; as\u00ed como Juan Garc\u00eda que se medir\u00e1 con Emilio Roa de Chihuahua en los 92 kilogramos, esto en la categor\u00eda Juvenil.<\/p>\n\n\n\n<p>Tambi\u00e9n se tiene programado que peleen, la seleccionada nacional, la cozumele\u00f1a Rub\u00ed Euan que tiene programado medirse con Jazm\u00edn Saucedo de Durango en los 60 kilos; y la playense Dinack Garza en los 51 kilogramos, enfrentando a la hidalguense Guadalupe Flores.<\/p>\n","protected":false},"excerpt":{"rendered":"<p>(Redacci\u00f3n) El pugilista benitojuarense Jonathan Regalado combatir\u00e1 por el oro en los 86 kilos, en suelo nayarita Nayarit, Nayarir, 05 de junio 2023.- Los boxeadores quintanarroenses siguen acerc\u00e1ndose a la posibilidad de obtener medallas y tal fue el caso del benitojuarense Jonathan Regalado, quien destac\u00f3 en la tercera jornada de competencias en los Nacionales CONADE [&hellip;]<\/p>\n","protected":false},"author":1,"featured_media":223529,"comment_status":"open","ping_status":"open","sticky":false,"template":"","format":"standard","meta":{"footnotes":""},"categories":[11,3],"tags":[],"class_list":["post-223528","post","type-post","status-publish","format-standard","has-post-thumbnail","hentry","category-deportes","category-quintana-roo","entry","has-media"],"jetpack_featured_media_url":"http:\/\/vertienteglobal.com\/wp-content\/uploads\/2023\/06\/FB_IMG_1686059404637.jpg","_links":{"self":[{"href":"http:\/\/vertienteglobal.com\/index.php?rest_route=\/wp\/v2\/posts\/223528","targetHints":{"allow":["GET"]}}],"collection":[{"href":"http:\/\/vertienteglobal.com\/index.php?rest_route=\/wp\/v2\/posts"}],"about":[{"href":"http:\/\/vertienteglobal.com\/index.php?rest_route=\/wp\/v2\/types\/post"}],"author":[{"embeddable":true,"href":"http:\/\/vertienteglobal.com\/index.php?rest_route=\/wp\/v2\/users\/1"}],"replies":[{"embeddable":true,"href":"http:\/\/vertienteglobal.com\/index.php?rest_route=%2Fwp%2Fv2%2Fcomments&post=223528"}],"version-history":[{"count":0,"href":"http:\/\/vertienteglobal.com\/index.php?rest_route=\/wp\/v2\/posts\/223528\/revisions"}],"wp:featuredmedia":[{"embeddable":true,"href":"http:\/\/vertienteglobal.com\/index.php?rest_route=\/wp\/v2\/media\/223529"}],"wp:attachment":[{"href":"http:\/\/vertienteglobal.com\/index.php?rest_route=%2Fwp%2Fv2%2Fmedia&parent=223528"}],"wp:term":[{"taxonomy":"category","embeddable":true,"href":"http:\/\/vertienteglobal.com\/index.php?rest_route=%2Fwp%2Fv2%2Fcategories&post=223528"},{"taxonomy":"post_tag","embeddable":true,"href":"http:\/\/vertienteglobal.com\/index.php?rest_route=%2Fwp%2Fv2%2Ftags&post=223528"}],"curies":[{"name":"wp","href":"https:\/\/api.w.org\/{rel}","templated":true}]}}