{"id":223502,"date":"2023-06-05T12:24:00","date_gmt":"2023-06-05T17:24:00","guid":{"rendered":"http:\/\/vertienteglobal.com\/?p=223502"},"modified":"2023-06-05T13:01:41","modified_gmt":"2023-06-05T18:01:41","slug":"volaris-opera-con-normalidad-este-lunes-pese-a-advertencia-de-paro-de-trabajadores","status":"publish","type":"post","link":"http:\/\/vertienteglobal.com\/?p=223502","title":{"rendered":"Volaris opera con normalidad este lunes pese a advertencia de paro de trabajadores"},"content":{"rendered":"\n<div class=\"twitterbutton\" style=\"float: right; padding-left: 5px;\"><a href=\"http:\/\/twitter.com\/share\" class=\"twitter-share-button\" data-count=\"horizontal\" data-text=\"Volaris opera con normalidad este lunes pese a advertencia de paro de trabajador...\" data-via=\"https:\/\/twitter.com\/VertienteGloba1\" data-url=\"http:\/\/vertienteglobal.com\/?p=223502\" data-lang=\"es\" data-related=\"Informaci\u00f3n general:S\u00edguenos para que est\u00e9ss informado\"><\/a><\/div>\n<figure class=\"wp-block-image size-full\"><img loading=\"lazy\" decoding=\"async\" width=\"1024\" height=\"683\" src=\"http:\/\/vertienteglobal.com\/wp-content\/uploads\/2023\/06\/207550.jpg\" alt=\"\" class=\"wp-image-223503\" srcset=\"http:\/\/vertienteglobal.com\/wp-content\/uploads\/2023\/06\/207550.jpg 1024w, http:\/\/vertienteglobal.com\/wp-content\/uploads\/2023\/06\/207550-300x200.jpg 300w, http:\/\/vertienteglobal.com\/wp-content\/uploads\/2023\/06\/207550-150x100.jpg 150w, http:\/\/vertienteglobal.com\/wp-content\/uploads\/2023\/06\/207550-768x512.jpg 768w\" sizes=\"auto, (max-width: 1024px) 100vw, 1024px\" \/><\/figure>\n\n\n\n<p>(Redacci\u00f3n)<\/p>\n\n\n\n<p>Desde el pasado viernes, los empleados pretend\u00edan movilizarse, pero aplazaron para este d\u00eda un paro laboral que se realizar\u00eda en las instalaciones de la empresa en los aeropuertos de la Ciudad de M\u00e9xico, Monterrey, Tijuana, Guadalajara y Canc\u00fan<\/p>\n\n\n\n<p>Ciudad de M\u00e9xico 05 de junio 2023.-La aerol\u00ednea Volaris inform\u00f3 que opera de manera normal este lunes 5 de junio por la ma\u00f1ana a pesar de que trabajadores advirtieron un paro de labores a partir de las 16:00 horas de este d\u00eda para protestar por algunas inconformidades.<\/p>\n\n\n\n<p>\u201cTodo opera con normalidad. No ha habido tampoco paro laboral o presencia de supuestos empleados inconformes\u201d, dijeron fuentes de la aerol\u00ednea a El Universal.<\/p>\n\n\n\n<p>Desde el pasado viernes, los empleados pretend\u00edan movilizarse, pero aplazaron para este d\u00eda un paro laboral que se realizar\u00eda en las instalaciones de la empresa en los aeropuertos de la Ciudad de M\u00e9xico, Monterrey, Tijuana, Guadalajara y Canc\u00fan.<\/p>\n\n\n\n<p>\u201cNos entristece tener que llegar a esta situaci\u00f3n, pero despu\u00e9s de m\u00faltiples intentos de comunicaci\u00f3n y solicitudes de pago, no hemos recibido una respuesta satisfactoria por parte de la administraci\u00f3n de la empresa, ni del sindicato\u201d, dijeron en un comunicado.(Fuente: L\u00f3pez D\u00f3riga\/ El Universal\/Xeva\/Agencias)<\/p>\n","protected":false},"excerpt":{"rendered":"<p>(Redacci\u00f3n) Desde el pasado viernes, los empleados pretend\u00edan movilizarse, pero aplazaron para este d\u00eda un paro laboral que se realizar\u00eda en las instalaciones de la empresa en los aeropuertos de la Ciudad de M\u00e9xico, Monterrey, Tijuana, Guadalajara y Canc\u00fan Ciudad de M\u00e9xico 05 de junio 2023.-La aerol\u00ednea Volaris inform\u00f3 que opera de manera normal este [&hellip;]<\/p>\n","protected":false},"author":1,"featured_media":223503,"comment_status":"open","ping_status":"open","sticky":false,"template":"","format":"standard","meta":{"footnotes":""},"categories":[8],"tags":[],"class_list":["post-223502","post","type-post","status-publish","format-standard","has-post-thumbnail","hentry","category-pais","entry","has-media"],"jetpack_featured_media_url":"http:\/\/vertienteglobal.com\/wp-content\/uploads\/2023\/06\/207550.jpg","_links":{"self":[{"href":"http:\/\/vertienteglobal.com\/index.php?rest_route=\/wp\/v2\/posts\/223502","targetHints":{"allow":["GET"]}}],"collection":[{"href":"http:\/\/vertienteglobal.com\/index.php?rest_route=\/wp\/v2\/posts"}],"about":[{"href":"http:\/\/vertienteglobal.com\/index.php?rest_route=\/wp\/v2\/types\/post"}],"author":[{"embeddable":true,"href":"http:\/\/vertienteglobal.com\/index.php?rest_route=\/wp\/v2\/users\/1"}],"replies":[{"embeddable":true,"href":"http:\/\/vertienteglobal.com\/index.php?rest_route=%2Fwp%2Fv2%2Fcomments&post=223502"}],"version-history":[{"count":0,"href":"http:\/\/vertienteglobal.com\/index.php?rest_route=\/wp\/v2\/posts\/223502\/revisions"}],"wp:featuredmedia":[{"embeddable":true,"href":"http:\/\/vertienteglobal.com\/index.php?rest_route=\/wp\/v2\/media\/223503"}],"wp:attachment":[{"href":"http:\/\/vertienteglobal.com\/index.php?rest_route=%2Fwp%2Fv2%2Fmedia&parent=223502"}],"wp:term":[{"taxonomy":"category","embeddable":true,"href":"http:\/\/vertienteglobal.com\/index.php?rest_route=%2Fwp%2Fv2%2Fcategories&post=223502"},{"taxonomy":"post_tag","embeddable":true,"href":"http:\/\/vertienteglobal.com\/index.php?rest_route=%2Fwp%2Fv2%2Ftags&post=223502"}],"curies":[{"name":"wp","href":"https:\/\/api.w.org\/{rel}","templated":true}]}}