{"id":223499,"date":"2023-06-05T12:56:24","date_gmt":"2023-06-05T17:56:24","guid":{"rendered":"http:\/\/vertienteglobal.com\/?p=223499"},"modified":"2023-06-05T12:56:24","modified_gmt":"2023-06-05T17:56:24","slug":"claudia-sheinbaum-en-primer-lugar-en-las-preferencias","status":"publish","type":"post","link":"http:\/\/vertienteglobal.com\/?p=223499","title":{"rendered":"Claudia Sheinbaum, en primer lugar en las preferencias"},"content":{"rendered":"\n<div class=\"twitterbutton\" style=\"float: right; padding-left: 5px;\"><a href=\"http:\/\/twitter.com\/share\" class=\"twitter-share-button\" data-count=\"horizontal\" data-text=\"Claudia Sheinbaum, en primer lugar en las preferencias\" data-via=\"https:\/\/twitter.com\/VertienteGloba1\" data-url=\"http:\/\/vertienteglobal.com\/?p=223499\" data-lang=\"es\" data-related=\"Informaci\u00f3n general:S\u00edguenos para que est\u00e9ss informado\"><\/a><\/div>\n<figure class=\"wp-block-image size-full is-resized\"><img loading=\"lazy\" decoding=\"async\" src=\"http:\/\/vertienteglobal.com\/wp-content\/uploads\/2023\/06\/Encuesta-Sheinbaum-692x360-1.jpg\" alt=\"\" class=\"wp-image-223500\" width=\"343\" height=\"177\" srcset=\"http:\/\/vertienteglobal.com\/wp-content\/uploads\/2023\/06\/Encuesta-Sheinbaum-692x360-1.jpg 692w, http:\/\/vertienteglobal.com\/wp-content\/uploads\/2023\/06\/Encuesta-Sheinbaum-692x360-1-300x156.jpg 300w, http:\/\/vertienteglobal.com\/wp-content\/uploads\/2023\/06\/Encuesta-Sheinbaum-692x360-1-150x78.jpg 150w\" sizes=\"auto, (max-width: 343px) 100vw, 343px\" \/><\/figure>\n\n\n\n<p>(Redacci\u00f3n)<\/p>\n\n\n\n<p>La jefa de Gobierno de la CDMX encabeza la lista de presidenciables de Morena, con 33.4%, seg\u00fan una encuesta de El Heraldo\/Poligrama, 8.6 puntos arriba del canciller Ebrard.<\/p>\n\n\n\n<p>Ciudad de M\u00e9xico, 05 de junio 2023.- La jefa de Gobierno de la Ciudad de M\u00e9xico, Claudia Sheinbaum Pardo, encabeza las preferencias entre las corcholatas de Morena que aspiran a la candidatura presidencial en 2024, de acuerdo con la encuesta de El Heraldo-Poligrama.<\/p>\n\n\n\n<p>En esta medici\u00f3n, Morena tambi\u00e9n se ubica en el primer sitio de las preferencias ciudadanas, comparado con todos los partidos pol\u00edticos nacionales.<\/p>\n\n\n\n<p>A la pregunta de: \u00bfCu\u00e1l de los siguientes personajes considera que ser\u00eda el mejor candidato de Morena a la Presidencia de M\u00e9xico?, Sheinbaum Pardo tuvo un 33.4 por ciento; en segundo lugar, el canciller Marcelo Ebrard, con 24.8 por ciento, seguido del secretario de Gobernaci\u00f3n, Ad\u00e1n Augusto L\u00f3pez, con 21.5 por ciento, y al final de la medici\u00f3n el senador Ricardo Monreal, con 10 por ciento. De los encuestados, el 10.3 por ciento contest\u00f3 que \u201cno sabe\u201d.<\/p>\n\n\n\n<p>Respecto a los partidos pol\u00edticos nacionales y a la pregunta de: \u00bfCon cu\u00e1l de los siguientes partidos simpatiza?, el partido Morena contin\u00faa a la cabeza de las preferencias, con 41.8 por ciento. Le sigue el Partido Acci\u00f3n Nacional (PAN), con 19.2 por ciento; el Partido Revolucionario Institucional (PRI), con 11.3 por ciento, y Movimiento Ciudadano (MC), con 9.5 por ciento de las simpat\u00edas.<\/p>\n\n\n\n<p>Al final, en las preferencias ciudadanas, est\u00e1 el Partido Verde Ecologista de M\u00e9xico (PVEM), con 1.9 por ciento; el Partido del Trabajo (PT) con 1.5 por ciento, y el Partido de la Revoluci\u00f3n Democr\u00e1tica (PRD), con 1.2 por ciento. De los entrevistados, 13.6 por ciento respondieron que \u201cninguno\u201d.<\/p>\n\n\n\n<p>Las cuatro corcholatas se someter\u00e1n a las reglas que proponga la dirigencia nacional de Morena y de no haber cambios de \u00faltimo momento, se tratar\u00e1 de una serie de encuestas la que determine qui\u00e9n ser\u00e1 el abanderado o abanderada por el partido morenista.<\/p>\n\n\n\n<p>El c\u00f3nclave guinda tiene hasta el mes de noviembre para designar a su candidato o candidata presidencial y tentativamente ser\u00e1 en julio de este a\u00f1o cuando se emita p\u00fablicamente la convocatoria para participar en este proceso interno.<\/p>\n\n\n\n<p>A la dirigencia nacional de Morena le tocar\u00e1 definir si va en coalici\u00f3n o no con el Partido Verde y el PT.<\/p>\n\n\n\n<p>El PVEM ha promovido recientemente la aspiraci\u00f3n presidencial del senador Manuel Velasco, y el diputado petista, Gerardo Fern\u00e1ndez Noro\u00f1a, ha levantado la mano para tambi\u00e9n ser considerado en la encuesta que defina al candidato af\u00edn al gobierno federal.<\/p>\n\n\n\n<p>M\u00e9todo de selecci\u00f3n<\/p>\n\n\n\n<p>La dirigencia de Morena tiene listo un m\u00e9todo de selecci\u00f3n estatutario y la encuesta se encamina a ser la forma de designar a su candidato o candidata:<\/p>\n\n\n\n<p>Mario Delgado, l\u00edder de Morena, ha dicho que tienen un procedimiento y formato interno.<\/p>\n\n\n\n<p>A mediados de junio o julio se publica la convocatoria abierta para quienes busquen participar.<\/p>\n\n\n\n<p>Esta convocatoria es abierta, por lo que podr\u00e1 participar cualquier interesado.<\/p>\n\n\n\n<p>Internamente, los morenistas har\u00edan un filtro de qui\u00e9nes se registraron para la lista final.<\/p>\n\n\n\n<p>A partir de aqu\u00ed se determinar\u00e1 el m\u00e9todo de selecci\u00f3n, en el que se perfila una encuesta.<br>Los finalistas tendr\u00e1n que sujetarse a las reglas que se fijen en la dirigencia nacional.<\/p>\n\n\n\n<p>Entre octubre y noviembre se estar\u00eda haciendo esta medici\u00f3n de la corcholata presidencial.<br>Anunciando el o la ganadora, los dem\u00e1s se sumar\u00e1n al proyecto que seguir\u00e1 la 4T.(Fuente: El Heraldo de M\u00e9xico\/Agencias)<\/p>\n","protected":false},"excerpt":{"rendered":"<p>(Redacci\u00f3n) La jefa de Gobierno de la CDMX encabeza la lista de presidenciables de Morena, con 33.4%, seg\u00fan una encuesta de El Heraldo\/Poligrama, 8.6 puntos arriba del canciller Ebrard. Ciudad de M\u00e9xico, 05 de junio 2023.- La jefa de Gobierno de la Ciudad de M\u00e9xico, Claudia Sheinbaum Pardo, encabeza las preferencias entre las corcholatas de [&hellip;]<\/p>\n","protected":false},"author":1,"featured_media":223500,"comment_status":"open","ping_status":"open","sticky":false,"template":"","format":"standard","meta":{"footnotes":""},"categories":[8],"tags":[],"class_list":["post-223499","post","type-post","status-publish","format-standard","has-post-thumbnail","hentry","category-pais","entry","has-media"],"jetpack_featured_media_url":"http:\/\/vertienteglobal.com\/wp-content\/uploads\/2023\/06\/Encuesta-Sheinbaum-692x360-1.jpg","_links":{"self":[{"href":"http:\/\/vertienteglobal.com\/index.php?rest_route=\/wp\/v2\/posts\/223499","targetHints":{"allow":["GET"]}}],"collection":[{"href":"http:\/\/vertienteglobal.com\/index.php?rest_route=\/wp\/v2\/posts"}],"about":[{"href":"http:\/\/vertienteglobal.com\/index.php?rest_route=\/wp\/v2\/types\/post"}],"author":[{"embeddable":true,"href":"http:\/\/vertienteglobal.com\/index.php?rest_route=\/wp\/v2\/users\/1"}],"replies":[{"embeddable":true,"href":"http:\/\/vertienteglobal.com\/index.php?rest_route=%2Fwp%2Fv2%2Fcomments&post=223499"}],"version-history":[{"count":0,"href":"http:\/\/vertienteglobal.com\/index.php?rest_route=\/wp\/v2\/posts\/223499\/revisions"}],"wp:featuredmedia":[{"embeddable":true,"href":"http:\/\/vertienteglobal.com\/index.php?rest_route=\/wp\/v2\/media\/223500"}],"wp:attachment":[{"href":"http:\/\/vertienteglobal.com\/index.php?rest_route=%2Fwp%2Fv2%2Fmedia&parent=223499"}],"wp:term":[{"taxonomy":"category","embeddable":true,"href":"http:\/\/vertienteglobal.com\/index.php?rest_route=%2Fwp%2Fv2%2Fcategories&post=223499"},{"taxonomy":"post_tag","embeddable":true,"href":"http:\/\/vertienteglobal.com\/index.php?rest_route=%2Fwp%2Fv2%2Ftags&post=223499"}],"curies":[{"name":"wp","href":"https:\/\/api.w.org\/{rel}","templated":true}]}}