{"id":223356,"date":"2023-06-03T14:51:00","date_gmt":"2023-06-03T19:51:00","guid":{"rendered":"http:\/\/vertienteglobal.com\/?p=223356"},"modified":"2023-06-04T14:19:44","modified_gmt":"2023-06-04T19:19:44","slug":"ine-niega-dictar-medidas-cautelares-en-contra-de-corcholatas","status":"publish","type":"post","link":"http:\/\/vertienteglobal.com\/?p=223356","title":{"rendered":"INE niega dictar medidas cautelares en contra de &#8216;corcholatas&#8217;"},"content":{"rendered":"\n<div class=\"twitterbutton\" style=\"float: right; padding-left: 5px;\"><a href=\"http:\/\/twitter.com\/share\" class=\"twitter-share-button\" data-count=\"horizontal\" data-text=\"INE niega dictar medidas cautelares en contra de &#8216;corcholatas&#8217;\" data-via=\"https:\/\/twitter.com\/VertienteGloba1\" data-url=\"http:\/\/vertienteglobal.com\/?p=223356\" data-lang=\"es\" data-related=\"Informaci\u00f3n general:S\u00edguenos para que est\u00e9ss informado\"><\/a><\/div>\n<figure class=\"wp-block-image size-full\"><img loading=\"lazy\" decoding=\"async\" width=\"1024\" height=\"683\" src=\"http:\/\/vertienteglobal.com\/wp-content\/uploads\/2023\/06\/207482.jpg\" alt=\"\" class=\"wp-image-223357\" srcset=\"http:\/\/vertienteglobal.com\/wp-content\/uploads\/2023\/06\/207482.jpg 1024w, http:\/\/vertienteglobal.com\/wp-content\/uploads\/2023\/06\/207482-300x200.jpg 300w, http:\/\/vertienteglobal.com\/wp-content\/uploads\/2023\/06\/207482-150x100.jpg 150w, http:\/\/vertienteglobal.com\/wp-content\/uploads\/2023\/06\/207482-768x512.jpg 768w\" sizes=\"auto, (max-width: 1024px) 100vw, 1024px\" \/><\/figure>\n\n\n\n<p>(Redacci\u00f3n)<\/p>\n\n\n\n<p>Lo anterior lo anunci\u00f3 el INE a trav\u00e9s de un comunicado por las quejas presentadas por el PRD y el PAN, quienes denunciaron a Claudia Sehienbaum, Ad\u00e1n Augusto, Ricardo Monreal y Marcelo Ebrard<\/p>\n\n\n\n<p>Ciudad de M\u00e9xico 03 de junio 2023.-La Comisi\u00f3n de Quejas y Denuncias del Instituto Electoral Nacional (INE) neg\u00f3 dictar medidas cautelares en contra de las \u2018corcholatas\u2019 de Morena por espectaculares y bardas que promocionan a los aspirantes a la presidencia por el partido guinda.<\/p>\n\n\n\n<p>Y es que lo anterior lo anunci\u00f3 el INE a trav\u00e9s de un comunicado por las quejas presentadas por el PRD y el PAN, quienes denunciaron a Claudia Sehienbaum, Ad\u00e1n Augusto, Ricardo Monreal y Marcelo Ebrard.<\/p>\n\n\n\n<p>Seg\u00fan con la Comisi\u00f3n, el PRD present\u00f3 una queja pidiendo el retiro de espectaculares con la imagen de la Jefa de Gobierno y el secretario de Gobernaci\u00f3n con motivo de la publicaci\u00f3n de la revista L\u00edder M\u00e9xico.<\/p>\n\n\n\n<p>Pues el partido del Sol Azteca consider\u00f3 que los anuncios promocionan \u201cel nombre y la imagen de ambos servidores p\u00fablicos\u201d. Sin embargo, la Comisi\u00f3n determin\u00f3 que se trata de publicidad de la revista relacionada con la actividad period\u00edstica amparada por la libertad de expresi\u00f3n, por lo que neg\u00f3 la medida cautelar.<\/p>\n\n\n\n<p>Mientras que la segunda queja fue presentada por el albiazul en contra de Monreal \u00c1vila, Ebrard Casaub\u00f3n y otros funcionarios por la pinta de bardas, as\u00ed como la organizaci\u00f3n de un evento para posicionarlos en las elecciones presidenciales del 2024.<\/p>\n\n\n\n<p>Al igual que la primera, la Comisi\u00f3n determin\u00f3 improcedente el retiro de propaganda, pero por haberse emitido un pronunciamiento con el que se le orden\u00f3 a Morena a conminar a simpatizantes, militantes y a los presidenciables a abstenerse a promocionar las im\u00e1genes de los candidatos a trav\u00e9s de eventos y otros actos con miras al 2024.(Fuente:PoliticaMx\/Xeva)<\/p>\n","protected":false},"excerpt":{"rendered":"<p>(Redacci\u00f3n) Lo anterior lo anunci\u00f3 el INE a trav\u00e9s de un comunicado por las quejas presentadas por el PRD y el PAN, quienes denunciaron a Claudia Sehienbaum, Ad\u00e1n Augusto, Ricardo Monreal y Marcelo Ebrard Ciudad de M\u00e9xico 03 de junio 2023.-La Comisi\u00f3n de Quejas y Denuncias del Instituto Electoral Nacional (INE) neg\u00f3 dictar medidas cautelares [&hellip;]<\/p>\n","protected":false},"author":1,"featured_media":223357,"comment_status":"open","ping_status":"open","sticky":false,"template":"","format":"standard","meta":{"footnotes":""},"categories":[8],"tags":[],"class_list":["post-223356","post","type-post","status-publish","format-standard","has-post-thumbnail","hentry","category-pais","entry","has-media"],"jetpack_featured_media_url":"http:\/\/vertienteglobal.com\/wp-content\/uploads\/2023\/06\/207482.jpg","_links":{"self":[{"href":"http:\/\/vertienteglobal.com\/index.php?rest_route=\/wp\/v2\/posts\/223356","targetHints":{"allow":["GET"]}}],"collection":[{"href":"http:\/\/vertienteglobal.com\/index.php?rest_route=\/wp\/v2\/posts"}],"about":[{"href":"http:\/\/vertienteglobal.com\/index.php?rest_route=\/wp\/v2\/types\/post"}],"author":[{"embeddable":true,"href":"http:\/\/vertienteglobal.com\/index.php?rest_route=\/wp\/v2\/users\/1"}],"replies":[{"embeddable":true,"href":"http:\/\/vertienteglobal.com\/index.php?rest_route=%2Fwp%2Fv2%2Fcomments&post=223356"}],"version-history":[{"count":0,"href":"http:\/\/vertienteglobal.com\/index.php?rest_route=\/wp\/v2\/posts\/223356\/revisions"}],"wp:featuredmedia":[{"embeddable":true,"href":"http:\/\/vertienteglobal.com\/index.php?rest_route=\/wp\/v2\/media\/223357"}],"wp:attachment":[{"href":"http:\/\/vertienteglobal.com\/index.php?rest_route=%2Fwp%2Fv2%2Fmedia&parent=223356"}],"wp:term":[{"taxonomy":"category","embeddable":true,"href":"http:\/\/vertienteglobal.com\/index.php?rest_route=%2Fwp%2Fv2%2Fcategories&post=223356"},{"taxonomy":"post_tag","embeddable":true,"href":"http:\/\/vertienteglobal.com\/index.php?rest_route=%2Fwp%2Fv2%2Ftags&post=223356"}],"curies":[{"name":"wp","href":"https:\/\/api.w.org\/{rel}","templated":true}]}}