{"id":223353,"date":"2023-06-03T13:51:00","date_gmt":"2023-06-03T18:51:00","guid":{"rendered":"http:\/\/vertienteglobal.com\/?p=223353"},"modified":"2023-06-04T14:16:05","modified_gmt":"2023-06-04T19:16:05","slug":"arlene-se-debilita-a-depresion-tropical-en-aguas-del-golfo-de-mexico","status":"publish","type":"post","link":"http:\/\/vertienteglobal.com\/?p=223353","title":{"rendered":"Arlene&#8217; se debilita a depresi\u00f3n tropical en aguas del Golfo de M\u00e9xico"},"content":{"rendered":"\n<div class=\"twitterbutton\" style=\"float: right; padding-left: 5px;\"><a href=\"http:\/\/twitter.com\/share\" class=\"twitter-share-button\" data-count=\"horizontal\" data-text=\"Arlene&#8217; se debilita a depresi\u00f3n tropical en aguas del Golfo de M\u00e9xico\" data-via=\"https:\/\/twitter.com\/VertienteGloba1\" data-url=\"http:\/\/vertienteglobal.com\/?p=223353\" data-lang=\"es\" data-related=\"Informaci\u00f3n general:S\u00edguenos para que est\u00e9ss informado\"><\/a><\/div>\n<figure class=\"wp-block-image size-full\"><img loading=\"lazy\" decoding=\"async\" width=\"1024\" height=\"683\" src=\"http:\/\/vertienteglobal.com\/wp-content\/uploads\/2023\/06\/207477.jpg\" alt=\"\" class=\"wp-image-223354\" srcset=\"http:\/\/vertienteglobal.com\/wp-content\/uploads\/2023\/06\/207477.jpg 1024w, http:\/\/vertienteglobal.com\/wp-content\/uploads\/2023\/06\/207477-300x200.jpg 300w, http:\/\/vertienteglobal.com\/wp-content\/uploads\/2023\/06\/207477-150x100.jpg 150w, http:\/\/vertienteglobal.com\/wp-content\/uploads\/2023\/06\/207477-768x512.jpg 768w\" sizes=\"auto, (max-width: 1024px) 100vw, 1024px\" \/><\/figure>\n\n\n\n<p>(Redacci\u00f3n)<\/p>\n\n\n\n<p>La Comisi\u00f3n Nacional del Agua (Conagua) indica que la depresi\u00f3n tropical se ubica a 355 kil\u00f3metros al noreste de Cabo Catoche, Quintana Roo<\/p>\n\n\n\n<p>Ciudad de M\u00e9xico 03 de junion2023.- La tormenta tropical &#8216;Arlene&#8217; se debilit\u00f3 este s\u00e1bado a depresi\u00f3n tropical, inform\u00f3 el Centro Nacional de Huracanes (NHC, por sus siglas en ingl\u00e9s).<\/p>\n\n\n\n<p>Y es que de acuerdo con el \u00faltimo dato, a las 09:00 horas fue ubicado a 230 kil\u00f3metros al sur-sureste de Isla Tortugas Secas.<\/p>\n\n\n\n<p>Presenta vientos m\u00e1ximos sostenidos de 55 kil\u00f3metros por hora, con rachas de 75 kil\u00f3metros por hora y se desplaza al sur-sureste a 11 kil\u00f3metros por hora. La presi\u00f3n m\u00ednima central es de mil milibares.<\/p>\n\n\n\n<p>La Comisi\u00f3n Nacional del Agua (Conagua) indica que la depresi\u00f3n tropical se ubica a 355 kil\u00f3metros al noreste de Cabo Catoche, Quintana Roo.<\/p>\n\n\n\n<p>Ocasiona rachas de viento de 40 a 60 kil\u00f3metros por hora y oleaje elevado de 1 a 2 metros de altura en las cosas de Yucat\u00e1n y Quintana Roo.(Fuente:Nmas\/Xeva\/Agencias)<\/p>\n","protected":false},"excerpt":{"rendered":"<p>(Redacci\u00f3n) La Comisi\u00f3n Nacional del Agua (Conagua) indica que la depresi\u00f3n tropical se ubica a 355 kil\u00f3metros al noreste de Cabo Catoche, Quintana Roo Ciudad de M\u00e9xico 03 de junion2023.- La tormenta tropical &#8216;Arlene&#8217; se debilit\u00f3 este s\u00e1bado a depresi\u00f3n tropical, inform\u00f3 el Centro Nacional de Huracanes (NHC, por sus siglas en ingl\u00e9s). Y es [&hellip;]<\/p>\n","protected":false},"author":1,"featured_media":223354,"comment_status":"open","ping_status":"open","sticky":false,"template":"","format":"standard","meta":{"footnotes":""},"categories":[8,3,2],"tags":[],"class_list":["post-223353","post","type-post","status-publish","format-standard","has-post-thumbnail","hentry","category-pais","category-quintana-roo","category-yucatan","entry","has-media"],"jetpack_featured_media_url":"http:\/\/vertienteglobal.com\/wp-content\/uploads\/2023\/06\/207477.jpg","_links":{"self":[{"href":"http:\/\/vertienteglobal.com\/index.php?rest_route=\/wp\/v2\/posts\/223353","targetHints":{"allow":["GET"]}}],"collection":[{"href":"http:\/\/vertienteglobal.com\/index.php?rest_route=\/wp\/v2\/posts"}],"about":[{"href":"http:\/\/vertienteglobal.com\/index.php?rest_route=\/wp\/v2\/types\/post"}],"author":[{"embeddable":true,"href":"http:\/\/vertienteglobal.com\/index.php?rest_route=\/wp\/v2\/users\/1"}],"replies":[{"embeddable":true,"href":"http:\/\/vertienteglobal.com\/index.php?rest_route=%2Fwp%2Fv2%2Fcomments&post=223353"}],"version-history":[{"count":0,"href":"http:\/\/vertienteglobal.com\/index.php?rest_route=\/wp\/v2\/posts\/223353\/revisions"}],"wp:featuredmedia":[{"embeddable":true,"href":"http:\/\/vertienteglobal.com\/index.php?rest_route=\/wp\/v2\/media\/223354"}],"wp:attachment":[{"href":"http:\/\/vertienteglobal.com\/index.php?rest_route=%2Fwp%2Fv2%2Fmedia&parent=223353"}],"wp:term":[{"taxonomy":"category","embeddable":true,"href":"http:\/\/vertienteglobal.com\/index.php?rest_route=%2Fwp%2Fv2%2Fcategories&post=223353"},{"taxonomy":"post_tag","embeddable":true,"href":"http:\/\/vertienteglobal.com\/index.php?rest_route=%2Fwp%2Fv2%2Ftags&post=223353"}],"curies":[{"name":"wp","href":"https:\/\/api.w.org\/{rel}","templated":true}]}}