{"id":223296,"date":"2023-06-02T17:19:00","date_gmt":"2023-06-02T22:19:00","guid":{"rendered":"http:\/\/vertienteglobal.com\/?p=223296"},"modified":"2023-06-02T19:22:32","modified_gmt":"2023-06-03T00:22:32","slug":"tormenta-tropical-arlene-se-forma-al-norte-de-quintana-roo","status":"publish","type":"post","link":"http:\/\/vertienteglobal.com\/?p=223296","title":{"rendered":"Tormenta tropical &#8216;Arlene&#8217; se forma al norte de Quintana Roo"},"content":{"rendered":"\n<div class=\"twitterbutton\" style=\"float: right; padding-left: 5px;\"><a href=\"http:\/\/twitter.com\/share\" class=\"twitter-share-button\" data-count=\"horizontal\" data-text=\"Tormenta tropical &#8216;Arlene&#8217; se forma al norte de Quintana Roo\" data-via=\"https:\/\/twitter.com\/VertienteGloba1\" data-url=\"http:\/\/vertienteglobal.com\/?p=223296\" data-lang=\"es\" data-related=\"Informaci\u00f3n general:S\u00edguenos para que est\u00e9ss informado\"><\/a><\/div>\n<figure class=\"wp-block-image size-full\"><img loading=\"lazy\" decoding=\"async\" width=\"1024\" height=\"683\" src=\"http:\/\/vertienteglobal.com\/wp-content\/uploads\/2023\/06\/207401.jpg\" alt=\"\" class=\"wp-image-223297\" srcset=\"http:\/\/vertienteglobal.com\/wp-content\/uploads\/2023\/06\/207401.jpg 1024w, http:\/\/vertienteglobal.com\/wp-content\/uploads\/2023\/06\/207401-300x200.jpg 300w, http:\/\/vertienteglobal.com\/wp-content\/uploads\/2023\/06\/207401-150x100.jpg 150w, http:\/\/vertienteglobal.com\/wp-content\/uploads\/2023\/06\/207401-768x512.jpg 768w\" sizes=\"auto, (max-width: 1024px) 100vw, 1024px\" \/><\/figure>\n\n\n\n<p>(Redacci\u00f3n)<\/p>\n\n\n\n<p>Se detall\u00f3 que el cicl\u00f3n se form\u00f3 alrededor del mediod\u00eda de este viernes y se desplaza hacia el sur, pero sin afectar al territorio mexicano, indic\u00f3 la dependencia<\/p>\n\n\n\n<p>Ciudad de M\u00e9xico 02 de junio 2023.-El Servicio Meteorol\u00f3gico Nacional (SMN), inform\u00f3 que la depresi\u00f3n tropical Dos se intensific\u00f3 a la tormenta tropical Arlene a 570 kil\u00f3metros al norte de Cabo Catoche, en Quintana Roo.<\/p>\n\n\n\n<p>Y es que se detall\u00f3 que el cicl\u00f3n se form\u00f3 alrededor del mediod\u00eda de este viernes y se desplaza hacia el sur, pero sin afectar al territorio mexicano, indic\u00f3 la dependencia.<\/p>\n\n\n\n<p>De acuerdo con el reporte de las 12:00 horas, el cicl\u00f3n present\u00f3 vientos m\u00e1ximos sostenidos de 65 kil\u00f3metros por hora y rachas de 85 kil\u00f3metros por hora.<\/p>\n\n\n\n<p>Asimismo, se estima que este s\u00e1bado 3 de junio, a las 18:00 horas, el fen\u00f3meno vuelva a perder intensidad y se convierta en una baja presi\u00f3n remanente, cuando sus vientos m\u00e1ximos sostenidos sean de 45 kil\u00f3metros por hora y se encuentre a 285 kil\u00f3metros al noreste de Cabo Catoche.(Fuente:Milenio\/Xeva\/Agencias)<\/p>\n","protected":false},"excerpt":{"rendered":"<p>(Redacci\u00f3n) Se detall\u00f3 que el cicl\u00f3n se form\u00f3 alrededor del mediod\u00eda de este viernes y se desplaza hacia el sur, pero sin afectar al territorio mexicano, indic\u00f3 la dependencia Ciudad de M\u00e9xico 02 de junio 2023.-El Servicio Meteorol\u00f3gico Nacional (SMN), inform\u00f3 que la depresi\u00f3n tropical Dos se intensific\u00f3 a la tormenta tropical Arlene a 570 [&hellip;]<\/p>\n","protected":false},"author":1,"featured_media":223297,"comment_status":"open","ping_status":"open","sticky":false,"template":"","format":"standard","meta":{"footnotes":""},"categories":[8,3],"tags":[],"class_list":["post-223296","post","type-post","status-publish","format-standard","has-post-thumbnail","hentry","category-pais","category-quintana-roo","entry","has-media"],"jetpack_featured_media_url":"http:\/\/vertienteglobal.com\/wp-content\/uploads\/2023\/06\/207401.jpg","_links":{"self":[{"href":"http:\/\/vertienteglobal.com\/index.php?rest_route=\/wp\/v2\/posts\/223296","targetHints":{"allow":["GET"]}}],"collection":[{"href":"http:\/\/vertienteglobal.com\/index.php?rest_route=\/wp\/v2\/posts"}],"about":[{"href":"http:\/\/vertienteglobal.com\/index.php?rest_route=\/wp\/v2\/types\/post"}],"author":[{"embeddable":true,"href":"http:\/\/vertienteglobal.com\/index.php?rest_route=\/wp\/v2\/users\/1"}],"replies":[{"embeddable":true,"href":"http:\/\/vertienteglobal.com\/index.php?rest_route=%2Fwp%2Fv2%2Fcomments&post=223296"}],"version-history":[{"count":0,"href":"http:\/\/vertienteglobal.com\/index.php?rest_route=\/wp\/v2\/posts\/223296\/revisions"}],"wp:featuredmedia":[{"embeddable":true,"href":"http:\/\/vertienteglobal.com\/index.php?rest_route=\/wp\/v2\/media\/223297"}],"wp:attachment":[{"href":"http:\/\/vertienteglobal.com\/index.php?rest_route=%2Fwp%2Fv2%2Fmedia&parent=223296"}],"wp:term":[{"taxonomy":"category","embeddable":true,"href":"http:\/\/vertienteglobal.com\/index.php?rest_route=%2Fwp%2Fv2%2Fcategories&post=223296"},{"taxonomy":"post_tag","embeddable":true,"href":"http:\/\/vertienteglobal.com\/index.php?rest_route=%2Fwp%2Fv2%2Ftags&post=223296"}],"curies":[{"name":"wp","href":"https:\/\/api.w.org\/{rel}","templated":true}]}}