{"id":223028,"date":"2023-05-31T18:51:00","date_gmt":"2023-05-31T23:51:00","guid":{"rendered":"http:\/\/vertienteglobal.com\/?p=223028"},"modified":"2023-05-31T22:21:57","modified_gmt":"2023-06-01T03:21:57","slug":"quintana-roo-es-punta-de-lanza-en-educacion-superior-a-distancia-en-el-sur-sureste-del-pais","status":"publish","type":"post","link":"http:\/\/vertienteglobal.com\/?p=223028","title":{"rendered":"Quintana Roo es punta de lanza en educaci\u00f3n superior a distancia en el sur sureste del pa\u00eds"},"content":{"rendered":"\n<div class=\"twitterbutton\" style=\"float: right; padding-left: 5px;\"><a href=\"http:\/\/twitter.com\/share\" class=\"twitter-share-button\" data-count=\"horizontal\" data-text=\"Quintana Roo es punta de lanza en educaci\u00f3n superior a distancia en el sur sure...\" data-via=\"https:\/\/twitter.com\/VertienteGloba1\" data-url=\"http:\/\/vertienteglobal.com\/?p=223028\" data-lang=\"es\" data-related=\"Informaci\u00f3n general:S\u00edguenos para que est\u00e9ss informado\"><\/a><\/div>\n<figure class=\"wp-block-image size-full\"><img loading=\"lazy\" decoding=\"async\" width=\"585\" height=\"247\" src=\"http:\/\/vertienteglobal.com\/wp-content\/uploads\/2023\/05\/FB_IMG_1685589330874.jpg\" alt=\"\" class=\"wp-image-223030\" srcset=\"http:\/\/vertienteglobal.com\/wp-content\/uploads\/2023\/05\/FB_IMG_1685589330874.jpg 585w, http:\/\/vertienteglobal.com\/wp-content\/uploads\/2023\/05\/FB_IMG_1685589330874-300x127.jpg 300w, http:\/\/vertienteglobal.com\/wp-content\/uploads\/2023\/05\/FB_IMG_1685589330874-150x63.jpg 150w\" sizes=\"auto, (max-width: 585px) 100vw, 585px\" \/><\/figure>\n\n\n\n<p>(Redacci\u00f3n)<\/p>\n\n\n\n<p>Mara Lezama establece el Programa Estatal de Educaci\u00f3n Superior a Distancia para que, con el apoyo del Tecnol\u00f3gico Nacional de M\u00e9xico, la juventud contin\u00fae con su preparaci\u00f3n profesional<\/p>\n\n\n\n<p>Canc\u00fan, Quintana Roo 31 de mayo 2023.- Para abrir nuevas oportunidades de educaci\u00f3n superior a cientos de j\u00f3venes en comunidades rurales que est\u00e1n a punto de desertar de su formaci\u00f3n por falta de alternativas, la gobernadora Mara Lezama Espinosa encabez\u00f3 la firma de un convenio para establecer el Programa Estatal de Educaci\u00f3n Superior a Distancia.<\/p>\n\n\n\n<p>A trav\u00e9s de esta alianza, sello distintivo del Nuevo Acuerdo por el Bienestar y Desarrollo de Quintana Roo, la entidad es punta de lanza para que j\u00f3venes de comunidades rurales tengan los medios para seguir estudiando en las unidades de educaci\u00f3n a distancia de Puerto Morelos; Chunhuhub, Felipe Carrillo Puerto, y en La Pantera, Bacalar.<\/p>\n\n\n\n<p>El convenio fue firmado entre el Gobierno del Estado, a trav\u00e9s de la Secretar\u00eda Estatal de Educaci\u00f3n, y el Tecnol\u00f3gico Nacional de M\u00e9xico Campus Canc\u00fan. Los alumnos podr\u00e1n seguir, en tiempo real, la c\u00e1tedra de los maestros, como si estuvieran viendo una serie en l\u00ednea en alguna plataforma. Un total de 19 comunidades estar\u00e1n en este programa educativo.<\/p>\n\n\n\n<p>La gobernadora Mara Lezama explic\u00f3 que, en este gobierno humanista y progresista que impulsa la prosperidad compartida, este programa educativo es un paso importante hacia la ampliaci\u00f3n de la cobertura de la educaci\u00f3n superior en Quintana Roo, y por ello se invirtieron 70 millones de pesos de los cuales, casi la mitad, fueron en tecnolog\u00eda.<\/p>\n\n\n\n<p>\u201cAh\u00ed, en esas aulas que estar\u00e1n muy cerca de sus comunidades, tendr\u00e1n la posibilidad de estudiar Ingenier\u00eda en Gesti\u00f3n Empresarial y Sistemas Computacionales y, con ello, estar mejor preparados para recoger los frutos de la prosperidad compartida que generar\u00e1n las inversiones hist\u00f3ricas -como la del Tren Maya- que se est\u00e1n realizando en nuestra entidad\u201d expres\u00f3 la Gobernadora.<\/p>\n\n\n\n<p>Precis\u00f3 que este gobierno federal, que encabeza el presidente Andr\u00e9s Manuel L\u00f3pez Obrador, es el \u00fanico que ha invertido en el sureste mexicano.<\/p>\n\n\n\n<p>Record\u00f3 que como la primera gobernadora del estado se comprometi\u00f3 a generar nuevas oportunidades educativas. \u201cHoy, con la firma de este convenio, avanzamos en la ruta para lograrlo y refrendamos nuestro compromiso de fortalecer el sector educativo, privilegiando la educaci\u00f3n de excelencia y de calidad para todos\u201d asegur\u00f3.<\/p>\n\n\n\n<p>La gobernadora Mara Lezama, el director general del Tecnol\u00f3gico Nacional de M\u00e9xico, Ram\u00f3n Jim\u00e9nez L\u00f3pez, y el secretario de Educaci\u00f3n, Carlos Manuel Gorocica Moreno, firmaron el convenio de colaboraci\u00f3n con la presencia de la presidenta de Benito Ju\u00e1rez, Ana Paty Peralta de la Pe\u00f1a; del director del Campus Canc\u00fan, Carlos Tiburcio Mart\u00ednez Mart\u00ednez y alumnos.<\/p>\n\n\n\n<p>Al respecto, el director general del Tecnol\u00f3gico de M\u00e9xico Jim\u00e9nez L\u00f3pez destac\u00f3 que ahora es el tiempo de las mujeres que trabajan por un mejor Quintana Roo.<\/p>\n\n\n\n<p>Agreg\u00f3 que 23 mil 600 estudiantes en el pa\u00eds reciben educaci\u00f3n a distancia y ahora, por gestiones de Mara Lezama, en la regi\u00f3n sur sureste se incorporan tres regiones m\u00e1s. \u201cEn la 4T los compromisos se cumplen y la Gobernadora es digna representante de la 4T\u201d enfatiz\u00f3.<\/p>\n\n\n\n<figure class=\"wp-block-image size-full\"><img loading=\"lazy\" decoding=\"async\" width=\"720\" height=\"480\" src=\"http:\/\/vertienteglobal.com\/wp-content\/uploads\/2023\/05\/FB_IMG_1685589334305.jpg\" alt=\"\" class=\"wp-image-223029\" srcset=\"http:\/\/vertienteglobal.com\/wp-content\/uploads\/2023\/05\/FB_IMG_1685589334305.jpg 720w, http:\/\/vertienteglobal.com\/wp-content\/uploads\/2023\/05\/FB_IMG_1685589334305-300x200.jpg 300w, http:\/\/vertienteglobal.com\/wp-content\/uploads\/2023\/05\/FB_IMG_1685589334305-150x100.jpg 150w\" sizes=\"auto, (max-width: 720px) 100vw, 720px\" \/><\/figure>\n\n\n\n<figure class=\"wp-block-image size-full\"><img loading=\"lazy\" decoding=\"async\" width=\"585\" height=\"390\" src=\"http:\/\/vertienteglobal.com\/wp-content\/uploads\/2023\/05\/FB_IMG_1685589338036.jpg\" alt=\"\" class=\"wp-image-223031\" srcset=\"http:\/\/vertienteglobal.com\/wp-content\/uploads\/2023\/05\/FB_IMG_1685589338036.jpg 585w, http:\/\/vertienteglobal.com\/wp-content\/uploads\/2023\/05\/FB_IMG_1685589338036-300x200.jpg 300w, http:\/\/vertienteglobal.com\/wp-content\/uploads\/2023\/05\/FB_IMG_1685589338036-150x100.jpg 150w\" sizes=\"auto, (max-width: 585px) 100vw, 585px\" \/><\/figure>\n\n\n\n<figure class=\"wp-block-image size-full\"><img loading=\"lazy\" decoding=\"async\" width=\"585\" height=\"390\" src=\"http:\/\/vertienteglobal.com\/wp-content\/uploads\/2023\/05\/FB_IMG_1685589341701.jpg\" alt=\"\" class=\"wp-image-223032\" srcset=\"http:\/\/vertienteglobal.com\/wp-content\/uploads\/2023\/05\/FB_IMG_1685589341701.jpg 585w, http:\/\/vertienteglobal.com\/wp-content\/uploads\/2023\/05\/FB_IMG_1685589341701-300x200.jpg 300w, http:\/\/vertienteglobal.com\/wp-content\/uploads\/2023\/05\/FB_IMG_1685589341701-150x100.jpg 150w\" sizes=\"auto, (max-width: 585px) 100vw, 585px\" \/><\/figure>\n","protected":false},"excerpt":{"rendered":"<p>(Redacci\u00f3n) Mara Lezama establece el Programa Estatal de Educaci\u00f3n Superior a Distancia para que, con el apoyo del Tecnol\u00f3gico Nacional de M\u00e9xico, la juventud contin\u00fae con su preparaci\u00f3n profesional Canc\u00fan, Quintana Roo 31 de mayo 2023.- Para abrir nuevas oportunidades de educaci\u00f3n superior a cientos de j\u00f3venes en comunidades rurales que est\u00e1n a punto de [&hellip;]<\/p>\n","protected":false},"author":1,"featured_media":223029,"comment_status":"open","ping_status":"open","sticky":false,"template":"","format":"standard","meta":{"footnotes":""},"categories":[9,3],"tags":[],"class_list":["post-223028","post","type-post","status-publish","format-standard","has-post-thumbnail","hentry","category-educacion","category-quintana-roo","entry","has-media"],"jetpack_featured_media_url":"http:\/\/vertienteglobal.com\/wp-content\/uploads\/2023\/05\/FB_IMG_1685589334305.jpg","_links":{"self":[{"href":"http:\/\/vertienteglobal.com\/index.php?rest_route=\/wp\/v2\/posts\/223028","targetHints":{"allow":["GET"]}}],"collection":[{"href":"http:\/\/vertienteglobal.com\/index.php?rest_route=\/wp\/v2\/posts"}],"about":[{"href":"http:\/\/vertienteglobal.com\/index.php?rest_route=\/wp\/v2\/types\/post"}],"author":[{"embeddable":true,"href":"http:\/\/vertienteglobal.com\/index.php?rest_route=\/wp\/v2\/users\/1"}],"replies":[{"embeddable":true,"href":"http:\/\/vertienteglobal.com\/index.php?rest_route=%2Fwp%2Fv2%2Fcomments&post=223028"}],"version-history":[{"count":0,"href":"http:\/\/vertienteglobal.com\/index.php?rest_route=\/wp\/v2\/posts\/223028\/revisions"}],"wp:featuredmedia":[{"embeddable":true,"href":"http:\/\/vertienteglobal.com\/index.php?rest_route=\/wp\/v2\/media\/223029"}],"wp:attachment":[{"href":"http:\/\/vertienteglobal.com\/index.php?rest_route=%2Fwp%2Fv2%2Fmedia&parent=223028"}],"wp:term":[{"taxonomy":"category","embeddable":true,"href":"http:\/\/vertienteglobal.com\/index.php?rest_route=%2Fwp%2Fv2%2Fcategories&post=223028"},{"taxonomy":"post_tag","embeddable":true,"href":"http:\/\/vertienteglobal.com\/index.php?rest_route=%2Fwp%2Fv2%2Ftags&post=223028"}],"curies":[{"name":"wp","href":"https:\/\/api.w.org\/{rel}","templated":true}]}}