{"id":223010,"date":"2023-05-31T16:24:00","date_gmt":"2023-05-31T21:24:00","guid":{"rendered":"http:\/\/vertienteglobal.com\/?p=223010"},"modified":"2023-05-31T21:59:35","modified_gmt":"2023-06-01T02:59:35","slug":"puente-nichupte-en-cancun-quedara-listo-para-abril-de-2024-mara-lezama-gobernadora-de-quintana-roo","status":"publish","type":"post","link":"http:\/\/vertienteglobal.com\/?p=223010","title":{"rendered":"Puente Nichupt\u00e9 en Canc\u00fan quedar\u00e1 listo para abril de 2024: Mara Lezama gobernadora de Quintana Roo"},"content":{"rendered":"\n<div class=\"twitterbutton\" style=\"float: right; padding-left: 5px;\"><a href=\"http:\/\/twitter.com\/share\" class=\"twitter-share-button\" data-count=\"horizontal\" data-text=\"Puente Nichupt\u00e9 en Canc\u00fan quedar\u00e1 listo para abril de 2024: Mara Lezama gober...\" data-via=\"https:\/\/twitter.com\/VertienteGloba1\" data-url=\"http:\/\/vertienteglobal.com\/?p=223010\" data-lang=\"es\" data-related=\"Informaci\u00f3n general:S\u00edguenos para que est\u00e9ss informado\"><\/a><\/div>\n<figure class=\"wp-block-image size-full\"><img loading=\"lazy\" decoding=\"async\" width=\"720\" height=\"480\" src=\"http:\/\/vertienteglobal.com\/wp-content\/uploads\/2023\/05\/FB_IMG_1685587866962.jpg\" alt=\"\" class=\"wp-image-223011\" srcset=\"http:\/\/vertienteglobal.com\/wp-content\/uploads\/2023\/05\/FB_IMG_1685587866962.jpg 720w, http:\/\/vertienteglobal.com\/wp-content\/uploads\/2023\/05\/FB_IMG_1685587866962-300x200.jpg 300w, http:\/\/vertienteglobal.com\/wp-content\/uploads\/2023\/05\/FB_IMG_1685587866962-150x100.jpg 150w\" sizes=\"auto, (max-width: 720px) 100vw, 720px\" \/><\/figure>\n\n\n\n<p>(Redacci\u00f3n)<\/p>\n\n\n\n<p>La gobernadora de Quintana Roo, inform\u00f3 que el Puente Nichupt\u00e9 estar\u00e1 listo para ser inaugurado en el mes de abril de 2024<\/p>\n\n\n\n<p>Canc\u00fan, Quintana Roo 31 de mayo 2023.- La gobernadora de Quintana Roo, Mara Lezama, confirm\u00f3 que el proyecto del Puente Nichupt\u00e9 estar\u00eda terminado entre los meses de marzo y abril de 2024, debido al gran avance que van en las obras.<\/p>\n\n\n\n<p>Y es que entrevistada por diversos medios de comunicaci\u00f3n, la mandataria estatal, se\u00f1al\u00f3 que recientemente realiz\u00f3 un recorrido de supervisi\u00f3n donde constat\u00f3 que ya se est\u00e1n cimentando las pilas donde ir\u00e1n colocados las trabes del puente.<\/p>\n\n\n\n<p>Dijo: \u00abEn el tema del Puente Nichupt\u00e9, hice un recorrido y ya est\u00e1n colocando los cimientos, ser\u00e1 un puente emblem\u00e1tico, de modernizaci\u00f3n de primer nivel, de seguridad en Protecci\u00f3n Civil\u00bb.<\/p>\n\n\n\n<p>Reafirmando: \u00abEsta obra va muy avanzada y estar\u00e1 lista entre marzo y abril de 2024\u00bb.<\/p>\n\n\n\n<p>Asimismo, reiter\u00f3 que la obra en construcci\u00f3n del puente es la m\u00e1s grande en Latinoam\u00e9rica.<\/p>\n\n\n\n<p>Por ello, dejo en claro que en estos momentos es el puente en construcci\u00f3n m\u00e1s largo del mundo, va a ser espectacular con 8.8 kil\u00f3metros.<\/p>\n\n\n\n<p>Cabe destacar que la gobernadora Mara Lezama Espinosa, tambi\u00e9n record\u00f3 la inversi\u00f3n de 300 millones de pesos de la Comisi\u00f3n Federal de Electricidad para el bulevar Luis Donaldo Colosio, para que el suministro de energ\u00eda el\u00e9ctrica sea a trav\u00e9s de un tendido de cableado subterr\u00e1neo.<\/p>\n\n\n\n<figure class=\"wp-block-image size-full\"><img loading=\"lazy\" decoding=\"async\" width=\"720\" height=\"405\" src=\"http:\/\/vertienteglobal.com\/wp-content\/uploads\/2023\/05\/FB_IMG_1685587870958.jpg\" alt=\"\" class=\"wp-image-223012\" srcset=\"http:\/\/vertienteglobal.com\/wp-content\/uploads\/2023\/05\/FB_IMG_1685587870958.jpg 720w, http:\/\/vertienteglobal.com\/wp-content\/uploads\/2023\/05\/FB_IMG_1685587870958-300x169.jpg 300w, http:\/\/vertienteglobal.com\/wp-content\/uploads\/2023\/05\/FB_IMG_1685587870958-150x84.jpg 150w\" sizes=\"auto, (max-width: 720px) 100vw, 720px\" \/><\/figure>\n\n\n\n<figure class=\"wp-block-image size-full\"><img loading=\"lazy\" decoding=\"async\" width=\"720\" height=\"405\" src=\"http:\/\/vertienteglobal.com\/wp-content\/uploads\/2023\/05\/FB_IMG_1685587874523.jpg\" alt=\"\" class=\"wp-image-223013\" srcset=\"http:\/\/vertienteglobal.com\/wp-content\/uploads\/2023\/05\/FB_IMG_1685587874523.jpg 720w, http:\/\/vertienteglobal.com\/wp-content\/uploads\/2023\/05\/FB_IMG_1685587874523-300x169.jpg 300w, http:\/\/vertienteglobal.com\/wp-content\/uploads\/2023\/05\/FB_IMG_1685587874523-150x84.jpg 150w\" sizes=\"auto, (max-width: 720px) 100vw, 720px\" \/><\/figure>\n","protected":false},"excerpt":{"rendered":"<p>(Redacci\u00f3n) La gobernadora de Quintana Roo, inform\u00f3 que el Puente Nichupt\u00e9 estar\u00e1 listo para ser inaugurado en el mes de abril de 2024 Canc\u00fan, Quintana Roo 31 de mayo 2023.- La gobernadora de Quintana Roo, Mara Lezama, confirm\u00f3 que el proyecto del Puente Nichupt\u00e9 estar\u00eda terminado entre los meses de marzo y abril de 2024, [&hellip;]<\/p>\n","protected":false},"author":1,"featured_media":223011,"comment_status":"open","ping_status":"open","sticky":false,"template":"","format":"standard","meta":{"footnotes":""},"categories":[3],"tags":[],"class_list":["post-223010","post","type-post","status-publish","format-standard","has-post-thumbnail","hentry","category-quintana-roo","entry","has-media"],"jetpack_featured_media_url":"http:\/\/vertienteglobal.com\/wp-content\/uploads\/2023\/05\/FB_IMG_1685587866962.jpg","_links":{"self":[{"href":"http:\/\/vertienteglobal.com\/index.php?rest_route=\/wp\/v2\/posts\/223010","targetHints":{"allow":["GET"]}}],"collection":[{"href":"http:\/\/vertienteglobal.com\/index.php?rest_route=\/wp\/v2\/posts"}],"about":[{"href":"http:\/\/vertienteglobal.com\/index.php?rest_route=\/wp\/v2\/types\/post"}],"author":[{"embeddable":true,"href":"http:\/\/vertienteglobal.com\/index.php?rest_route=\/wp\/v2\/users\/1"}],"replies":[{"embeddable":true,"href":"http:\/\/vertienteglobal.com\/index.php?rest_route=%2Fwp%2Fv2%2Fcomments&post=223010"}],"version-history":[{"count":0,"href":"http:\/\/vertienteglobal.com\/index.php?rest_route=\/wp\/v2\/posts\/223010\/revisions"}],"wp:featuredmedia":[{"embeddable":true,"href":"http:\/\/vertienteglobal.com\/index.php?rest_route=\/wp\/v2\/media\/223011"}],"wp:attachment":[{"href":"http:\/\/vertienteglobal.com\/index.php?rest_route=%2Fwp%2Fv2%2Fmedia&parent=223010"}],"wp:term":[{"taxonomy":"category","embeddable":true,"href":"http:\/\/vertienteglobal.com\/index.php?rest_route=%2Fwp%2Fv2%2Fcategories&post=223010"},{"taxonomy":"post_tag","embeddable":true,"href":"http:\/\/vertienteglobal.com\/index.php?rest_route=%2Fwp%2Fv2%2Ftags&post=223010"}],"curies":[{"name":"wp","href":"https:\/\/api.w.org\/{rel}","templated":true}]}}