{"id":222920,"date":"2023-05-30T07:40:00","date_gmt":"2023-05-30T12:40:00","guid":{"rendered":"http:\/\/vertienteglobal.com\/?p=222920"},"modified":"2023-05-31T07:42:48","modified_gmt":"2023-05-31T12:42:48","slug":"clausura-xvii-legislatura-los-trabajos-del-segundo-periodo-ordinario-de-sesiones","status":"publish","type":"post","link":"http:\/\/vertienteglobal.com\/?p=222920","title":{"rendered":"Clausura XVII Legislatura los trabajos del segundo periodo ordinario de sesiones"},"content":{"rendered":"\n<div class=\"twitterbutton\" style=\"float: right; padding-left: 5px;\"><a href=\"http:\/\/twitter.com\/share\" class=\"twitter-share-button\" data-count=\"horizontal\" data-text=\"Clausura XVII Legislatura los trabajos del segundo periodo ordinario de sesiones\" data-via=\"https:\/\/twitter.com\/VertienteGloba1\" data-url=\"http:\/\/vertienteglobal.com\/?p=222920\" data-lang=\"es\" data-related=\"Informaci\u00f3n general:S\u00edguenos para que est\u00e9ss informado\"><\/a><\/div>\n<figure class=\"wp-block-image size-full\"><img loading=\"lazy\" decoding=\"async\" width=\"720\" height=\"480\" src=\"http:\/\/vertienteglobal.com\/wp-content\/uploads\/2023\/05\/FB_IMG_1685536631014.jpg\" alt=\"\" class=\"wp-image-222921\" srcset=\"http:\/\/vertienteglobal.com\/wp-content\/uploads\/2023\/05\/FB_IMG_1685536631014.jpg 720w, http:\/\/vertienteglobal.com\/wp-content\/uploads\/2023\/05\/FB_IMG_1685536631014-300x200.jpg 300w, http:\/\/vertienteglobal.com\/wp-content\/uploads\/2023\/05\/FB_IMG_1685536631014-150x100.jpg 150w\" sizes=\"auto, (max-width: 720px) 100vw, 720px\" \/><\/figure>\n\n\n\n<p>(Redacci\u00f3n)<\/p>\n\n\n\n<p>Los trabajos legislativos continuar\u00e1n, a trav\u00e9s de la Comisi\u00f3n Permanente y de los trabajos en comisiones: Ren\u00e1n S\u00e1nchez Tajonar.<\/p>\n\n\n\n<p>Chetumal, Quintana Roo, 30 de mayo 2023.- En el marco de la clausura de los trabajos correspondientes al segundo periodo ordinario de sesiones del primer a\u00f1o de la XVII Legislatura, el diputado Ren\u00e1n S\u00e1nchez Tajonar , presidente de la Junta de Gobierno y Coordinaci\u00f3n Pol\u00edtica asegur\u00f3 que los trabajos legislativos no se detendr\u00e1n, ya que continuar\u00e1n a trav\u00e9s de la Comisi\u00f3n Permanente.<\/p>\n\n\n\n<p>El legislador asegur\u00f3 que con la clausura del periodo no concluyen los trabajos del Congreso, por el contrario, \u00e9stos continuar\u00e1n con las sesiones de la Comisi\u00f3n Permanente y las reuniones de las comisiones, las cuales tienen temas por atender y ser\u00e1 en el receso cuando se atiendan de manera puntual.<\/p>\n\n\n\n<p>S\u00e1nchez Tajonar adelant\u00f3 que la XVII Legislatura podr\u00eda convocar a un periodo extraordinario de sesiones con el fin de ir desahogando los asuntos en cartera para cumplir con el objetivo de evitar el rezago legislativo.<\/p>\n\n\n\n<p>En la sesi\u00f3n ordinaria n\u00famero 32, que concluy\u00f3 alrededor de las 12:30 de la ma\u00f1ana del martes 30 de mayo, se aprob\u00f3 el dictamen con proyecto de decreto por el que se reforman y adicionan diversas disposiciones de la Ley Org\u00e1nica de la Fiscal\u00eda General del Estado de Quintana Roo, en materia de fortalecimiento de la investigaci\u00f3n de los delitos.<\/p>\n\n\n\n<p>A trav\u00e9s de estas reformas se fortalecen las facultades de las instituciones policiales de seguridad en el Estado para la investigaci\u00f3n de los delitos, como pieza fundamental para la eficaz procuraci\u00f3n de justicia, incentivar la cultura de denuncia de los hechos delictivos, la disminuci\u00f3n de la cifra negra, mejorar la atenci\u00f3n a las v\u00edctimas y generar una pol\u00edtica de combate a la impunidad.<\/p>\n\n\n\n<p>De esta manera, las instituciones policiales dotadas de facultades de investigaci\u00f3n tal y como se plante\u00f3 en la nueva Ley de Seguridad Ciudadana, actuar\u00e1n en coadyuvancia, as\u00ed como bajo el mando y la conducci\u00f3n del Ministerio P\u00fablico en la investigaci\u00f3n de los delitos.<\/p>\n\n\n\n<p>Con estas modificaciones, en Quintana Roo coexistir\u00e1n polic\u00edas de investigaci\u00f3n tanto en la Fiscal\u00eda General como en la Secretar\u00eda de Seguridad Ciudadana, entendi\u00e9ndose como un nuevo modelo de cooperaci\u00f3n en la investigaci\u00f3n de los delitos que aproveche las capacidades de las polic\u00edas m\u00e1s pr\u00f3ximas a la ciudadan\u00eda, que recorren las calles y que son en la mayor\u00eda de las ocasiones, los primeros que intervienen ante los llamados de la ciudadan\u00eda.<\/p>\n\n\n\n<p>Por otra parte, se aprob\u00f3 el dictamen con proyecto de decreto por el que se reforman y adicionan diversas disposiciones de la Ley Org\u00e1nica de la Administraci\u00f3n P\u00fablica del Estado de Quintana Roo, para establecer los principios que deber\u00e1n observar las personas servidoras p\u00fablicas de las dependencias y entidades de la administraci\u00f3n p\u00fablica estatal en el desempe\u00f1o de su empleo, cargo, comisi\u00f3n o funci\u00f3n.<\/p>\n\n\n\n<p>Adem\u00e1s, se establecen dentro de las competencias de la Consejer\u00eda Jur\u00eddica que \u00e9sta pueda coadyuvar en la orientaci\u00f3n jur\u00eddica que deber\u00e1 darse ante la existencia de los casos de violencia de g\u00e9nero en el \u00e1mbito laboral, cometidos por personas servidoras p\u00fablicas de las dependencias y entidades de la administraci\u00f3n p\u00fablica estatal.<\/p>\n\n\n\n<p>Una vez declarada la clausura del periodo ordinario de sesiones, se instal\u00f3 la Comisi\u00f3n Permanente para el periodo de receso, la cual estar\u00e1 integrada por la diputada Mildred \u00c1vila Vera como presidenta, adem\u00e1s de la diputada Yohanet Torres Mu\u00f1oz y los diputados Humberto Aldana Navarro, Jos\u00e9 Mar\u00eda Chac\u00f3n Chabl\u00e9, Hugo Alday Nieto, Guillermo Brahms Gonz\u00e1lez e Issac Janix Alan\u00eds.<\/p>\n","protected":false},"excerpt":{"rendered":"<p>(Redacci\u00f3n) Los trabajos legislativos continuar\u00e1n, a trav\u00e9s de la Comisi\u00f3n Permanente y de los trabajos en comisiones: Ren\u00e1n S\u00e1nchez Tajonar. Chetumal, Quintana Roo, 30 de mayo 2023.- En el marco de la clausura de los trabajos correspondientes al segundo periodo ordinario de sesiones del primer a\u00f1o de la XVII Legislatura, el diputado Ren\u00e1n S\u00e1nchez Tajonar [&hellip;]<\/p>\n","protected":false},"author":1,"featured_media":222921,"comment_status":"open","ping_status":"open","sticky":false,"template":"","format":"standard","meta":{"footnotes":""},"categories":[3],"tags":[],"class_list":["post-222920","post","type-post","status-publish","format-standard","has-post-thumbnail","hentry","category-quintana-roo","entry","has-media"],"jetpack_featured_media_url":"http:\/\/vertienteglobal.com\/wp-content\/uploads\/2023\/05\/FB_IMG_1685536631014.jpg","_links":{"self":[{"href":"http:\/\/vertienteglobal.com\/index.php?rest_route=\/wp\/v2\/posts\/222920","targetHints":{"allow":["GET"]}}],"collection":[{"href":"http:\/\/vertienteglobal.com\/index.php?rest_route=\/wp\/v2\/posts"}],"about":[{"href":"http:\/\/vertienteglobal.com\/index.php?rest_route=\/wp\/v2\/types\/post"}],"author":[{"embeddable":true,"href":"http:\/\/vertienteglobal.com\/index.php?rest_route=\/wp\/v2\/users\/1"}],"replies":[{"embeddable":true,"href":"http:\/\/vertienteglobal.com\/index.php?rest_route=%2Fwp%2Fv2%2Fcomments&post=222920"}],"version-history":[{"count":0,"href":"http:\/\/vertienteglobal.com\/index.php?rest_route=\/wp\/v2\/posts\/222920\/revisions"}],"wp:featuredmedia":[{"embeddable":true,"href":"http:\/\/vertienteglobal.com\/index.php?rest_route=\/wp\/v2\/media\/222921"}],"wp:attachment":[{"href":"http:\/\/vertienteglobal.com\/index.php?rest_route=%2Fwp%2Fv2%2Fmedia&parent=222920"}],"wp:term":[{"taxonomy":"category","embeddable":true,"href":"http:\/\/vertienteglobal.com\/index.php?rest_route=%2Fwp%2Fv2%2Fcategories&post=222920"},{"taxonomy":"post_tag","embeddable":true,"href":"http:\/\/vertienteglobal.com\/index.php?rest_route=%2Fwp%2Fv2%2Ftags&post=222920"}],"curies":[{"name":"wp","href":"https:\/\/api.w.org\/{rel}","templated":true}]}}