{"id":222802,"date":"2023-05-28T21:24:00","date_gmt":"2023-05-29T02:24:00","guid":{"rendered":"http:\/\/vertienteglobal.com\/?p=222802"},"modified":"2023-05-29T20:27:57","modified_gmt":"2023-05-30T01:27:57","slug":"cancun-sede-del-primer-foro-de-justicia-ambiental-2023","status":"publish","type":"post","link":"http:\/\/vertienteglobal.com\/?p=222802","title":{"rendered":"Canc\u00fan, sede del Primer Foro de Justicia Ambiental 2023"},"content":{"rendered":"\n<div class=\"twitterbutton\" style=\"float: right; padding-left: 5px;\"><a href=\"http:\/\/twitter.com\/share\" class=\"twitter-share-button\" data-count=\"horizontal\" data-text=\"Canc\u00fan, sede del Primer Foro de Justicia Ambiental 2023\" data-via=\"https:\/\/twitter.com\/VertienteGloba1\" data-url=\"http:\/\/vertienteglobal.com\/?p=222802\" data-lang=\"es\" data-related=\"Informaci\u00f3n general:S\u00edguenos para que est\u00e9ss informado\"><\/a><\/div>\n<figure class=\"wp-block-image size-full\"><img loading=\"lazy\" decoding=\"async\" width=\"720\" height=\"266\" src=\"http:\/\/vertienteglobal.com\/wp-content\/uploads\/2023\/05\/FB_IMG_1685409058661.jpg\" alt=\"\" class=\"wp-image-222803\" srcset=\"http:\/\/vertienteglobal.com\/wp-content\/uploads\/2023\/05\/FB_IMG_1685409058661.jpg 720w, http:\/\/vertienteglobal.com\/wp-content\/uploads\/2023\/05\/FB_IMG_1685409058661-300x111.jpg 300w, http:\/\/vertienteglobal.com\/wp-content\/uploads\/2023\/05\/FB_IMG_1685409058661-150x55.jpg 150w\" sizes=\"auto, (max-width: 720px) 100vw, 720px\" \/><\/figure>\n\n\n\n<p>(Redacci\u00f3n)<\/p>\n\n\n\n<p>Se busca establecer di\u00e1logos y participaci\u00f3n social en torno a temas de justicia ambiental en Quintana Roo<\/p>\n\n\n\n<p>Chetumal, Quintana Roo, 28 de mayo 2023.- Para contribuir y fortalecer el di\u00e1logo entre gobierno y sociedad, sobre los retos para el aprovechamiento y procuraci\u00f3n en materia legal de los recursos naturales de Quintana Roo, la Procuradur\u00eda de Protecci\u00f3n al Ambiente del estado (PPA), realizar\u00e1 el primer Foro de Justicia Ambiental 2023 el pr\u00f3ximo uno y dos de junio en la Universidad del Caribe de la ciudad de Canc\u00fan.<\/p>\n\n\n\n<p>El titular de la PPA, Alonso Fern\u00e1ndez Lemmen Meyer, dijo que este evento permitir\u00e1 tener comunicaci\u00f3n y contacto directo con la sociedad para intercambiar informaci\u00f3n y opiniones que aportan en las decisiones del servicio p\u00fablico y dan cumplimiento a lo establecido en el Nuevo Acuerdo por el Bienestar y Desarrollo de Quintana Roo, que promueve la gobernadora Mara Lezama Espinosa, en materia de conservaci\u00f3n, sustentabilidad y resiliencia del medio ambiente.<\/p>\n\n\n\n<p>Lemmen Meyer explic\u00f3 que en el marco del D\u00eda Mundial del Medio Ambiente a celebrarse el pr\u00f3ximo 5 de junio y en el que Quintana Roo fue seleccionado como sede para dicha celebraci\u00f3n por parte del Programa de las Naciones Unidas para el Medio Ambiente (PNUMA) se llevar\u00e1 a cabo este primer foro los d\u00edas uno y dos en la Universidad del Caribe de la ciudad de Canc\u00fan de las 9:00 a las 14:00 horas, donde se presentar\u00e1n herramientas legales para procurar el derecho a un ambiente sano.<\/p>\n\n\n\n<p>La PPA mediante las estrategias y l\u00edneas de acci\u00f3n establecidas en el Plan Estatal de Desarrollo y Plan Sectorial dentro del eje: Medio Ambiente y Sustentabilidad, centra su atenci\u00f3n en la defensa del derecho de los habitantes de Quintana Roo a gozar de un medio ambiente adecuado para su desarrollo y bienestar, procurando el acceso efectivo a la justicia ambiental, y en contener las afectaciones ambientales, dijo.<\/p>\n\n\n\n<p>Entre las actividades programadas en el evento se tiene la firma de un convenio de coordinaci\u00f3n entre la Procuradur\u00eda Federal de Protecci\u00f3n al Ambiente (PROFEPA) y la PPA, as\u00ed como la participaci\u00f3n de quince destacados y destacadas conferencistas reconocidos a nivel nacional e internacional, y la presentaci\u00f3n de dos paneles de an\u00e1lisis con expertos en temas muy relevantes y pertinentes que merecen conocimiento y difusi\u00f3n.<\/p>\n","protected":false},"excerpt":{"rendered":"<p>(Redacci\u00f3n) Se busca establecer di\u00e1logos y participaci\u00f3n social en torno a temas de justicia ambiental en Quintana Roo Chetumal, Quintana Roo, 28 de mayo 2023.- Para contribuir y fortalecer el di\u00e1logo entre gobierno y sociedad, sobre los retos para el aprovechamiento y procuraci\u00f3n en materia legal de los recursos naturales de Quintana Roo, la Procuradur\u00eda [&hellip;]<\/p>\n","protected":false},"author":1,"featured_media":222803,"comment_status":"open","ping_status":"open","sticky":false,"template":"","format":"standard","meta":{"footnotes":""},"categories":[3],"tags":[],"class_list":["post-222802","post","type-post","status-publish","format-standard","has-post-thumbnail","hentry","category-quintana-roo","entry","has-media"],"jetpack_featured_media_url":"http:\/\/vertienteglobal.com\/wp-content\/uploads\/2023\/05\/FB_IMG_1685409058661.jpg","_links":{"self":[{"href":"http:\/\/vertienteglobal.com\/index.php?rest_route=\/wp\/v2\/posts\/222802","targetHints":{"allow":["GET"]}}],"collection":[{"href":"http:\/\/vertienteglobal.com\/index.php?rest_route=\/wp\/v2\/posts"}],"about":[{"href":"http:\/\/vertienteglobal.com\/index.php?rest_route=\/wp\/v2\/types\/post"}],"author":[{"embeddable":true,"href":"http:\/\/vertienteglobal.com\/index.php?rest_route=\/wp\/v2\/users\/1"}],"replies":[{"embeddable":true,"href":"http:\/\/vertienteglobal.com\/index.php?rest_route=%2Fwp%2Fv2%2Fcomments&post=222802"}],"version-history":[{"count":0,"href":"http:\/\/vertienteglobal.com\/index.php?rest_route=\/wp\/v2\/posts\/222802\/revisions"}],"wp:featuredmedia":[{"embeddable":true,"href":"http:\/\/vertienteglobal.com\/index.php?rest_route=\/wp\/v2\/media\/222803"}],"wp:attachment":[{"href":"http:\/\/vertienteglobal.com\/index.php?rest_route=%2Fwp%2Fv2%2Fmedia&parent=222802"}],"wp:term":[{"taxonomy":"category","embeddable":true,"href":"http:\/\/vertienteglobal.com\/index.php?rest_route=%2Fwp%2Fv2%2Fcategories&post=222802"},{"taxonomy":"post_tag","embeddable":true,"href":"http:\/\/vertienteglobal.com\/index.php?rest_route=%2Fwp%2Fv2%2Ftags&post=222802"}],"curies":[{"name":"wp","href":"https:\/\/api.w.org\/{rel}","templated":true}]}}