{"id":222727,"date":"2023-05-26T20:42:00","date_gmt":"2023-05-27T01:42:00","guid":{"rendered":"http:\/\/vertienteglobal.com\/?p=222727"},"modified":"2023-05-27T22:44:39","modified_gmt":"2023-05-28T03:44:39","slug":"gobierno-de-mara-lezama-suma-voluntades-para-integrar-plan-de-rescate-apicola","status":"publish","type":"post","link":"http:\/\/vertienteglobal.com\/?p=222727","title":{"rendered":"Gobierno de Mara Lezama suma voluntades para integrar Plan de Rescate Ap\u00edcola"},"content":{"rendered":"\n<div class=\"twitterbutton\" style=\"float: right; padding-left: 5px;\"><a href=\"http:\/\/twitter.com\/share\" class=\"twitter-share-button\" data-count=\"horizontal\" data-text=\"Gobierno de Mara Lezama suma voluntades para integrar Plan de Rescate Ap\u00edcola\" data-via=\"https:\/\/twitter.com\/VertienteGloba1\" data-url=\"http:\/\/vertienteglobal.com\/?p=222727\" data-lang=\"es\" data-related=\"Informaci\u00f3n general:S\u00edguenos para que est\u00e9ss informado\"><\/a><\/div>\n<figure class=\"wp-block-image size-full\"><img loading=\"lazy\" decoding=\"async\" width=\"720\" height=\"514\" src=\"http:\/\/vertienteglobal.com\/wp-content\/uploads\/2023\/05\/FB_IMG_1685245103567.jpg\" alt=\"\" class=\"wp-image-222728\" srcset=\"http:\/\/vertienteglobal.com\/wp-content\/uploads\/2023\/05\/FB_IMG_1685245103567.jpg 720w, http:\/\/vertienteglobal.com\/wp-content\/uploads\/2023\/05\/FB_IMG_1685245103567-300x214.jpg 300w, http:\/\/vertienteglobal.com\/wp-content\/uploads\/2023\/05\/FB_IMG_1685245103567-150x107.jpg 150w\" sizes=\"auto, (max-width: 720px) 100vw, 720px\" \/><\/figure>\n\n\n\n<p>(Redacci\u00f3n)<\/p>\n\n\n\n<p>La secretaria de Gobierno se reuni\u00f3 con productores de miel quienes coincidieron en trabajar para integrar el plan que contemplen la instalaci\u00f3n de infraestructura para criaderos de abejas reinas mejoradas en comunidades rurales<\/p>\n\n\n\n<p>Chetumal, Quintana Roo, 26 de mayo 2023.- En el marco del Nuevo Acuerdo por el Bienestar y Desarrollo que encabeza la gobernadora Mara Lezama Espinosa, la Secretaria de Gobierno, Cristina Torres, sostuvo una reuni\u00f3n con representantes de diferentes grupos de productores de miel, quienes refrendaron la colaboraci\u00f3n con la titular del ejecutivo e integrar un Plan de Rescate Ap\u00edcola para Quintana Roo.<\/p>\n\n\n\n<p>Los apicultores manifestaron que es indispensable aglutinar esfuerzos con los gobiernos federal y estatal para consolidar acciones que permitan impulsar proyectos espec\u00edficos que generen beneficios para sus familias y comunidades.<\/p>\n\n\n\n<p>Cristina Torres, resalt\u00f3 que la suma de voluntades es la esencia del Nuevo Acuerdo por el Bienestar y Desarrollo, por lo que se dijo satisfecha de escuchar la intenci\u00f3n de los productores de miel de sumarse a las acciones que buscan beneficiar a dicho sector.<\/p>\n\n\n\n<p>Explic\u00f3 que, a trav\u00e9s de la Secretar\u00eda de Desarrollo Agropecuario, Rural y Pesca (SEDARPE), se dar\u00e1 seguimiento a la propuesta de los productores de colaborar en la creaci\u00f3n de un Plan de Rescate Ap\u00edcola y de proyectos que contemplen la instalaci\u00f3n de infraestructura para criaderos de abejas reinas mejoradas en comunidades rurales, por lo que concretaron una reuni\u00f3n de trabajo con su titular Linda Cobos.<\/p>\n\n\n\n<p>Durante el encuentro, los apicultores procedentes de las comunidades Luis Echeverr\u00eda y Laguna Guerrero resaltaron plena disposici\u00f3n para participar con mano de obra y, de ser necesario, con aportaciones en especie.<\/p>\n\n\n\n<p>De esta manera se confirma que la suma de esfuerzos entre ciudadan\u00eda y el Gobierno del Estado, permite generar proyectos en beneficio del sector primario que formen parte del desarrollo social y econ\u00f3mico que busca consolidar la gobernadora Mara Lezama.<\/p>\n\n\n\n<figure class=\"wp-block-image size-full\"><img loading=\"lazy\" decoding=\"async\" width=\"585\" height=\"390\" src=\"http:\/\/vertienteglobal.com\/wp-content\/uploads\/2023\/05\/FB_IMG_1685245109482.jpg\" alt=\"\" class=\"wp-image-222729\" srcset=\"http:\/\/vertienteglobal.com\/wp-content\/uploads\/2023\/05\/FB_IMG_1685245109482.jpg 585w, http:\/\/vertienteglobal.com\/wp-content\/uploads\/2023\/05\/FB_IMG_1685245109482-300x200.jpg 300w, http:\/\/vertienteglobal.com\/wp-content\/uploads\/2023\/05\/FB_IMG_1685245109482-150x100.jpg 150w\" sizes=\"auto, (max-width: 585px) 100vw, 585px\" \/><\/figure>\n","protected":false},"excerpt":{"rendered":"<p>(Redacci\u00f3n) La secretaria de Gobierno se reuni\u00f3 con productores de miel quienes coincidieron en trabajar para integrar el plan que contemplen la instalaci\u00f3n de infraestructura para criaderos de abejas reinas mejoradas en comunidades rurales Chetumal, Quintana Roo, 26 de mayo 2023.- En el marco del Nuevo Acuerdo por el Bienestar y Desarrollo que encabeza la [&hellip;]<\/p>\n","protected":false},"author":1,"featured_media":222729,"comment_status":"open","ping_status":"open","sticky":false,"template":"","format":"standard","meta":{"footnotes":""},"categories":[3],"tags":[],"class_list":["post-222727","post","type-post","status-publish","format-standard","has-post-thumbnail","hentry","category-quintana-roo","entry","has-media"],"jetpack_featured_media_url":"http:\/\/vertienteglobal.com\/wp-content\/uploads\/2023\/05\/FB_IMG_1685245109482.jpg","_links":{"self":[{"href":"http:\/\/vertienteglobal.com\/index.php?rest_route=\/wp\/v2\/posts\/222727","targetHints":{"allow":["GET"]}}],"collection":[{"href":"http:\/\/vertienteglobal.com\/index.php?rest_route=\/wp\/v2\/posts"}],"about":[{"href":"http:\/\/vertienteglobal.com\/index.php?rest_route=\/wp\/v2\/types\/post"}],"author":[{"embeddable":true,"href":"http:\/\/vertienteglobal.com\/index.php?rest_route=\/wp\/v2\/users\/1"}],"replies":[{"embeddable":true,"href":"http:\/\/vertienteglobal.com\/index.php?rest_route=%2Fwp%2Fv2%2Fcomments&post=222727"}],"version-history":[{"count":0,"href":"http:\/\/vertienteglobal.com\/index.php?rest_route=\/wp\/v2\/posts\/222727\/revisions"}],"wp:featuredmedia":[{"embeddable":true,"href":"http:\/\/vertienteglobal.com\/index.php?rest_route=\/wp\/v2\/media\/222729"}],"wp:attachment":[{"href":"http:\/\/vertienteglobal.com\/index.php?rest_route=%2Fwp%2Fv2%2Fmedia&parent=222727"}],"wp:term":[{"taxonomy":"category","embeddable":true,"href":"http:\/\/vertienteglobal.com\/index.php?rest_route=%2Fwp%2Fv2%2Fcategories&post=222727"},{"taxonomy":"post_tag","embeddable":true,"href":"http:\/\/vertienteglobal.com\/index.php?rest_route=%2Fwp%2Fv2%2Ftags&post=222727"}],"curies":[{"name":"wp","href":"https:\/\/api.w.org\/{rel}","templated":true}]}}