{"id":222537,"date":"2023-05-22T16:40:00","date_gmt":"2023-05-22T21:40:00","guid":{"rendered":"http:\/\/vertienteglobal.com\/?p=222537"},"modified":"2023-05-23T08:44:00","modified_gmt":"2023-05-23T13:44:00","slug":"el-dif-quintana-roo-continua-creando-alianzas-con-asociaciones-civiles-y-autonomas-para-el-bienestar-social","status":"publish","type":"post","link":"http:\/\/vertienteglobal.com\/?p=222537","title":{"rendered":"El DIF Quintana Roo contin\u00faa creando alianzas con asociaciones civiles y aut\u00f3nomas para el bienestar social"},"content":{"rendered":"\n<div class=\"twitterbutton\" style=\"float: right; padding-left: 5px;\"><a href=\"http:\/\/twitter.com\/share\" class=\"twitter-share-button\" data-count=\"horizontal\" data-text=\"El DIF Quintana Roo contin\u00faa creando alianzas con asociaciones civiles y aut\u00f3n...\" data-via=\"https:\/\/twitter.com\/VertienteGloba1\" data-url=\"http:\/\/vertienteglobal.com\/?p=222537\" data-lang=\"es\" data-related=\"Informaci\u00f3n general:S\u00edguenos para que est\u00e9ss informado\"><\/a><\/div>\n<figure class=\"wp-block-image size-large\"><img loading=\"lazy\" decoding=\"async\" width=\"1024\" height=\"768\" src=\"http:\/\/vertienteglobal.com\/wp-content\/uploads\/2023\/05\/DIF-Alianzas-01-1024x768.jpeg\" alt=\"\" class=\"wp-image-222538\" srcset=\"http:\/\/vertienteglobal.com\/wp-content\/uploads\/2023\/05\/DIF-Alianzas-01-1024x768.jpeg 1024w, http:\/\/vertienteglobal.com\/wp-content\/uploads\/2023\/05\/DIF-Alianzas-01-300x225.jpeg 300w, http:\/\/vertienteglobal.com\/wp-content\/uploads\/2023\/05\/DIF-Alianzas-01-150x113.jpeg 150w, http:\/\/vertienteglobal.com\/wp-content\/uploads\/2023\/05\/DIF-Alianzas-01-768x576.jpeg 768w, http:\/\/vertienteglobal.com\/wp-content\/uploads\/2023\/05\/DIF-Alianzas-01-1536x1152.jpeg 1536w, http:\/\/vertienteglobal.com\/wp-content\/uploads\/2023\/05\/DIF-Alianzas-01.jpeg 1600w\" sizes=\"auto, (max-width: 1024px) 100vw, 1024px\" \/><\/figure>\n\n\n\n<p>(Redacci\u00f3n)<\/p>\n\n\n\n<p>Recibi\u00f3 un donativo de mil 300 metros cuadrados de material p\u00e9treo para relleno del parque del CIPI Villas Otoch Para\u00edso en Canc\u00fan<\/p>\n\n\n\n<p>Canc\u00fan, Quintana Roo,  22 de mayo 2023.- Como resultado de las gestiones de la presidenta del Sistema DIF Quintana Roo, Ver\u00f3nica Lezama Espinosa, se recibi\u00f3 la donaci\u00f3n de arena, grava y cementante, para el relleno de los Centros Integrales de Primera Infancia (CIPI) de Villas Otoch Para\u00edso por parte de los representantes de la Confederaci\u00f3n Aut\u00f3noma de Trabajadores y Empleados de M\u00e9xico (CATEM) y la empresa MACAR.<\/p>\n\n\n\n<p>Estas acciones se suman a lo establecido en el Nuevo Acuerdo por el Bienestar y Desarrollo de Quintana Roo, que impulsa la gobernadora Mara Lezama Espinosa de trabajar en unidad para avanzar, as\u00ed como brindar espacios dignos y seguros para la ni\u00f1ez quintanarroense y fortalecer el tejido social.<\/p>\n\n\n\n<p>La titular de la oficina de representaci\u00f3n en Zona Centro, Alondra Name destac\u00f3 que una de las prioridades de esta administraci\u00f3n es garantizar la seguridad y atenci\u00f3n de la ni\u00f1ez, por lo que de manera oportuna se logr\u00f3 la donaci\u00f3n de material para relleno de los parques infantiles de los CIPI, siendo \u00e9sta la primera de otras donaciones que se realizar\u00e1n por todos los centros de Quintana Roo.<\/p>\n\n\n\n<p>En esta primera fase, se destinaron mil 300 metros cuadrados de material para las instalaciones del \u00e1rea de juegos del CIPI \u201cChuun K\u00f3opo\u201d (Tronco del \u00e1rbol) ubicado en Villas Otoch.<\/p>\n\n\n\n<p>Cabe mencionar que esta gesti\u00f3n se atendi\u00f3 de manera inmediata gracias a la suma de voluntades con las asociaciones civiles y empresarios que de manera altruista se suman por el bienestar de los grupos prioritarios de la entidad de la mano del Sistema DIF Quintana Roo.<\/p>\n\n\n\n<figure class=\"wp-block-image size-full\"><img loading=\"lazy\" decoding=\"async\" width=\"585\" height=\"780\" src=\"http:\/\/vertienteglobal.com\/wp-content\/uploads\/2023\/05\/DIF-Alianzas-05-585x780-1.jpeg\" alt=\"\" class=\"wp-image-222539\" srcset=\"http:\/\/vertienteglobal.com\/wp-content\/uploads\/2023\/05\/DIF-Alianzas-05-585x780-1.jpeg 585w, http:\/\/vertienteglobal.com\/wp-content\/uploads\/2023\/05\/DIF-Alianzas-05-585x780-1-225x300.jpeg 225w, http:\/\/vertienteglobal.com\/wp-content\/uploads\/2023\/05\/DIF-Alianzas-05-585x780-1-113x150.jpeg 113w\" sizes=\"auto, (max-width: 585px) 100vw, 585px\" \/><\/figure>\n\n\n\n<figure class=\"wp-block-image size-full\"><img loading=\"lazy\" decoding=\"async\" width=\"585\" height=\"439\" src=\"http:\/\/vertienteglobal.com\/wp-content\/uploads\/2023\/05\/DIF-Alianzas-04-585x439-1.jpeg\" alt=\"\" class=\"wp-image-222540\" srcset=\"http:\/\/vertienteglobal.com\/wp-content\/uploads\/2023\/05\/DIF-Alianzas-04-585x439-1.jpeg 585w, http:\/\/vertienteglobal.com\/wp-content\/uploads\/2023\/05\/DIF-Alianzas-04-585x439-1-300x225.jpeg 300w, http:\/\/vertienteglobal.com\/wp-content\/uploads\/2023\/05\/DIF-Alianzas-04-585x439-1-150x113.jpeg 150w\" sizes=\"auto, (max-width: 585px) 100vw, 585px\" \/><\/figure>\n","protected":false},"excerpt":{"rendered":"<p>(Redacci\u00f3n) Recibi\u00f3 un donativo de mil 300 metros cuadrados de material p\u00e9treo para relleno del parque del CIPI Villas Otoch Para\u00edso en Canc\u00fan Canc\u00fan, Quintana Roo, 22 de mayo 2023.- Como resultado de las gestiones de la presidenta del Sistema DIF Quintana Roo, Ver\u00f3nica Lezama Espinosa, se recibi\u00f3 la donaci\u00f3n de arena, grava y cementante, [&hellip;]<\/p>\n","protected":false},"author":1,"featured_media":222538,"comment_status":"open","ping_status":"open","sticky":false,"template":"","format":"standard","meta":{"footnotes":""},"categories":[3],"tags":[],"class_list":["post-222537","post","type-post","status-publish","format-standard","has-post-thumbnail","hentry","category-quintana-roo","entry","has-media"],"jetpack_featured_media_url":"http:\/\/vertienteglobal.com\/wp-content\/uploads\/2023\/05\/DIF-Alianzas-01.jpeg","_links":{"self":[{"href":"http:\/\/vertienteglobal.com\/index.php?rest_route=\/wp\/v2\/posts\/222537","targetHints":{"allow":["GET"]}}],"collection":[{"href":"http:\/\/vertienteglobal.com\/index.php?rest_route=\/wp\/v2\/posts"}],"about":[{"href":"http:\/\/vertienteglobal.com\/index.php?rest_route=\/wp\/v2\/types\/post"}],"author":[{"embeddable":true,"href":"http:\/\/vertienteglobal.com\/index.php?rest_route=\/wp\/v2\/users\/1"}],"replies":[{"embeddable":true,"href":"http:\/\/vertienteglobal.com\/index.php?rest_route=%2Fwp%2Fv2%2Fcomments&post=222537"}],"version-history":[{"count":0,"href":"http:\/\/vertienteglobal.com\/index.php?rest_route=\/wp\/v2\/posts\/222537\/revisions"}],"wp:featuredmedia":[{"embeddable":true,"href":"http:\/\/vertienteglobal.com\/index.php?rest_route=\/wp\/v2\/media\/222538"}],"wp:attachment":[{"href":"http:\/\/vertienteglobal.com\/index.php?rest_route=%2Fwp%2Fv2%2Fmedia&parent=222537"}],"wp:term":[{"taxonomy":"category","embeddable":true,"href":"http:\/\/vertienteglobal.com\/index.php?rest_route=%2Fwp%2Fv2%2Fcategories&post=222537"},{"taxonomy":"post_tag","embeddable":true,"href":"http:\/\/vertienteglobal.com\/index.php?rest_route=%2Fwp%2Fv2%2Ftags&post=222537"}],"curies":[{"name":"wp","href":"https:\/\/api.w.org\/{rel}","templated":true}]}}