{"id":222493,"date":"2023-05-21T14:24:00","date_gmt":"2023-05-21T19:24:00","guid":{"rendered":"http:\/\/vertienteglobal.com\/?p=222493"},"modified":"2023-05-21T14:38:58","modified_gmt":"2023-05-21T19:38:58","slug":"semaforo-de-alerta-volcanica-del-popocatepetl-pasa-a-amarillo-fase-3","status":"publish","type":"post","link":"http:\/\/vertienteglobal.com\/?p=222493","title":{"rendered":"Sem\u00e1foro de alerta volc\u00e1nica del Popocat\u00e9petl pasa a amarillo fase 3"},"content":{"rendered":"\n<div class=\"twitterbutton\" style=\"float: right; padding-left: 5px;\"><a href=\"http:\/\/twitter.com\/share\" class=\"twitter-share-button\" data-count=\"horizontal\" data-text=\"Sem\u00e1foro de alerta volc\u00e1nica del Popocat\u00e9petl pasa a amarillo fase 3\" data-via=\"https:\/\/twitter.com\/VertienteGloba1\" data-url=\"http:\/\/vertienteglobal.com\/?p=222493\" data-lang=\"es\" data-related=\"Informaci\u00f3n general:S\u00edguenos para que est\u00e9ss informado\"><\/a><\/div>\n<figure class=\"wp-block-image size-full\"><img loading=\"lazy\" decoding=\"async\" width=\"1024\" height=\"683\" src=\"http:\/\/vertienteglobal.com\/wp-content\/uploads\/2023\/05\/206352.jpg\" alt=\"\" class=\"wp-image-222494\" srcset=\"http:\/\/vertienteglobal.com\/wp-content\/uploads\/2023\/05\/206352.jpg 1024w, http:\/\/vertienteglobal.com\/wp-content\/uploads\/2023\/05\/206352-300x200.jpg 300w, http:\/\/vertienteglobal.com\/wp-content\/uploads\/2023\/05\/206352-150x100.jpg 150w, http:\/\/vertienteglobal.com\/wp-content\/uploads\/2023\/05\/206352-768x512.jpg 768w\" sizes=\"auto, (max-width: 1024px) 100vw, 1024px\" \/><\/figure>\n\n\n\n<p>(Redacci\u00f3n)<\/p>\n\n\n\n<p>Protecci\u00f3n Civil, en su comunicado, ha hecho un llamado a la poblaci\u00f3n para que est\u00e9 atenta a la informaci\u00f3n oficial y siga las recomendaciones de seguridad. Adem\u00e1s, se insta a tener a la mano documentos importantes, ubicar puntos de reuni\u00f3n y refugios temporales como medidas preventivas<\/p>\n\n\n\n<p>Ciudad de M\u00e9xico 21 de mayo 2023.-En respuesta a la intensa actividad registrada recientemente en el volc\u00e1n Popocat\u00e9petl, las autoridades han decidido actualizar el nivel de alerta volc\u00e1nica a Amarillo Fase 3, seg\u00fan inform\u00f3 Protecci\u00f3n Civil. El cambio de fase se realiz\u00f3 tras una exhaustiva revisi\u00f3n llevada a cabo por el Comit\u00e9 Cient\u00edfico Asesor del volc\u00e1n.<\/p>\n\n\n\n<p>Y es que Protecci\u00f3n Civil, en su comunicado, ha hecho un llamado a la poblaci\u00f3n para que est\u00e9 atenta a la informaci\u00f3n oficial y siga las recomendaciones de seguridad. Adem\u00e1s, se insta a tener a la mano documentos importantes, ubicar puntos de reuni\u00f3n y refugios temporales como medidas preventivas.<\/p>\n\n\n\n<p>Con el fin de monitorear de manera continua la actividad del volc\u00e1n Popocat\u00e9petl, se ha establecido el Centro de Monitoreo Popocat\u00e9petl en la XXV Zona Militar, ubicada en el estado mexicano de Puebla. Este centro operar\u00e1 las 24 horas del d\u00eda, permitiendo una vigilancia constante y una respuesta m\u00e1s eficiente ante cualquier eventualidad.(Fuente:LD\/Xeva)<\/p>\n","protected":false},"excerpt":{"rendered":"<p>(Redacci\u00f3n) Protecci\u00f3n Civil, en su comunicado, ha hecho un llamado a la poblaci\u00f3n para que est\u00e9 atenta a la informaci\u00f3n oficial y siga las recomendaciones de seguridad. Adem\u00e1s, se insta a tener a la mano documentos importantes, ubicar puntos de reuni\u00f3n y refugios temporales como medidas preventivas Ciudad de M\u00e9xico 21 de mayo 2023.-En respuesta [&hellip;]<\/p>\n","protected":false},"author":1,"featured_media":222494,"comment_status":"open","ping_status":"open","sticky":false,"template":"","format":"standard","meta":{"footnotes":""},"categories":[8],"tags":[],"class_list":["post-222493","post","type-post","status-publish","format-standard","has-post-thumbnail","hentry","category-pais","entry","has-media"],"jetpack_featured_media_url":"http:\/\/vertienteglobal.com\/wp-content\/uploads\/2023\/05\/206352.jpg","_links":{"self":[{"href":"http:\/\/vertienteglobal.com\/index.php?rest_route=\/wp\/v2\/posts\/222493","targetHints":{"allow":["GET"]}}],"collection":[{"href":"http:\/\/vertienteglobal.com\/index.php?rest_route=\/wp\/v2\/posts"}],"about":[{"href":"http:\/\/vertienteglobal.com\/index.php?rest_route=\/wp\/v2\/types\/post"}],"author":[{"embeddable":true,"href":"http:\/\/vertienteglobal.com\/index.php?rest_route=\/wp\/v2\/users\/1"}],"replies":[{"embeddable":true,"href":"http:\/\/vertienteglobal.com\/index.php?rest_route=%2Fwp%2Fv2%2Fcomments&post=222493"}],"version-history":[{"count":0,"href":"http:\/\/vertienteglobal.com\/index.php?rest_route=\/wp\/v2\/posts\/222493\/revisions"}],"wp:featuredmedia":[{"embeddable":true,"href":"http:\/\/vertienteglobal.com\/index.php?rest_route=\/wp\/v2\/media\/222494"}],"wp:attachment":[{"href":"http:\/\/vertienteglobal.com\/index.php?rest_route=%2Fwp%2Fv2%2Fmedia&parent=222493"}],"wp:term":[{"taxonomy":"category","embeddable":true,"href":"http:\/\/vertienteglobal.com\/index.php?rest_route=%2Fwp%2Fv2%2Fcategories&post=222493"},{"taxonomy":"post_tag","embeddable":true,"href":"http:\/\/vertienteglobal.com\/index.php?rest_route=%2Fwp%2Fv2%2Ftags&post=222493"}],"curies":[{"name":"wp","href":"https:\/\/api.w.org\/{rel}","templated":true}]}}