{"id":221998,"date":"2023-05-15T11:51:00","date_gmt":"2023-05-15T16:51:00","guid":{"rendered":"http:\/\/vertienteglobal.com\/?p=221998"},"modified":"2023-05-17T11:16:35","modified_gmt":"2023-05-17T16:16:35","slug":"reciben-productores-ganaderos-de-lazaro-cardenas-apoyo-de-pollinaza","status":"publish","type":"post","link":"http:\/\/vertienteglobal.com\/?p=221998","title":{"rendered":"Reciben productores ganaderos de L\u00e1zaro C\u00e1rdenas apoyo de pollinaza"},"content":{"rendered":"\n<div class=\"twitterbutton\" style=\"float: right; padding-left: 5px;\"><a href=\"http:\/\/twitter.com\/share\" class=\"twitter-share-button\" data-count=\"horizontal\" data-text=\"Reciben productores ganaderos de L\u00e1zaro C\u00e1rdenas apoyo de pollinaza\" data-via=\"https:\/\/twitter.com\/VertienteGloba1\" data-url=\"http:\/\/vertienteglobal.com\/?p=221998\" data-lang=\"es\" data-related=\"Informaci\u00f3n general:S\u00edguenos para que est\u00e9ss informado\"><\/a><\/div>\n<figure class=\"wp-block-image size-full\"><img loading=\"lazy\" decoding=\"async\" width=\"720\" height=\"480\" src=\"http:\/\/vertienteglobal.com\/wp-content\/uploads\/2023\/05\/FB_IMG_1684339837479.jpg\" alt=\"\" class=\"wp-image-221999\" srcset=\"http:\/\/vertienteglobal.com\/wp-content\/uploads\/2023\/05\/FB_IMG_1684339837479.jpg 720w, http:\/\/vertienteglobal.com\/wp-content\/uploads\/2023\/05\/FB_IMG_1684339837479-300x200.jpg 300w, http:\/\/vertienteglobal.com\/wp-content\/uploads\/2023\/05\/FB_IMG_1684339837479-150x100.jpg 150w\" sizes=\"auto, (max-width: 720px) 100vw, 720px\" \/><\/figure>\n\n\n\n<p>(Redacci\u00f3n)<\/p>\n\n\n\n<p>Lazaro C\u00e1rdenas, Quintana Roo 15 de mayo 2023.- Se beneficiaron a 26 productores ganaderos del municipio de L\u00e1zaro C\u00e1rdenas con la entrega de 2 toneladas de pollinaza por parte del Presidente Municipal M.D. Orlando Emir Bellos Tun, con el apoyo del Gobierno del Estado que encabeza la Gobernadora Mara Lezama.<\/p>\n\n\n\n<p>Se extern\u00f3 que la entrega de este apoyo representa una ayuda para los ganaderos, ya que en tiempo de sequ\u00eda la pollinaza se utiliza como suplemento alimenticio de los bovinos por su valor prote\u00ednico que garantiza la sobrevivencia de los animales con las altas temperaturas.<\/p>\n\n\n\n<p>En presencia de la Presidenta de la Asociaci\u00f3n Ganadera Romalda Ruiz Herrera, el Presidente Municipal acompa\u00f1ado de otras autoridades municipales hicieron la entrega formal de este recurso que consta de 2 toneladas de pollinaza a los ganaderos.<\/p>\n\n\n\n<p>Romalda Ruiz extendi\u00f3 su agradecimiento al Gobierno del Estado, al Presidente de la Uni\u00f3n Ganadera y al Edil por el respaldo y hacer posible la entrega de estos apoyos a favor de los ganaderos.<\/p>\n\n\n\n<p>Emir Bellos mencion\u00f3 que se est\u00e1 trabajando de la mano con la Gobernadora Mara Lezama para que lo apoyos sigan llegando a L\u00e1zaro C\u00e1rdenas y m\u00e1s habitantes se vean beneficiados en cada uno de los sectores.<\/p>\n\n\n\n<figure class=\"wp-block-image size-full\"><img loading=\"lazy\" decoding=\"async\" width=\"720\" height=\"480\" src=\"http:\/\/vertienteglobal.com\/wp-content\/uploads\/2023\/05\/FB_IMG_1684339841507.jpg\" alt=\"\" class=\"wp-image-222000\" srcset=\"http:\/\/vertienteglobal.com\/wp-content\/uploads\/2023\/05\/FB_IMG_1684339841507.jpg 720w, http:\/\/vertienteglobal.com\/wp-content\/uploads\/2023\/05\/FB_IMG_1684339841507-300x200.jpg 300w, http:\/\/vertienteglobal.com\/wp-content\/uploads\/2023\/05\/FB_IMG_1684339841507-150x100.jpg 150w\" sizes=\"auto, (max-width: 720px) 100vw, 720px\" \/><\/figure>\n\n\n\n<figure class=\"wp-block-image size-full\"><img loading=\"lazy\" decoding=\"async\" width=\"720\" height=\"480\" src=\"http:\/\/vertienteglobal.com\/wp-content\/uploads\/2023\/05\/FB_IMG_1684339845570.jpg\" alt=\"\" class=\"wp-image-222001\" srcset=\"http:\/\/vertienteglobal.com\/wp-content\/uploads\/2023\/05\/FB_IMG_1684339845570.jpg 720w, http:\/\/vertienteglobal.com\/wp-content\/uploads\/2023\/05\/FB_IMG_1684339845570-300x200.jpg 300w, http:\/\/vertienteglobal.com\/wp-content\/uploads\/2023\/05\/FB_IMG_1684339845570-150x100.jpg 150w\" sizes=\"auto, (max-width: 720px) 100vw, 720px\" \/><\/figure>\n","protected":false},"excerpt":{"rendered":"<p>(Redacci\u00f3n) Lazaro C\u00e1rdenas, Quintana Roo 15 de mayo 2023.- Se beneficiaron a 26 productores ganaderos del municipio de L\u00e1zaro C\u00e1rdenas con la entrega de 2 toneladas de pollinaza por parte del Presidente Municipal M.D. Orlando Emir Bellos Tun, con el apoyo del Gobierno del Estado que encabeza la Gobernadora Mara Lezama. Se extern\u00f3 que la [&hellip;]<\/p>\n","protected":false},"author":1,"featured_media":221999,"comment_status":"open","ping_status":"open","sticky":false,"template":"","format":"standard","meta":{"footnotes":""},"categories":[3],"tags":[],"class_list":["post-221998","post","type-post","status-publish","format-standard","has-post-thumbnail","hentry","category-quintana-roo","entry","has-media"],"jetpack_featured_media_url":"http:\/\/vertienteglobal.com\/wp-content\/uploads\/2023\/05\/FB_IMG_1684339837479.jpg","_links":{"self":[{"href":"http:\/\/vertienteglobal.com\/index.php?rest_route=\/wp\/v2\/posts\/221998","targetHints":{"allow":["GET"]}}],"collection":[{"href":"http:\/\/vertienteglobal.com\/index.php?rest_route=\/wp\/v2\/posts"}],"about":[{"href":"http:\/\/vertienteglobal.com\/index.php?rest_route=\/wp\/v2\/types\/post"}],"author":[{"embeddable":true,"href":"http:\/\/vertienteglobal.com\/index.php?rest_route=\/wp\/v2\/users\/1"}],"replies":[{"embeddable":true,"href":"http:\/\/vertienteglobal.com\/index.php?rest_route=%2Fwp%2Fv2%2Fcomments&post=221998"}],"version-history":[{"count":0,"href":"http:\/\/vertienteglobal.com\/index.php?rest_route=\/wp\/v2\/posts\/221998\/revisions"}],"wp:featuredmedia":[{"embeddable":true,"href":"http:\/\/vertienteglobal.com\/index.php?rest_route=\/wp\/v2\/media\/221999"}],"wp:attachment":[{"href":"http:\/\/vertienteglobal.com\/index.php?rest_route=%2Fwp%2Fv2%2Fmedia&parent=221998"}],"wp:term":[{"taxonomy":"category","embeddable":true,"href":"http:\/\/vertienteglobal.com\/index.php?rest_route=%2Fwp%2Fv2%2Fcategories&post=221998"},{"taxonomy":"post_tag","embeddable":true,"href":"http:\/\/vertienteglobal.com\/index.php?rest_route=%2Fwp%2Fv2%2Ftags&post=221998"}],"curies":[{"name":"wp","href":"https:\/\/api.w.org\/{rel}","templated":true}]}}