{"id":221766,"date":"2023-05-10T13:51:00","date_gmt":"2023-05-10T18:51:00","guid":{"rendered":"http:\/\/vertienteglobal.com\/?p=221766"},"modified":"2023-05-13T19:36:56","modified_gmt":"2023-05-14T00:36:56","slug":"respalda-anahi-gonzalez-propuesta-de-amlo-para-reformar-poder-judicial-que-el-pueblo-elija-a-quienes-integran-la-vorte-expone","status":"publish","type":"post","link":"http:\/\/vertienteglobal.com\/?p=221766","title":{"rendered":"Respalda Anahi Gonz\u00e1lez propuesta de AMLO para reformar Poder Judicial; &#8216;Que el pueblo  elija&#8217;"},"content":{"rendered":"\n<div class=\"twitterbutton\" style=\"float: right; padding-left: 5px;\"><a href=\"http:\/\/twitter.com\/share\" class=\"twitter-share-button\" data-count=\"horizontal\" data-text=\"Respalda Anahi Gonz\u00e1lez propuesta de AMLO para reformar Poder Judicial; &#8216;...\" data-via=\"https:\/\/twitter.com\/VertienteGloba1\" data-url=\"http:\/\/vertienteglobal.com\/?p=221766\" data-lang=\"es\" data-related=\"Informaci\u00f3n general:S\u00edguenos para que est\u00e9ss informado\"><\/a><\/div>\n<figure class=\"wp-block-image size-full\"><img loading=\"lazy\" decoding=\"async\" width=\"720\" height=\"480\" src=\"http:\/\/vertienteglobal.com\/wp-content\/uploads\/2023\/05\/FB_IMG_1683944944720.jpg\" alt=\"\" class=\"wp-image-221767\" srcset=\"http:\/\/vertienteglobal.com\/wp-content\/uploads\/2023\/05\/FB_IMG_1683944944720.jpg 720w, http:\/\/vertienteglobal.com\/wp-content\/uploads\/2023\/05\/FB_IMG_1683944944720-300x200.jpg 300w, http:\/\/vertienteglobal.com\/wp-content\/uploads\/2023\/05\/FB_IMG_1683944944720-150x100.jpg 150w\" sizes=\"auto, (max-width: 720px) 100vw, 720px\" \/><\/figure>\n\n\n\n<p>(Redacci\u00f3n)<\/p>\n\n\n\n<p>La legisladora cancunense consider\u00f3 que el Poder Judicial no cuenta con legitimaci\u00f3n popular<\/p>\n\n\n\n<p>\u201cActuar de forma facciosa es dejar que se pudra el Estado mexicano y no lo podemos permitir\u201d, sentencia<\/p>\n\n\n\n<p>Canc\u00fan, Quintana Roo, 10 de mayo 2023.- Al considerar que el Poder Judicial no cuenta con legitimaci\u00f3n popular, la diputada federal de Morena por Quintana Roo, Anah\u00ed Gonz\u00e1lez, respald\u00f3 la propuesta del presidente, Andr\u00e9s Manuel L\u00f3pez Obrador, de enviar una iniciativa de reforma Constitucional para que el pueblo elija a los ministros de la Suprema Corte de Justicia de la Naci\u00f3n (SCJN).<\/p>\n\n\n\n<p>Durante la \u201cma\u00f1anera\u201d de este martes, el Ejecutivo federal anunci\u00f3 que antes de concluir su mandato plantear\u00e1 ante el Congreso de la Uni\u00f3n que los integrantes de la SCJN sean seleccionados por la ciudadan\u00eda como lo estipulaba la Constituci\u00f3n liberal de 1857.<\/p>\n\n\n\n<p>En ese tenor, Anah\u00ed Gonz\u00e1lez calific\u00f3 como un atropello al Poder Legislativo la invalidaci\u00f3n de la Suprema Corte a la primera parte del Plan \u201cB\u201d electoral, cuya actuaci\u00f3n facciosa promueve que se pudra el Estado mexicano.<\/p>\n\n\n\n<p>\u201cCelebro y respaldo la propuesta del presidente Andr\u00e9s Manuel L\u00f3pez Obrador sobre el anuncio para ministras y ministros de la Suprema Corte sean electos por la ciudadan\u00eda como en otros tiempos; en estos tiempos de transformaci\u00f3n actuar de manera facciosa es dejar que se pudra el Estado mexicano y no lo podemos permitir\u201d, expres\u00f3.<\/p>\n\n\n\n<p>Y sentenci\u00f3 \u201cque el pueblo elija a quienes integran la Corte y m\u00e1s aun quienes atropellan nuestro Poder Legislativo con sus sentencias torcidas y conforman un Poder sin legitimaci\u00f3n popular. Est\u00e1n violando el equilibrio que debe existir\u201d.<\/p>\n\n\n\n<p>La morenista fundadora explic\u00f3 que la divisi\u00f3n de Poderes proh\u00edbe a la SCJN establecer requisitos adicionales al tr\u00e1mite del Legislativo.<\/p>\n\n\n\n<p>\u201cLa Constituci\u00f3n reserva esa facultad al Congreso de la Uni\u00f3n. Los ministros debieron respetar la voluntad manifestada en el voto que cada legislador o legisladora concedi\u00f3 al Plan \u2018B\u2019 de la reforma electoral\u201d, se\u00f1al\u00f3.<\/p>\n","protected":false},"excerpt":{"rendered":"<p>(Redacci\u00f3n) La legisladora cancunense consider\u00f3 que el Poder Judicial no cuenta con legitimaci\u00f3n popular \u201cActuar de forma facciosa es dejar que se pudra el Estado mexicano y no lo podemos permitir\u201d, sentencia Canc\u00fan, Quintana Roo, 10 de mayo 2023.- Al considerar que el Poder Judicial no cuenta con legitimaci\u00f3n popular, la diputada federal de Morena [&hellip;]<\/p>\n","protected":false},"author":6,"featured_media":221767,"comment_status":"open","ping_status":"open","sticky":false,"template":"","format":"standard","meta":{"footnotes":""},"categories":[3],"tags":[],"class_list":["post-221766","post","type-post","status-publish","format-standard","has-post-thumbnail","hentry","category-quintana-roo","entry","has-media"],"jetpack_featured_media_url":"http:\/\/vertienteglobal.com\/wp-content\/uploads\/2023\/05\/FB_IMG_1683944944720.jpg","_links":{"self":[{"href":"http:\/\/vertienteglobal.com\/index.php?rest_route=\/wp\/v2\/posts\/221766","targetHints":{"allow":["GET"]}}],"collection":[{"href":"http:\/\/vertienteglobal.com\/index.php?rest_route=\/wp\/v2\/posts"}],"about":[{"href":"http:\/\/vertienteglobal.com\/index.php?rest_route=\/wp\/v2\/types\/post"}],"author":[{"embeddable":true,"href":"http:\/\/vertienteglobal.com\/index.php?rest_route=\/wp\/v2\/users\/6"}],"replies":[{"embeddable":true,"href":"http:\/\/vertienteglobal.com\/index.php?rest_route=%2Fwp%2Fv2%2Fcomments&post=221766"}],"version-history":[{"count":0,"href":"http:\/\/vertienteglobal.com\/index.php?rest_route=\/wp\/v2\/posts\/221766\/revisions"}],"wp:featuredmedia":[{"embeddable":true,"href":"http:\/\/vertienteglobal.com\/index.php?rest_route=\/wp\/v2\/media\/221767"}],"wp:attachment":[{"href":"http:\/\/vertienteglobal.com\/index.php?rest_route=%2Fwp%2Fv2%2Fmedia&parent=221766"}],"wp:term":[{"taxonomy":"category","embeddable":true,"href":"http:\/\/vertienteglobal.com\/index.php?rest_route=%2Fwp%2Fv2%2Fcategories&post=221766"},{"taxonomy":"post_tag","embeddable":true,"href":"http:\/\/vertienteglobal.com\/index.php?rest_route=%2Fwp%2Fv2%2Ftags&post=221766"}],"curies":[{"name":"wp","href":"https:\/\/api.w.org\/{rel}","templated":true}]}}