{"id":221609,"date":"2023-05-06T16:41:00","date_gmt":"2023-05-06T21:41:00","guid":{"rendered":"http:\/\/vertienteglobal.com\/?p=221609"},"modified":"2023-05-07T07:43:55","modified_gmt":"2023-05-07T12:43:55","slug":"suma-fge-quintana-roo-a-la-canadevi-al-programa-para-prevenir-y-sancionar-la-posesion-y-comercio-de-droga","status":"publish","type":"post","link":"http:\/\/vertienteglobal.com\/?p=221609","title":{"rendered":"Suma FGE Quintana Roo a la Canadevi al Programa para Prevenir y Sancionar la Posesi\u00f3n y Comercio de Droga"},"content":{"rendered":"\n<div class=\"twitterbutton\" style=\"float: right; padding-left: 5px;\"><a href=\"http:\/\/twitter.com\/share\" class=\"twitter-share-button\" data-count=\"horizontal\" data-text=\"Suma FGE Quintana Roo a la Canadevi al Programa para Prevenir y Sancionar la Pos...\" data-via=\"https:\/\/twitter.com\/VertienteGloba1\" data-url=\"http:\/\/vertienteglobal.com\/?p=221609\" data-lang=\"es\" data-related=\"Informaci\u00f3n general:S\u00edguenos para que est\u00e9ss informado\"><\/a><\/div>\n<figure class=\"wp-block-image size-full\"><img loading=\"lazy\" decoding=\"async\" width=\"720\" height=\"416\" src=\"http:\/\/vertienteglobal.com\/wp-content\/uploads\/2023\/05\/FB_IMG_1683463081065.jpg\" alt=\"\" class=\"wp-image-221610\" srcset=\"http:\/\/vertienteglobal.com\/wp-content\/uploads\/2023\/05\/FB_IMG_1683463081065.jpg 720w, http:\/\/vertienteglobal.com\/wp-content\/uploads\/2023\/05\/FB_IMG_1683463081065-300x173.jpg 300w, http:\/\/vertienteglobal.com\/wp-content\/uploads\/2023\/05\/FB_IMG_1683463081065-150x87.jpg 150w\" sizes=\"auto, (max-width: 720px) 100vw, 720px\" \/><\/figure>\n\n\n\n<p>(Redacci\u00f3n)<\/p>\n\n\n\n<p>Resalta el Fiscal General, \u00d3scar Montes de Oca, la firma de convenio con el presidente de este organismo, Leonardo Garrido Hurtado<\/p>\n\n\n\n<p>\u00abEstamos seguros que este programa dar\u00e1 buenos resultados como ya se han observado en otros organismos empresariales, donde los \u00edndices de extorsi\u00f3n disminuyeron hasta en un 90 por ciento\u201d, destaca \u00d3scar Montes de Oca<\/p>\n\n\n\n<p>Agradece el Presidente de la Canadevi, Leonardo Garrido Hurtado, la apertura del Fiscal General para concretar este convenio, el cual brindar\u00e1 mayor seguridad a los socios y trabajadores del ramo<\/p>\n\n\n\n<p>Canc\u00fan, Quintana Roo, a 06 de mayo de 2023.-Como parte de las estrategias para inhibir los delitos de alto impacto en la entidad, el titular de la Fiscal\u00eda General del Estado, que dirige \u00d3scar Montes de Oca, firm\u00f3 un convenio de colaboraci\u00f3n con la C\u00e1mara Nacional de la Industria de Desarrollo y Promoci\u00f3n de Vivienda (Canadevi), encabezada por Leonardo Garrido Hurtado.<\/p>\n\n\n\n<p>Durante la firma de este importante convenio, donde estuvo presente el Rector de la Universidad La Salle Canc\u00fan, Efra\u00edn Calder\u00f3n Amaya, el Fiscal General resalt\u00f3 la importancia de trabajar de manera coordinada con este sector, a fin de disminuir los \u00edndices delictivos que afectan a esta industria.<\/p>\n\n\n\n<p>\u201cGracias por su confianza, estamos seguros que nuestro Programa para Prevenir y Sancionar la Posesi\u00f3n y Comercio de Droga, dar\u00e1n buenos resultados como ya se han observado en otros organismos empresariales de Quintana Roo, donde los \u00edndices de extorsi\u00f3n disminuyeron hasta en un 90 por ciento\u201d, destac\u00f3 \u00d3scar Montes de Oca.<\/p>\n\n\n\n<p>Cabe destacar que en el programa de prevenci\u00f3n participan agentes encubiertos y se realiza la colocaci\u00f3n de placas con leyendas de aviso que las \u00e1reas comunes son revisadas permanentemente por la autoridades locales y federales para prevenir y sancionar la posesi\u00f3n y comercio de droga.<\/p>\n\n\n\n<p>A la fecha, desde su creaci\u00f3n en junio de 2022, las autoridades de la Fiscal\u00eda General del Estado han entregado un total de 228 placas a 114 establecimientos: Canc\u00fan, 84; Playa del Carmen, 46; Tulum, 38, y Cozumel, 60.<\/p>\n\n\n\n<p>Por su parte, el Presidente de la C\u00e1mara Nacional de la Industria de Desarrollo y Promoci\u00f3n de Vivienda (Canadevi), Leonardo Garrido Hurtado, agradeci\u00f3 la apertura del Fiscal General para concretar este convenio, el cual brindar\u00e1 mayor seguridad a los socios y trabajadores del ramo.<\/p>\n\n\n\n<p>Con estas acciones, la Fiscal\u00eda General del Estado se suma al Nuevo Acuerdo por el Bienestar y Desarrollo de Quintana Roo y cumple con su obligaci\u00f3n constitucional de investigar, perseguir y detener a quienes vulneran la ley.<\/p>\n\n\n\n<figure class=\"wp-block-image size-full\"><img loading=\"lazy\" decoding=\"async\" width=\"720\" height=\"569\" src=\"http:\/\/vertienteglobal.com\/wp-content\/uploads\/2023\/05\/FB_IMG_1683463089928.jpg\" alt=\"\" class=\"wp-image-221611\" srcset=\"http:\/\/vertienteglobal.com\/wp-content\/uploads\/2023\/05\/FB_IMG_1683463089928.jpg 720w, http:\/\/vertienteglobal.com\/wp-content\/uploads\/2023\/05\/FB_IMG_1683463089928-300x237.jpg 300w, http:\/\/vertienteglobal.com\/wp-content\/uploads\/2023\/05\/FB_IMG_1683463089928-150x119.jpg 150w\" sizes=\"auto, (max-width: 720px) 100vw, 720px\" \/><\/figure>\n\n\n\n<figure class=\"wp-block-image size-full\"><img loading=\"lazy\" decoding=\"async\" width=\"720\" height=\"556\" src=\"http:\/\/vertienteglobal.com\/wp-content\/uploads\/2023\/05\/FB_IMG_1683463085911.jpg\" alt=\"\" class=\"wp-image-221612\" srcset=\"http:\/\/vertienteglobal.com\/wp-content\/uploads\/2023\/05\/FB_IMG_1683463085911.jpg 720w, http:\/\/vertienteglobal.com\/wp-content\/uploads\/2023\/05\/FB_IMG_1683463085911-300x232.jpg 300w, http:\/\/vertienteglobal.com\/wp-content\/uploads\/2023\/05\/FB_IMG_1683463085911-150x116.jpg 150w\" sizes=\"auto, (max-width: 720px) 100vw, 720px\" \/><\/figure>\n","protected":false},"excerpt":{"rendered":"<p>(Redacci\u00f3n) Resalta el Fiscal General, \u00d3scar Montes de Oca, la firma de convenio con el presidente de este organismo, Leonardo Garrido Hurtado \u00abEstamos seguros que este programa dar\u00e1 buenos resultados como ya se han observado en otros organismos empresariales, donde los \u00edndices de extorsi\u00f3n disminuyeron hasta en un 90 por ciento\u201d, destaca \u00d3scar Montes de [&hellip;]<\/p>\n","protected":false},"author":1,"featured_media":221612,"comment_status":"open","ping_status":"open","sticky":false,"template":"","format":"standard","meta":{"footnotes":""},"categories":[3],"tags":[],"class_list":["post-221609","post","type-post","status-publish","format-standard","has-post-thumbnail","hentry","category-quintana-roo","entry","has-media"],"jetpack_featured_media_url":"http:\/\/vertienteglobal.com\/wp-content\/uploads\/2023\/05\/FB_IMG_1683463085911.jpg","_links":{"self":[{"href":"http:\/\/vertienteglobal.com\/index.php?rest_route=\/wp\/v2\/posts\/221609","targetHints":{"allow":["GET"]}}],"collection":[{"href":"http:\/\/vertienteglobal.com\/index.php?rest_route=\/wp\/v2\/posts"}],"about":[{"href":"http:\/\/vertienteglobal.com\/index.php?rest_route=\/wp\/v2\/types\/post"}],"author":[{"embeddable":true,"href":"http:\/\/vertienteglobal.com\/index.php?rest_route=\/wp\/v2\/users\/1"}],"replies":[{"embeddable":true,"href":"http:\/\/vertienteglobal.com\/index.php?rest_route=%2Fwp%2Fv2%2Fcomments&post=221609"}],"version-history":[{"count":0,"href":"http:\/\/vertienteglobal.com\/index.php?rest_route=\/wp\/v2\/posts\/221609\/revisions"}],"wp:featuredmedia":[{"embeddable":true,"href":"http:\/\/vertienteglobal.com\/index.php?rest_route=\/wp\/v2\/media\/221612"}],"wp:attachment":[{"href":"http:\/\/vertienteglobal.com\/index.php?rest_route=%2Fwp%2Fv2%2Fmedia&parent=221609"}],"wp:term":[{"taxonomy":"category","embeddable":true,"href":"http:\/\/vertienteglobal.com\/index.php?rest_route=%2Fwp%2Fv2%2Fcategories&post=221609"},{"taxonomy":"post_tag","embeddable":true,"href":"http:\/\/vertienteglobal.com\/index.php?rest_route=%2Fwp%2Fv2%2Ftags&post=221609"}],"curies":[{"name":"wp","href":"https:\/\/api.w.org\/{rel}","templated":true}]}}