{"id":221502,"date":"2023-05-04T11:36:17","date_gmt":"2023-05-04T16:36:17","guid":{"rendered":"http:\/\/vertienteglobal.com\/?p=221502"},"modified":"2023-05-04T11:36:17","modified_gmt":"2023-05-04T16:36:17","slug":"alejandro-fernandez-ofrecera-espectacular-concierto-en-mayakoba-riviera-maya-este-verano","status":"publish","type":"post","link":"http:\/\/vertienteglobal.com\/?p=221502","title":{"rendered":"Alejandro Fern\u00e1ndez ofrecer\u00e1 espectacular concierto en Mayakoba, Riviera Maya este verano"},"content":{"rendered":"\n<div class=\"twitterbutton\" style=\"float: right; padding-left: 5px;\"><a href=\"http:\/\/twitter.com\/share\" class=\"twitter-share-button\" data-count=\"horizontal\" data-text=\"Alejandro Fern\u00e1ndez ofrecer\u00e1 espectacular concierto en Mayakoba, Riviera Maya ...\" data-via=\"https:\/\/twitter.com\/VertienteGloba1\" data-url=\"http:\/\/vertienteglobal.com\/?p=221502\" data-lang=\"es\" data-related=\"Informaci\u00f3n general:S\u00edguenos para que est\u00e9ss informado\"><\/a><\/div>\n<figure class=\"wp-block-image size-large\"><img loading=\"lazy\" decoding=\"async\" width=\"1024\" height=\"768\" src=\"http:\/\/vertienteglobal.com\/wp-content\/uploads\/2023\/05\/IMG-20230504-WA0094-1024x768.jpg\" alt=\"\" class=\"wp-image-221503\" srcset=\"http:\/\/vertienteglobal.com\/wp-content\/uploads\/2023\/05\/IMG-20230504-WA0094-1024x768.jpg 1024w, http:\/\/vertienteglobal.com\/wp-content\/uploads\/2023\/05\/IMG-20230504-WA0094-300x225.jpg 300w, http:\/\/vertienteglobal.com\/wp-content\/uploads\/2023\/05\/IMG-20230504-WA0094-150x113.jpg 150w, http:\/\/vertienteglobal.com\/wp-content\/uploads\/2023\/05\/IMG-20230504-WA0094-768x576.jpg 768w, http:\/\/vertienteglobal.com\/wp-content\/uploads\/2023\/05\/IMG-20230504-WA0094-1536x1152.jpg 1536w, http:\/\/vertienteglobal.com\/wp-content\/uploads\/2023\/05\/IMG-20230504-WA0094.jpg 1600w\" sizes=\"auto, (max-width: 1024px) 100vw, 1024px\" \/><\/figure>\n\n\n\n<p>(Redacci\u00f3n)<\/p>\n\n\n\n<p>El afamado cantautor mexicano interpretar\u00e1 el 19 de agosto pr\u00f3ximo sus m\u00e1s grandes \u00e9xitos musicales en un hermoso escenario natural que reunir\u00e1 a unos 5 mil espectadores<\/p>\n\n\n\n<p>Riviera Maya, Quintana Roo (4 de mayo, 2023).- Alejandro Fern\u00e1ndez, uno de los m\u00e1s grandes exponentes de la m\u00fasica mexicana en la actualidad, se presentar\u00e1 el pr\u00f3ximo 19 de agosto en Mayakoba -un destino extraordinario ubicado en la Riviera Maya que alberga cuatro hoteles galardonados, residencias de lujo y el campo de golf El Camale\u00f3n- en el marco de su espectacular gira internacional \u201cHecho en M\u00e9xico\u201d.<\/p>\n\n\n\n<p>En conferencia de prensa, Mayakoba y PARS Productions, anunciaron que El Potrillo, ganador en tres ocasiones de los Latin Grammy y seis premios Billboard, deleitar\u00e1 con lo mejor de su repertorio musical a los m\u00e1s de 5 mil fans que se dar\u00e1n cita en este hermoso recinto natural frente al Mar Caribe.<\/p>\n\n\n\n<p>Con unos 40 millones de discos vendidos en todo el mundo, el hijo del legendario cantante de m\u00fasica ranchera Vicente Fern\u00e1ndez, presentar\u00e1 algunos de sus m\u00e1s grandes \u00e9xitos, entre los que destacan \u201cSi tu supieras\u201d, \u201cMe dediqu\u00e9 a perderte\u201d, \u201cHoy tengo ganas de ti\u201d, \u201cSe me va la voz\u201d, \u201cAbr\u00e1zame\u201d y \u201cLoco\u201d.<\/p>\n\n\n\n<p>El cantautor originario de Guadalajara, quien ha interpretado a d\u00fao con artistas c\u00f3mo Beyonc\u00e9, Christina Aguilera, Rod Stewart, Gloria Estefan, Marc Anthony y el tenor Pl\u00e1cido Domingo, tambi\u00e9n incluir\u00e1 entre su repertorio su m\u00e1s reciente sencillo, \u201cInexperto en olvidarte\u201d, que reci\u00e9n estren\u00f3 en enero pasado, una balada de toques rancheros y acorde\u00f3n, bajo el sello musical de Universal Music Latino\/UMLE, y est\u00e1 disponible en todas la plataformas digitales y emisoras de radio de Latinoam\u00e9rica y con la que ha alcanzado su 22\u00b0 puesto dentro del Top 10, en el Latin Airplay de Billboard.<\/p>\n\n\n\n<p>El cantante mexicano, quien se presentar\u00e1 en la majestuosa Plaza de Toros M\u00e9xico el 20 de mayo pr\u00f3ximo, est\u00e1 listo para sorprender gratamente a sus fans del Caribe Mexicano en un concierto \u00edntimo de primer nivel en el marco de su gira internacional que inici\u00f3 en febrero pasado en Vi\u00f1a del Mar, Chile y que incluye pa\u00edses como Argentina, Colombia, Per\u00fa, Argentina, Ecuador, Colombia y Venezuela, as\u00ed como diferentes escenarios en los Estados Unidos.<\/p>\n\n\n\n<p>El concierto de Alejandro Fern\u00e1ndez en Mayakoba ser\u00e1 un evento lleno de romanticismo y con mucho sabor a M\u00e9xico que tendr\u00e1 una duraci\u00f3n aproximada de dos horas. Las puertas se abrir\u00e1n a partir de las 5 de la tarde para que los espectadores puedan disfrutar de un d\u00eda m\u00e1gico con degustaciones gastron\u00f3micas y otros eventos programados en el marco del concierto que iniciar\u00e1 a las 9 de la noche.<\/p>\n\n\n\n<p>Para su comodidad, los asistentes al concierto podr\u00e1n estacionar sus veh\u00edculos en un \u00e1rea delimitada en Ciudad Mayakoba y contar\u00e1n con servicio gratuito de transportaci\u00f3n al lugar del concierto. Los precios de los boletos van desde los 1,990 pesos hasta los 8,490 pesos, y se pueden adquirir a trav\u00e9s de funticket.mx. Por su parte, los hoteles del destino: Andaz Mayakoba, Banyan Tree Mayakoba, Fairmont Mayakoba y Rosewood Mayakoba, pondr\u00e1n a disposici\u00f3n de sus hu\u00e9spedes y clientes paquetes de hospedaje que incluir\u00e1n accesos exclusivos en las mejores categor\u00edas del evento.<\/p>\n\n\n\n<p>Finalmente, Mayakoba en conjunto con PARS Productions anunciaron su inter\u00e9s de convertir a la Riviera Maya en un destino sede de eventos musicales de talla internacional con la celebraci\u00f3n de otros dos conciertos m\u00e1s con artistas de renombre mundial. PARS Productions cuenta con m\u00e1s de 10 a\u00f1os de trayectoria en la organizaci\u00f3n de grandes eventos, incluyendo el concierto de Daddy Yankee, de octubre pasado, en el que asistieron m\u00e1s de 24 mil espectadores.<\/p>\n\n\n\n<figure class=\"wp-block-image size-large\"><img loading=\"lazy\" decoding=\"async\" width=\"1024\" height=\"576\" src=\"http:\/\/vertienteglobal.com\/wp-content\/uploads\/2023\/05\/IMG-20230504-WA0101-1024x576.jpg\" alt=\"\" class=\"wp-image-221504\" srcset=\"http:\/\/vertienteglobal.com\/wp-content\/uploads\/2023\/05\/IMG-20230504-WA0101-1024x576.jpg 1024w, http:\/\/vertienteglobal.com\/wp-content\/uploads\/2023\/05\/IMG-20230504-WA0101-300x169.jpg 300w, http:\/\/vertienteglobal.com\/wp-content\/uploads\/2023\/05\/IMG-20230504-WA0101-150x84.jpg 150w, http:\/\/vertienteglobal.com\/wp-content\/uploads\/2023\/05\/IMG-20230504-WA0101-768x432.jpg 768w, http:\/\/vertienteglobal.com\/wp-content\/uploads\/2023\/05\/IMG-20230504-WA0101-1536x864.jpg 1536w, http:\/\/vertienteglobal.com\/wp-content\/uploads\/2023\/05\/IMG-20230504-WA0101.jpg 1600w\" sizes=\"auto, (max-width: 1024px) 100vw, 1024px\" \/><\/figure>\n\n\n\n<figure class=\"wp-block-image size-large\"><img loading=\"lazy\" decoding=\"async\" width=\"768\" height=\"1024\" src=\"http:\/\/vertienteglobal.com\/wp-content\/uploads\/2023\/05\/IMG-20230504-WA0097-768x1024.jpg\" alt=\"\" class=\"wp-image-221506\" srcset=\"http:\/\/vertienteglobal.com\/wp-content\/uploads\/2023\/05\/IMG-20230504-WA0097-768x1024.jpg 768w, http:\/\/vertienteglobal.com\/wp-content\/uploads\/2023\/05\/IMG-20230504-WA0097-225x300.jpg 225w, http:\/\/vertienteglobal.com\/wp-content\/uploads\/2023\/05\/IMG-20230504-WA0097-113x150.jpg 113w, http:\/\/vertienteglobal.com\/wp-content\/uploads\/2023\/05\/IMG-20230504-WA0097-1152x1536.jpg 1152w, http:\/\/vertienteglobal.com\/wp-content\/uploads\/2023\/05\/IMG-20230504-WA0097.jpg 1200w\" sizes=\"auto, (max-width: 768px) 100vw, 768px\" \/><\/figure>\n\n\n\n<figure class=\"wp-block-image size-large\"><img loading=\"lazy\" decoding=\"async\" width=\"1024\" height=\"768\" src=\"http:\/\/vertienteglobal.com\/wp-content\/uploads\/2023\/05\/IMG-20230504-WA0099-1024x768.jpg\" alt=\"\" class=\"wp-image-221507\" srcset=\"http:\/\/vertienteglobal.com\/wp-content\/uploads\/2023\/05\/IMG-20230504-WA0099-1024x768.jpg 1024w, http:\/\/vertienteglobal.com\/wp-content\/uploads\/2023\/05\/IMG-20230504-WA0099-300x225.jpg 300w, http:\/\/vertienteglobal.com\/wp-content\/uploads\/2023\/05\/IMG-20230504-WA0099-150x113.jpg 150w, http:\/\/vertienteglobal.com\/wp-content\/uploads\/2023\/05\/IMG-20230504-WA0099-768x576.jpg 768w, http:\/\/vertienteglobal.com\/wp-content\/uploads\/2023\/05\/IMG-20230504-WA0099-1536x1152.jpg 1536w, http:\/\/vertienteglobal.com\/wp-content\/uploads\/2023\/05\/IMG-20230504-WA0099.jpg 1600w\" sizes=\"auto, (max-width: 1024px) 100vw, 1024px\" \/><\/figure>\n\n\n\n<figure class=\"wp-block-image size-large\"><img loading=\"lazy\" decoding=\"async\" width=\"1024\" height=\"768\" src=\"http:\/\/vertienteglobal.com\/wp-content\/uploads\/2023\/05\/IMG-20230504-WA0095-1024x768.jpg\" alt=\"\" class=\"wp-image-221508\" srcset=\"http:\/\/vertienteglobal.com\/wp-content\/uploads\/2023\/05\/IMG-20230504-WA0095-1024x768.jpg 1024w, http:\/\/vertienteglobal.com\/wp-content\/uploads\/2023\/05\/IMG-20230504-WA0095-300x225.jpg 300w, http:\/\/vertienteglobal.com\/wp-content\/uploads\/2023\/05\/IMG-20230504-WA0095-150x113.jpg 150w, http:\/\/vertienteglobal.com\/wp-content\/uploads\/2023\/05\/IMG-20230504-WA0095-768x576.jpg 768w, http:\/\/vertienteglobal.com\/wp-content\/uploads\/2023\/05\/IMG-20230504-WA0095-1536x1152.jpg 1536w, http:\/\/vertienteglobal.com\/wp-content\/uploads\/2023\/05\/IMG-20230504-WA0095.jpg 1600w\" sizes=\"auto, (max-width: 1024px) 100vw, 1024px\" \/><\/figure>\n","protected":false},"excerpt":{"rendered":"<p>(Redacci\u00f3n) El afamado cantautor mexicano interpretar\u00e1 el 19 de agosto pr\u00f3ximo sus m\u00e1s grandes \u00e9xitos musicales en un hermoso escenario natural que reunir\u00e1 a unos 5 mil espectadores Riviera Maya, Quintana Roo (4 de mayo, 2023).- Alejandro Fern\u00e1ndez, uno de los m\u00e1s grandes exponentes de la m\u00fasica mexicana en la actualidad, se presentar\u00e1 el pr\u00f3ximo [&hellip;]<\/p>\n","protected":false},"author":1,"featured_media":221504,"comment_status":"open","ping_status":"open","sticky":false,"template":"","format":"standard","meta":{"footnotes":""},"categories":[10,3],"tags":[],"class_list":["post-221502","post","type-post","status-publish","format-standard","has-post-thumbnail","hentry","category-espectaculos","category-quintana-roo","entry","has-media"],"jetpack_featured_media_url":"http:\/\/vertienteglobal.com\/wp-content\/uploads\/2023\/05\/IMG-20230504-WA0101.jpg","_links":{"self":[{"href":"http:\/\/vertienteglobal.com\/index.php?rest_route=\/wp\/v2\/posts\/221502","targetHints":{"allow":["GET"]}}],"collection":[{"href":"http:\/\/vertienteglobal.com\/index.php?rest_route=\/wp\/v2\/posts"}],"about":[{"href":"http:\/\/vertienteglobal.com\/index.php?rest_route=\/wp\/v2\/types\/post"}],"author":[{"embeddable":true,"href":"http:\/\/vertienteglobal.com\/index.php?rest_route=\/wp\/v2\/users\/1"}],"replies":[{"embeddable":true,"href":"http:\/\/vertienteglobal.com\/index.php?rest_route=%2Fwp%2Fv2%2Fcomments&post=221502"}],"version-history":[{"count":0,"href":"http:\/\/vertienteglobal.com\/index.php?rest_route=\/wp\/v2\/posts\/221502\/revisions"}],"wp:featuredmedia":[{"embeddable":true,"href":"http:\/\/vertienteglobal.com\/index.php?rest_route=\/wp\/v2\/media\/221504"}],"wp:attachment":[{"href":"http:\/\/vertienteglobal.com\/index.php?rest_route=%2Fwp%2Fv2%2Fmedia&parent=221502"}],"wp:term":[{"taxonomy":"category","embeddable":true,"href":"http:\/\/vertienteglobal.com\/index.php?rest_route=%2Fwp%2Fv2%2Fcategories&post=221502"},{"taxonomy":"post_tag","embeddable":true,"href":"http:\/\/vertienteglobal.com\/index.php?rest_route=%2Fwp%2Fv2%2Ftags&post=221502"}],"curies":[{"name":"wp","href":"https:\/\/api.w.org\/{rel}","templated":true}]}}