{"id":221445,"date":"2023-05-03T10:51:00","date_gmt":"2023-05-03T15:51:00","guid":{"rendered":"http:\/\/vertienteglobal.com\/?p=221445"},"modified":"2023-05-03T21:33:02","modified_gmt":"2023-05-04T02:33:02","slug":"amlo-envia-carta-a-joe-biden-ante-financiamiento-de-estados-unidos-a-organizaciones","status":"publish","type":"post","link":"http:\/\/vertienteglobal.com\/?p=221445","title":{"rendered":"AMLO env\u00eda carta a Joe Biden ante financiamiento de Estados Unidos a organizaciones"},"content":{"rendered":"\n<div class=\"twitterbutton\" style=\"float: right; padding-left: 5px;\"><a href=\"http:\/\/twitter.com\/share\" class=\"twitter-share-button\" data-count=\"horizontal\" data-text=\"AMLO env\u00eda carta a Joe Biden ante financiamiento de Estados Unidos a organizaci...\" data-via=\"https:\/\/twitter.com\/VertienteGloba1\" data-url=\"http:\/\/vertienteglobal.com\/?p=221445\" data-lang=\"es\" data-related=\"Informaci\u00f3n general:S\u00edguenos para que est\u00e9ss informado\"><\/a><\/div>\n<figure class=\"wp-block-image size-full\"><img loading=\"lazy\" decoding=\"async\" width=\"1024\" height=\"683\" src=\"http:\/\/vertienteglobal.com\/wp-content\/uploads\/2023\/05\/205020.jpg\" alt=\"\" class=\"wp-image-221446\" srcset=\"http:\/\/vertienteglobal.com\/wp-content\/uploads\/2023\/05\/205020.jpg 1024w, http:\/\/vertienteglobal.com\/wp-content\/uploads\/2023\/05\/205020-300x200.jpg 300w, http:\/\/vertienteglobal.com\/wp-content\/uploads\/2023\/05\/205020-150x100.jpg 150w, http:\/\/vertienteglobal.com\/wp-content\/uploads\/2023\/05\/205020-768x512.jpg 768w\" sizes=\"auto, (max-width: 1024px) 100vw, 1024px\" \/><\/figure>\n\n\n\n<p>(Redacci\u00f3n)<\/p>\n\n\n\n<p>L\u00f3pez Obrador afirm\u00f3 que el Departamento de Estado de los Estados Unidos ha anunciado recientemente que aumentar\u00e1 el presupuesto otorgado a las organizaciones opositoras al Gobierno mexicano<\/p>\n\n\n\n<p>Ciudad de M\u00e9xico 03 de mayo 2023.-El presidente de M\u00e9xico, Andr\u00e9s Manuel L\u00f3pez Obrador, envi\u00f3 una carta de extra\u00f1amiento a su hom\u00f3logo estadounidense, Joe Biden, por el financiamiento otorgado a organizaciones opositoras al Gobierno mexicano.<\/p>\n\n\n\n<p>L\u00f3pez Obrador, calific\u00f3 este financiamiento como \u00abmuy prepotente y muy ofensivo\u00bb, por lo que asegur\u00f3 que no pod\u00eda quedarse callado al respecto.<\/p>\n\n\n\n<p>Durante la \u00abma\u00f1anera\u00bb en Palacio Nacional, L\u00f3pez Obrador afirm\u00f3 que el Departamento de Estado de los Estados Unidos ha anunciado recientemente que aumentar\u00e1 el presupuesto otorgado a las organizaciones opositoras al Gobierno mexicano.<\/p>\n\n\n\n<p>Seg\u00fan el mandatario, esta informaci\u00f3n se encuentra publicada en la p\u00e1gina oficial del Departamento de Estado.<\/p>\n\n\n\n<p>\u00abDeseo expresarle de manera breve que desde hace tiempo el Gobierno de EE.UU., en particular, la Agencia de los Estados Unidos ara el desarrollo Internacional (USAID), se ha dedicado a financiar a organizaciones abiertamente opositoras al Gobierno legal y leg\u00edtimo que represento, las cuales a todas luces un acto intervencionista, contrario a derecho internacional y al respeto que debe prevalecer entre Estados libres y soberanos\u201d, se lee en el documento.(Fuente: Milenio\/Agencias)<\/p>\n","protected":false},"excerpt":{"rendered":"<p>(Redacci\u00f3n) L\u00f3pez Obrador afirm\u00f3 que el Departamento de Estado de los Estados Unidos ha anunciado recientemente que aumentar\u00e1 el presupuesto otorgado a las organizaciones opositoras al Gobierno mexicano Ciudad de M\u00e9xico 03 de mayo 2023.-El presidente de M\u00e9xico, Andr\u00e9s Manuel L\u00f3pez Obrador, envi\u00f3 una carta de extra\u00f1amiento a su hom\u00f3logo estadounidense, Joe Biden, por el [&hellip;]<\/p>\n","protected":false},"author":1,"featured_media":221446,"comment_status":"open","ping_status":"open","sticky":false,"template":"","format":"standard","meta":{"footnotes":""},"categories":[8],"tags":[],"class_list":["post-221445","post","type-post","status-publish","format-standard","has-post-thumbnail","hentry","category-pais","entry","has-media"],"jetpack_featured_media_url":"http:\/\/vertienteglobal.com\/wp-content\/uploads\/2023\/05\/205020.jpg","_links":{"self":[{"href":"http:\/\/vertienteglobal.com\/index.php?rest_route=\/wp\/v2\/posts\/221445","targetHints":{"allow":["GET"]}}],"collection":[{"href":"http:\/\/vertienteglobal.com\/index.php?rest_route=\/wp\/v2\/posts"}],"about":[{"href":"http:\/\/vertienteglobal.com\/index.php?rest_route=\/wp\/v2\/types\/post"}],"author":[{"embeddable":true,"href":"http:\/\/vertienteglobal.com\/index.php?rest_route=\/wp\/v2\/users\/1"}],"replies":[{"embeddable":true,"href":"http:\/\/vertienteglobal.com\/index.php?rest_route=%2Fwp%2Fv2%2Fcomments&post=221445"}],"version-history":[{"count":0,"href":"http:\/\/vertienteglobal.com\/index.php?rest_route=\/wp\/v2\/posts\/221445\/revisions"}],"wp:featuredmedia":[{"embeddable":true,"href":"http:\/\/vertienteglobal.com\/index.php?rest_route=\/wp\/v2\/media\/221446"}],"wp:attachment":[{"href":"http:\/\/vertienteglobal.com\/index.php?rest_route=%2Fwp%2Fv2%2Fmedia&parent=221445"}],"wp:term":[{"taxonomy":"category","embeddable":true,"href":"http:\/\/vertienteglobal.com\/index.php?rest_route=%2Fwp%2Fv2%2Fcategories&post=221445"},{"taxonomy":"post_tag","embeddable":true,"href":"http:\/\/vertienteglobal.com\/index.php?rest_route=%2Fwp%2Fv2%2Ftags&post=221445"}],"curies":[{"name":"wp","href":"https:\/\/api.w.org\/{rel}","templated":true}]}}