{"id":221418,"date":"2023-05-03T17:51:00","date_gmt":"2023-05-03T22:51:00","guid":{"rendered":"http:\/\/vertienteglobal.com\/?p=221418"},"modified":"2023-05-03T21:03:33","modified_gmt":"2023-05-04T02:03:33","slug":"iqm-impulsa-a-mujeres-lideres-en-la-transformacion-digital","status":"publish","type":"post","link":"http:\/\/vertienteglobal.com\/?p=221418","title":{"rendered":"IQM impulsa a mujeres l\u00edderes en la Transformaci\u00f3n Digital"},"content":{"rendered":"\n<div class=\"twitterbutton\" style=\"float: right; padding-left: 5px;\"><a href=\"http:\/\/twitter.com\/share\" class=\"twitter-share-button\" data-count=\"horizontal\" data-text=\"IQM impulsa a mujeres l\u00edderes en la Transformaci\u00f3n Digital\" data-via=\"https:\/\/twitter.com\/VertienteGloba1\" data-url=\"http:\/\/vertienteglobal.com\/?p=221418\" data-lang=\"es\" data-related=\"Informaci\u00f3n general:S\u00edguenos para que est\u00e9ss informado\"><\/a><\/div>\n<figure class=\"wp-block-image size-large\"><img loading=\"lazy\" decoding=\"async\" width=\"1024\" height=\"682\" src=\"http:\/\/vertienteglobal.com\/wp-content\/uploads\/2023\/05\/IQM-transformacion1-1024x682.jpeg\" alt=\"\" class=\"wp-image-221419\" srcset=\"http:\/\/vertienteglobal.com\/wp-content\/uploads\/2023\/05\/IQM-transformacion1-1024x682.jpeg 1024w, http:\/\/vertienteglobal.com\/wp-content\/uploads\/2023\/05\/IQM-transformacion1-300x200.jpeg 300w, http:\/\/vertienteglobal.com\/wp-content\/uploads\/2023\/05\/IQM-transformacion1-150x100.jpeg 150w, http:\/\/vertienteglobal.com\/wp-content\/uploads\/2023\/05\/IQM-transformacion1-768x512.jpeg 768w, http:\/\/vertienteglobal.com\/wp-content\/uploads\/2023\/05\/IQM-transformacion1.jpeg 1280w\" sizes=\"auto, (max-width: 1024px) 100vw, 1024px\" \/><\/figure>\n\n\n\n<p>(Redacci\u00f3n)<\/p>\n\n\n\n<p>Con cursos de capacitaci\u00f3n sobre habilidades digitales, educaci\u00f3n financiera, contabilidad b\u00e1sica, uso de plataformas de comercio electr\u00f3nico y autonom\u00eda econ\u00f3mica<\/p>\n\n\n\n<p>Chetumal, Quintana Roo, 03 de mayo 2023- Con el objetivo de capacitar de manera virtual a mujeres microempresarias y emprendedoras de Quintana Roo y el pa\u00eds, que les permita tener impulso en el mercado digital y lograr su autonom\u00eda econ\u00f3mica, el Instituto Quintanarroense de la Mujer (IQM) y diversas instancias federales iniciaron con la sexta edici\u00f3n del curso \u201cAutonom\u00eda de las Mujeres en la Transformaci\u00f3n Digital\u201d.<\/p>\n\n\n\n<p>En Quintana Roo, es prioridad cerrar las brechas de desigualdad para que las mujeres tengan autonom\u00eda econ\u00f3mica al capacitarse en la utilizaci\u00f3n de tecnolog\u00edas, como se establece en el Nuevo Acuerdo por el Bienestar y Desarrollo de Quintana Roo que impulsa la gobernadora Mara Lezama Espinosa.<\/p>\n\n\n\n<p>Esta serie de cursos pretende mejorar las condiciones laborales y las habilidades productivas, para impulsar la transformaci\u00f3n digital de microempresas dirigidas por mujeres, fomentando el uso eficiente de la innovaci\u00f3n e infraestructura del comercio digital, brind\u00e1ndoles capacitaci\u00f3n para que su rol de liderazgo dentro del ramo de la industria crezca d\u00eda con d\u00eda.<\/p>\n\n\n\n<p>Dicha estrategia se realizar\u00e1 de manera virtual y tendr\u00e1 una duraci\u00f3n estimada de 80 horas, teniendo como fecha de inicio el pasado martes y concluye el d\u00eda 23 de junio y se divide en cuatro m\u00f3dulos: Habilidades digitales; Refuerzo de administraci\u00f3n de Empresas; Educaci\u00f3n financiera y Comercio digital<\/p>\n\n\n\n<p>Cada tema del curso est\u00e1 relacionado con el escenario empresarial actual y perspectiva de g\u00e9nero, para que las participantes puedan identificar claramente los desaf\u00edos del mercado laboral y las oportunidades de crecimiento y desarrollo profesional que el mundo tecnol\u00f3gico posee.<\/p>\n\n\n\n<p>Estos cursos se imparten en coordinaci\u00f3n con el Instituto Nacional de las Mujeres (INMUJERES), la Secretar\u00eda de Hacienda y Cr\u00e9dito P\u00fablico (SHyCP) y la Comisi\u00f3n Nacional para la Protecci\u00f3n y Defensa de los Usuarios de Servicios Financieros (CONDUSEF), entre otras.<\/p>\n","protected":false},"excerpt":{"rendered":"<p>(Redacci\u00f3n) Con cursos de capacitaci\u00f3n sobre habilidades digitales, educaci\u00f3n financiera, contabilidad b\u00e1sica, uso de plataformas de comercio electr\u00f3nico y autonom\u00eda econ\u00f3mica Chetumal, Quintana Roo, 03 de mayo 2023- Con el objetivo de capacitar de manera virtual a mujeres microempresarias y emprendedoras de Quintana Roo y el pa\u00eds, que les permita tener impulso en el mercado [&hellip;]<\/p>\n","protected":false},"author":1,"featured_media":221419,"comment_status":"open","ping_status":"open","sticky":false,"template":"","format":"standard","meta":{"footnotes":""},"categories":[3],"tags":[],"class_list":["post-221418","post","type-post","status-publish","format-standard","has-post-thumbnail","hentry","category-quintana-roo","entry","has-media"],"jetpack_featured_media_url":"http:\/\/vertienteglobal.com\/wp-content\/uploads\/2023\/05\/IQM-transformacion1.jpeg","_links":{"self":[{"href":"http:\/\/vertienteglobal.com\/index.php?rest_route=\/wp\/v2\/posts\/221418","targetHints":{"allow":["GET"]}}],"collection":[{"href":"http:\/\/vertienteglobal.com\/index.php?rest_route=\/wp\/v2\/posts"}],"about":[{"href":"http:\/\/vertienteglobal.com\/index.php?rest_route=\/wp\/v2\/types\/post"}],"author":[{"embeddable":true,"href":"http:\/\/vertienteglobal.com\/index.php?rest_route=\/wp\/v2\/users\/1"}],"replies":[{"embeddable":true,"href":"http:\/\/vertienteglobal.com\/index.php?rest_route=%2Fwp%2Fv2%2Fcomments&post=221418"}],"version-history":[{"count":0,"href":"http:\/\/vertienteglobal.com\/index.php?rest_route=\/wp\/v2\/posts\/221418\/revisions"}],"wp:featuredmedia":[{"embeddable":true,"href":"http:\/\/vertienteglobal.com\/index.php?rest_route=\/wp\/v2\/media\/221419"}],"wp:attachment":[{"href":"http:\/\/vertienteglobal.com\/index.php?rest_route=%2Fwp%2Fv2%2Fmedia&parent=221418"}],"wp:term":[{"taxonomy":"category","embeddable":true,"href":"http:\/\/vertienteglobal.com\/index.php?rest_route=%2Fwp%2Fv2%2Fcategories&post=221418"},{"taxonomy":"post_tag","embeddable":true,"href":"http:\/\/vertienteglobal.com\/index.php?rest_route=%2Fwp%2Fv2%2Ftags&post=221418"}],"curies":[{"name":"wp","href":"https:\/\/api.w.org\/{rel}","templated":true}]}}