{"id":221278,"date":"2023-04-30T17:25:00","date_gmt":"2023-04-30T22:25:00","guid":{"rendered":"http:\/\/vertienteglobal.com\/?p=221278"},"modified":"2023-04-30T23:28:14","modified_gmt":"2023-05-01T04:28:14","slug":"la-fundacion-de-parques-y-museos-lleva-alegria-a-la-ninez-de-las-colonias-populares-en-cozumel","status":"publish","type":"post","link":"http:\/\/vertienteglobal.com\/?p=221278","title":{"rendered":"La Fundaci\u00f3n de Parques y Museos lleva alegr\u00eda a la ni\u00f1ez de las colonias populares en Cozumel"},"content":{"rendered":"\n<div class=\"twitterbutton\" style=\"float: right; padding-left: 5px;\"><a href=\"http:\/\/twitter.com\/share\" class=\"twitter-share-button\" data-count=\"horizontal\" data-text=\"La Fundaci\u00f3n de Parques y Museos lleva alegr\u00eda a la ni\u00f1ez de las colonias pop...\" data-via=\"https:\/\/twitter.com\/VertienteGloba1\" data-url=\"http:\/\/vertienteglobal.com\/?p=221278\" data-lang=\"es\" data-related=\"Informaci\u00f3n general:S\u00edguenos para que est\u00e9ss informado\"><\/a><\/div>\n<figure class=\"wp-block-image size-full\"><img loading=\"lazy\" decoding=\"async\" width=\"585\" height=\"390\" src=\"http:\/\/vertienteglobal.com\/wp-content\/uploads\/2023\/04\/FPMC-ninez3-585x390-1.jpeg\" alt=\"\" class=\"wp-image-221279\" srcset=\"http:\/\/vertienteglobal.com\/wp-content\/uploads\/2023\/04\/FPMC-ninez3-585x390-1.jpeg 585w, http:\/\/vertienteglobal.com\/wp-content\/uploads\/2023\/04\/FPMC-ninez3-585x390-1-300x200.jpeg 300w, http:\/\/vertienteglobal.com\/wp-content\/uploads\/2023\/04\/FPMC-ninez3-585x390-1-150x100.jpeg 150w\" sizes=\"auto, (max-width: 585px) 100vw, 585px\" \/><\/figure>\n\n\n\n<p>(Redacci\u00f3n)<\/p>\n\n\n\n<p>Con juegos, regalos y mucha diversi\u00f3n celebraron a las ni\u00f1as y los ni\u00f1os de la zona urbana<\/p>\n\n\n\n<p>Cozumel, Quintana Roo 30 de abril 2023- El festival de la ni\u00f1ez cozumele\u00f1a, organizado por la Fundaci\u00f3n de Parques y Museos de Cozumel (FPMC) en el parque \u201cMape\u201d, tuvo una gran convocatoria y fue todo un \u00e9xito con la asistencia de m\u00e1s de 300 ni\u00f1as y ni\u00f1os de las colonias de la zona urbana y se divirtieron en grande con un espect\u00e1culo infantil, din\u00e1micas, juegos y pastel.<\/p>\n\n\n\n<p>Con el Nuevo Acuerdo por el Bienestar y el Desarrollo de Quintana Roo, que encabeza la gobernadora Mara Lezama Espinosa, se busca garantizar los derechos de las ni\u00f1as y las ni\u00f1os y brindarles mejores condiciones de vida para su m\u00e1ximo desenvolvimiento, mencion\u00f3 el director general de la FPMC, Luis Chac\u00f3n M\u00e9ndez,<\/p>\n\n\n\n<p>Agreg\u00f3 que la ni\u00f1ez cozumele\u00f1a tiene derechos como el acceso a la educaci\u00f3n, a vivir en familia, entre otros.<\/p>\n\n\n\n<p>Este evento se hizo especialmente para llegar a las colonias m\u00e1s alejadas de la zona urbana de la Isla y se les ofreci\u00f3 transportaci\u00f3n para que facilitarles el arribo al parque, donde pasaron una divertida tarde los invitados especiales.<\/p>\n\n\n\n<p>Desde que llegaron las ni\u00f1as y ni\u00f1os recibieron un regalo, despu\u00e9s bailaron al ritmo de canciones infantiles, partieron pastel acompa\u00f1ados del director general de la FPMC, recibieron hotdogs y jugos, y disfrutaron del show infantil de botargas con los personajes de \u201cToy Story\u201d, \u201cMario Bros\u201d y la \u201cPrincesa Peach\u201d, que organizaron juegos y no dejaron de tomarse fotograf\u00edas con todas las personas que se acercaron.<\/p>\n\n\n\n<p>De esta manera la FPMC contribuye a las acciones que lleva a cabo el gobierno del estado para que las ni\u00f1as y ni\u00f1os de Quintana Roo tengan un mejor ma\u00f1ana, con una sociedad m\u00e1s igualitaria, donde se desarrollen plenamente.<\/p>\n\n\n\n<figure class=\"wp-block-image size-full\"><img loading=\"lazy\" decoding=\"async\" width=\"585\" height=\"390\" src=\"http:\/\/vertienteglobal.com\/wp-content\/uploads\/2023\/04\/FPMC-ninez4-585x390-1.jpeg\" alt=\"\" class=\"wp-image-221280\" srcset=\"http:\/\/vertienteglobal.com\/wp-content\/uploads\/2023\/04\/FPMC-ninez4-585x390-1.jpeg 585w, http:\/\/vertienteglobal.com\/wp-content\/uploads\/2023\/04\/FPMC-ninez4-585x390-1-300x200.jpeg 300w, http:\/\/vertienteglobal.com\/wp-content\/uploads\/2023\/04\/FPMC-ninez4-585x390-1-150x100.jpeg 150w\" sizes=\"auto, (max-width: 585px) 100vw, 585px\" \/><\/figure>\n\n\n\n<figure class=\"wp-block-image size-full\"><img loading=\"lazy\" decoding=\"async\" width=\"585\" height=\"390\" src=\"http:\/\/vertienteglobal.com\/wp-content\/uploads\/2023\/04\/FPMC-ninez5-585x390-1.jpeg\" alt=\"\" class=\"wp-image-221281\" srcset=\"http:\/\/vertienteglobal.com\/wp-content\/uploads\/2023\/04\/FPMC-ninez5-585x390-1.jpeg 585w, http:\/\/vertienteglobal.com\/wp-content\/uploads\/2023\/04\/FPMC-ninez5-585x390-1-300x200.jpeg 300w, http:\/\/vertienteglobal.com\/wp-content\/uploads\/2023\/04\/FPMC-ninez5-585x390-1-150x100.jpeg 150w\" sizes=\"auto, (max-width: 585px) 100vw, 585px\" \/><\/figure>\n","protected":false},"excerpt":{"rendered":"<p>(Redacci\u00f3n) Con juegos, regalos y mucha diversi\u00f3n celebraron a las ni\u00f1as y los ni\u00f1os de la zona urbana Cozumel, Quintana Roo 30 de abril 2023- El festival de la ni\u00f1ez cozumele\u00f1a, organizado por la Fundaci\u00f3n de Parques y Museos de Cozumel (FPMC) en el parque \u201cMape\u201d, tuvo una gran convocatoria y fue todo un \u00e9xito [&hellip;]<\/p>\n","protected":false},"author":1,"featured_media":221279,"comment_status":"open","ping_status":"open","sticky":false,"template":"","format":"standard","meta":{"footnotes":""},"categories":[3],"tags":[],"class_list":["post-221278","post","type-post","status-publish","format-standard","has-post-thumbnail","hentry","category-quintana-roo","entry","has-media"],"jetpack_featured_media_url":"http:\/\/vertienteglobal.com\/wp-content\/uploads\/2023\/04\/FPMC-ninez3-585x390-1.jpeg","_links":{"self":[{"href":"http:\/\/vertienteglobal.com\/index.php?rest_route=\/wp\/v2\/posts\/221278","targetHints":{"allow":["GET"]}}],"collection":[{"href":"http:\/\/vertienteglobal.com\/index.php?rest_route=\/wp\/v2\/posts"}],"about":[{"href":"http:\/\/vertienteglobal.com\/index.php?rest_route=\/wp\/v2\/types\/post"}],"author":[{"embeddable":true,"href":"http:\/\/vertienteglobal.com\/index.php?rest_route=\/wp\/v2\/users\/1"}],"replies":[{"embeddable":true,"href":"http:\/\/vertienteglobal.com\/index.php?rest_route=%2Fwp%2Fv2%2Fcomments&post=221278"}],"version-history":[{"count":0,"href":"http:\/\/vertienteglobal.com\/index.php?rest_route=\/wp\/v2\/posts\/221278\/revisions"}],"wp:featuredmedia":[{"embeddable":true,"href":"http:\/\/vertienteglobal.com\/index.php?rest_route=\/wp\/v2\/media\/221279"}],"wp:attachment":[{"href":"http:\/\/vertienteglobal.com\/index.php?rest_route=%2Fwp%2Fv2%2Fmedia&parent=221278"}],"wp:term":[{"taxonomy":"category","embeddable":true,"href":"http:\/\/vertienteglobal.com\/index.php?rest_route=%2Fwp%2Fv2%2Fcategories&post=221278"},{"taxonomy":"post_tag","embeddable":true,"href":"http:\/\/vertienteglobal.com\/index.php?rest_route=%2Fwp%2Fv2%2Ftags&post=221278"}],"curies":[{"name":"wp","href":"https:\/\/api.w.org\/{rel}","templated":true}]}}