{"id":221118,"date":"2023-04-27T01:19:00","date_gmt":"2023-04-27T06:19:00","guid":{"rendered":"http:\/\/vertienteglobal.com\/?p=221118"},"modified":"2023-04-27T11:19:50","modified_gmt":"2023-04-27T16:19:50","slug":"se-instala-el-decimo-parlamento-infantil-de-quintana-roo","status":"publish","type":"post","link":"http:\/\/vertienteglobal.com\/?p=221118","title":{"rendered":"Se instala el D\u00e9cimo Parlamento Infantil de Quintana Roo"},"content":{"rendered":"\n<div class=\"twitterbutton\" style=\"float: right; padding-left: 5px;\"><a href=\"http:\/\/twitter.com\/share\" class=\"twitter-share-button\" data-count=\"horizontal\" data-text=\"Se instala el D\u00e9cimo Parlamento Infantil de Quintana Roo\" data-via=\"https:\/\/twitter.com\/VertienteGloba1\" data-url=\"http:\/\/vertienteglobal.com\/?p=221118\" data-lang=\"es\" data-related=\"Informaci\u00f3n general:S\u00edguenos para que est\u00e9ss informado\"><\/a><\/div>\n<figure class=\"wp-block-image size-full is-resized\"><img loading=\"lazy\" decoding=\"async\" src=\"http:\/\/vertienteglobal.com\/wp-content\/uploads\/2023\/04\/FB_IMG_1682608943155.jpg\" alt=\"\" class=\"wp-image-221119\" width=\"375\" height=\"282\" srcset=\"http:\/\/vertienteglobal.com\/wp-content\/uploads\/2023\/04\/FB_IMG_1682608943155.jpg 720w, http:\/\/vertienteglobal.com\/wp-content\/uploads\/2023\/04\/FB_IMG_1682608943155-300x225.jpg 300w, http:\/\/vertienteglobal.com\/wp-content\/uploads\/2023\/04\/FB_IMG_1682608943155-150x113.jpg 150w\" sizes=\"auto, (max-width: 375px) 100vw, 375px\" \/><\/figure>\n\n\n\n<p>(Redacci\u00f3n)<\/p>\n\n\n\n<p>El presidente de la Junta de Gobierno y Coordinaci\u00f3n Pol\u00edtica (JUGOCOPO), el diputado Ren\u00e1n S\u00e1nchez Tajonar invit\u00f3 a la ciudadan\u00eda a escuchar a las ni\u00f1as y los ni\u00f1os, quienes compartir\u00e1n sus ideas y propuestas para mejorar su presente y futuro<\/p>\n\n\n\n<p>Chetumal, Quintana Roo, a 27 de abril de 2023.-Este jueves 27 de abril en punto de las 10 de la ma\u00f1ana, las 16 ni\u00f1as y 10 ni\u00f1os que conforman el D\u00e9cimo Parlamento Infantil de Quintana Roo 2023, har\u00e1n uso de la m\u00e1xima tribuna del estado para hacerse escuchar y presentar sus diferentes propuestas para transformar a Quintana Roo.<\/p>\n\n\n\n<p>Al respecto, el presidente de la Junta de Gobierno y Coordinaci\u00f3n Pol\u00edtica (JUGOCOPO), el diputado Ren\u00e1n S\u00e1nchez Tajonar invit\u00f3 a la ciudadan\u00eda a escuchar a las ni\u00f1as y los ni\u00f1os, quienes compartir\u00e1n sus ideas y propuestas para mejorar su presente y futuro.<\/p>\n\n\n\n<p>Las diputadas y diputados infantiles arribaron por la tarde del mi\u00e9rcoles a la sede del Congreso de Quintana Roo, para participar en la sesi\u00f3n constitutiva del D\u00e9cimo Parlamento Infantil, as\u00ed como en la sesi\u00f3n de instalaci\u00f3n donde eligieron a los integrantes de la mesa directiva para su sesi\u00f3n solemne de este jueves.<\/p>\n\n\n\n<p>Previamente, las ni\u00f1as y ni\u00f1os convivieron con las diputadas y diputados de la XVII Legislatura, al tiempo que realizaban una visita guiada para conocer los murales del Congreso, donde se narra la historia de Quintana Roo.<\/p>\n\n\n\n<p>Cabe mencionar que el Parlamento Infantil est\u00e1 integrado por 16 ni\u00f1as y 10 ni\u00f1os que representan a los quince distritos electorales y a los once municipios de la entidad. En la sesi\u00f3n solemne har\u00e1n uso de la tribuna para expresar su propuesta.<\/p>\n\n\n\n<p>Se hace una atenta invitaci\u00f3n a la ciudadan\u00eda a seguir la sesi\u00f3n del D\u00e9cimo Parlamento Infantil, evento que ha sido retomado por la XVII Legislatura tras este periodo de pandemia sanitaria.<\/p>\n\n\n\n<p>La sesi\u00f3n se transmitir\u00e1 en vivo a trav\u00e9s de las redes sociales oficiales del Congreso del Estado y en la p\u00e1gina web www.congresoqroo.gob.mx<\/p>\n\n\n\n<figure class=\"wp-block-image size-full\"><img loading=\"lazy\" decoding=\"async\" width=\"720\" height=\"481\" src=\"http:\/\/vertienteglobal.com\/wp-content\/uploads\/2023\/04\/FB_IMG_1682608946547.jpg\" alt=\"\" class=\"wp-image-221120\" srcset=\"http:\/\/vertienteglobal.com\/wp-content\/uploads\/2023\/04\/FB_IMG_1682608946547.jpg 720w, http:\/\/vertienteglobal.com\/wp-content\/uploads\/2023\/04\/FB_IMG_1682608946547-300x200.jpg 300w, http:\/\/vertienteglobal.com\/wp-content\/uploads\/2023\/04\/FB_IMG_1682608946547-150x100.jpg 150w\" sizes=\"auto, (max-width: 720px) 100vw, 720px\" \/><\/figure>\n\n\n\n<figure class=\"wp-block-image size-full\"><img loading=\"lazy\" decoding=\"async\" width=\"720\" height=\"405\" src=\"http:\/\/vertienteglobal.com\/wp-content\/uploads\/2023\/04\/FB_IMG_1682608950199.jpg\" alt=\"\" class=\"wp-image-221121\" srcset=\"http:\/\/vertienteglobal.com\/wp-content\/uploads\/2023\/04\/FB_IMG_1682608950199.jpg 720w, http:\/\/vertienteglobal.com\/wp-content\/uploads\/2023\/04\/FB_IMG_1682608950199-300x169.jpg 300w, http:\/\/vertienteglobal.com\/wp-content\/uploads\/2023\/04\/FB_IMG_1682608950199-150x84.jpg 150w\" sizes=\"auto, (max-width: 720px) 100vw, 720px\" \/><\/figure>\n\n\n\n<figure class=\"wp-block-image size-full\"><img loading=\"lazy\" decoding=\"async\" width=\"720\" height=\"480\" src=\"http:\/\/vertienteglobal.com\/wp-content\/uploads\/2023\/04\/FB_IMG_1682608953815.jpg\" alt=\"\" class=\"wp-image-221122\" srcset=\"http:\/\/vertienteglobal.com\/wp-content\/uploads\/2023\/04\/FB_IMG_1682608953815.jpg 720w, http:\/\/vertienteglobal.com\/wp-content\/uploads\/2023\/04\/FB_IMG_1682608953815-300x200.jpg 300w, http:\/\/vertienteglobal.com\/wp-content\/uploads\/2023\/04\/FB_IMG_1682608953815-150x100.jpg 150w\" sizes=\"auto, (max-width: 720px) 100vw, 720px\" \/><\/figure>\n","protected":false},"excerpt":{"rendered":"<p>(Redacci\u00f3n) El presidente de la Junta de Gobierno y Coordinaci\u00f3n Pol\u00edtica (JUGOCOPO), el diputado Ren\u00e1n S\u00e1nchez Tajonar invit\u00f3 a la ciudadan\u00eda a escuchar a las ni\u00f1as y los ni\u00f1os, quienes compartir\u00e1n sus ideas y propuestas para mejorar su presente y futuro Chetumal, Quintana Roo, a 27 de abril de 2023.-Este jueves 27 de abril en [&hellip;]<\/p>\n","protected":false},"author":1,"featured_media":221119,"comment_status":"open","ping_status":"open","sticky":false,"template":"","format":"standard","meta":{"footnotes":""},"categories":[3],"tags":[],"class_list":["post-221118","post","type-post","status-publish","format-standard","has-post-thumbnail","hentry","category-quintana-roo","entry","has-media"],"jetpack_featured_media_url":"http:\/\/vertienteglobal.com\/wp-content\/uploads\/2023\/04\/FB_IMG_1682608943155.jpg","_links":{"self":[{"href":"http:\/\/vertienteglobal.com\/index.php?rest_route=\/wp\/v2\/posts\/221118","targetHints":{"allow":["GET"]}}],"collection":[{"href":"http:\/\/vertienteglobal.com\/index.php?rest_route=\/wp\/v2\/posts"}],"about":[{"href":"http:\/\/vertienteglobal.com\/index.php?rest_route=\/wp\/v2\/types\/post"}],"author":[{"embeddable":true,"href":"http:\/\/vertienteglobal.com\/index.php?rest_route=\/wp\/v2\/users\/1"}],"replies":[{"embeddable":true,"href":"http:\/\/vertienteglobal.com\/index.php?rest_route=%2Fwp%2Fv2%2Fcomments&post=221118"}],"version-history":[{"count":0,"href":"http:\/\/vertienteglobal.com\/index.php?rest_route=\/wp\/v2\/posts\/221118\/revisions"}],"wp:featuredmedia":[{"embeddable":true,"href":"http:\/\/vertienteglobal.com\/index.php?rest_route=\/wp\/v2\/media\/221119"}],"wp:attachment":[{"href":"http:\/\/vertienteglobal.com\/index.php?rest_route=%2Fwp%2Fv2%2Fmedia&parent=221118"}],"wp:term":[{"taxonomy":"category","embeddable":true,"href":"http:\/\/vertienteglobal.com\/index.php?rest_route=%2Fwp%2Fv2%2Fcategories&post=221118"},{"taxonomy":"post_tag","embeddable":true,"href":"http:\/\/vertienteglobal.com\/index.php?rest_route=%2Fwp%2Fv2%2Ftags&post=221118"}],"curies":[{"name":"wp","href":"https:\/\/api.w.org\/{rel}","templated":true}]}}